{"id":666259,"date":"2026-09-04T05:46:16","date_gmt":"2026-09-04T05:46:16","guid":{"rendered":"https:\/\/www.europesays.com\/pl\/666259\/"},"modified":"2026-09-04T05:46:16","modified_gmt":"2026-09-04T05:46:16","slug":"poborowi-nie-moga-wyjechac-z-rosji-putin-szykuje-mobilizacje","status":"publish","type":"post","link":"https:\/\/www.europesays.com\/pl\/666259\/","title":{"rendered":"Poborowi nie mog\u0105 wyjecha\u0107 z Rosji. Putin szykuje mobilizacj\u0119?"},"content":{"rendered":"<p>W Rosji narasta niepok\u00f3j. M\u0119\u017cczy\u017ani w wieku poborowym maj\u0105 by\u0107 dok\u0142adniej sprawdzani przed wyjazdem z kraju, a niekt\u00f3rym kontrole mog\u0105 uniemo\u017cliwi\u0107 podr\u00f3\u017c &#8211; pisze &#8222;The Moscow Times&#8221;. Wszystko dzieje si\u0119 w czasie, gdy pojawiaj\u0105 si\u0119 kolejne doniesienia o mo\u017cliwej nowej fali mobilizacji.<\/p>\n<p>    <img decoding=\"async\" src=\"https:\/\/www.europesays.com\/pl\/wp-content\/uploads\/2026\/09\/ZmFjOGU1dQwnCDl0ekp4GWRQbS48E3ZPM0h1ZXoAaF12EnlwYB48BCoPPSIlXnQKNB8_JiJBdB0qRS43PB4sXGkOJjQlXTsUaQ8i.jpeg\" width=\"1200\" height=\"675\" loading=\"eager\" fetchpriority=\"high\" class=\"wp-media-image\" alt=\".\"\/>Poborowi nie mog\u0105 wyjecha\u0107 z Rosji. Putin szykuje mobilizacje?<\/p>\n<p>\u0179r\u00f3d\u0142o zdj\u0119\u0107: \u00a9 PAP<\/p>\n<p>  <img loading=\"lazy\" decoding=\"async\" src=\"https:\/\/www.europesays.com\/pl\/wp-content\/uploads\/2026\/09\/Y2E0ODcxdlMkUjl3TAN7RmcKbS0KWnUQMBJ1ZkxMaUpxAGAiChQ8QCBAIGoECixCJEc_ahMUdlM1WWAyUlc9WzZAIyUaVzxfJ1Ur.jpeg\"  alt=\"Jakub Artych\" height=\"40\" width=\"40\" class=\"rounded-full select-none text-[--color-gray-700] bg-[--bg-content] wp-author-avatar\"\/>4 komentarze  Udost\u0119pnij na Facebooku    Udost\u0119pnij na X   Udost\u0119pnij na WhatsApp   Kopiuj link <\/p>\n","protected":false},"excerpt":{"rendered":"W Rosji narasta niepok\u00f3j. M\u0119\u017cczy\u017ani w wieku poborowym maj\u0105 by\u0107 dok\u0142adniej sprawdzani przed wyjazdem z kraju, a niekt\u00f3rym&hellip;\n","protected":false},"author":2,"featured_media":666260,"comment_status":"","ping_status":"","sticky":false,"template":"","format":"standard","meta":{"footnotes":"","_share_on_mastodon":"0"},"categories":[14],"tags":[32,33,27,34,35,28,31,25,40,41,80,29,30,26,82,83,84],"class_list":["post-666259","post","type-post","status-publish","format-standard","has-post-thumbnail","category-swiat","tag-breaking-news","tag-breakingnews","tag-headlines","tag-latest-news","tag-latestnews","tag-naglowki","tag-najwazniejsze-artykuly","tag-news","tag-polish","tag-polski","tag-swiat","tag-top-stories","tag-topstories","tag-wiadomosci","tag-world","tag-world-news","tag-worldnews"],"share_on_mastodon":{"url":"https:\/\/pubeurope.com\/@pl\/117211195066228168","error":""},"_links":{"self":[{"href":"https:\/\/www.europesays.com\/pl\/wp-json\/wp\/v2\/posts\/666259","targetHints":{"allow":["GET"]}}],"collection":[{"href":"https:\/\/www.europesays.com\/pl\/wp-json\/wp\/v2\/posts"}],"about":[{"href":"https:\/\/www.europesays.com\/pl\/wp-json\/wp\/v2\/types\/post"}],"author":[{"embeddable":true,"href":"https:\/\/www.europesays.com\/pl\/wp-json\/wp\/v2\/users\/2"}],"replies":[{"embeddable":true,"href":"https:\/\/www.europesays.com\/pl\/wp-json\/wp\/v2\/comments?post=666259"}],"version-history":[{"count":0,"href":"https:\/\/www.europesays.com\/pl\/wp-json\/wp\/v2\/posts\/666259\/revisions"}],"wp:featuredmedia":[{"embeddable":true,"href":"https:\/\/www.europesays.com\/pl\/wp-json\/wp\/v2\/media\/666260"}],"wp:attachment":[{"href":"https:\/\/www.europesays.com\/pl\/wp-json\/wp\/v2\/media?parent=666259"}],"wp:term":[{"taxonomy":"category","embeddable":true,"href":"https:\/\/www.europesays.com\/pl\/wp-json\/wp\/v2\/categories?post=666259"},{"taxonomy":"post_tag","embeddable":true,"href":"https:\/\/www.europesays.com\/pl\/wp-json\/wp\/v2\/tags?post=666259"}],"curies":[{"name":"wp","href":"https:\/\/api.w.org\/{rel}","templated":true}]}}