{"id":666261,"date":"2026-09-04T05:47:18","date_gmt":"2026-09-04T05:47:18","guid":{"rendered":"https:\/\/www.europesays.com\/pl\/666261\/"},"modified":"2026-09-04T05:47:18","modified_gmt":"2026-09-04T05:47:18","slug":"wynagrodzenie-w-budzetowce-rzad-zaciaga-hamulec","status":"publish","type":"post","link":"https:\/\/www.europesays.com\/pl\/666261\/","title":{"rendered":"Wynagrodzenie w bud\u017cet\u00f3wce. Rz\u0105d zaci\u0105ga hamulec"},"content":{"rendered":"<p>W projekcie bud\u017cetu na 2027 r. rz\u0105d zaplanowa\u0142 96,4 mld z\u0142 na wynagrodzenia w pa\u0144stwowych jednostkach bud\u017cetowych, co oznacza wzrost o 5,1 proc. rok do roku. Jednak tempo tego wzrostu hamuje. W ci\u0105gu dekady rachunek za wynagrodzenia niemal si\u0119 potroi\u0142. Teraz przyszed\u0142 czas oszcz\u0119dno\u015bci i mniejsze podwy\u017cki &#8211; informuje &#8222;Rzeczpospolita&#8221;.<\/p>\n<p>    <img decoding=\"async\" src=\"https:\/\/www.europesays.com\/pl\/wp-content\/uploads\/2026\/09\/MDZiYmYxYiU7Cy9edgNvMHhTewQwWmFmL0tjT3ZJf3RqEW9abFcrLTYMKwgpF2MjKBwpDC4IYzQ2RjgdMFc7dXUNMB4pFCw9dQw0.jpeg\" width=\"1200\" height=\"675\" loading=\"eager\" fetchpriority=\"high\" class=\"wp-media-image\" alt=\"Donald Tusk, Andrzej Doma\u0144ski&#10;Warszawa, 13.03.2026. Premier Donald Tusk (P) oraz minister finans\u00f3w i gospodarki Andrzej Doma\u0144ski (L) na nadzwyczajnym posiedzeniu rz\u0105du w siedzibie KPRM w Warszawie, 13 bm. Posiedzenie zapowiedzia\u0142 w czwartek szef polskiego rz\u0105du po tym, jak prezydent Karol Nawrocki poinformowa\u0142, \u017ce nie podpisze ustawy wdra\u017caj\u0105cej unijny program SAFE. (amb) PAP\/Pawe\u0142 Supernak&#10;Pawe\u0142 Supernak&#10;kancelaria, kancelaria prezesa rady mnistr\u00f3w, KPRM, obrady, ograniczenia, polityk, polityk polityka, polityka, polityka zagraniczna, posiedzenie, program SAFE, rada ministr\u00f3w, rady ministr\u00f3w, rz\u0105d, rz\u0105d Tuska, rz\u0105du, prezydenckie weto\"\/>Od lewej: minister finans\u00f3w Andrzej Doma\u0144ski i premier Donald Tusk<\/p>\n<p>\u0179r\u00f3d\u0142o zdj\u0119\u0107: \u00a9 pap | Pawe\u0142 Supernak<\/p>\n<p>  <img loading=\"lazy\" decoding=\"async\" src=\"https:\/\/www.europesays.com\/pl\/wp-content\/uploads\/2026\/09\/ZDQ2ZmQ5dSUwUCxefk54MHMIeAQ4F3ZmJBBgT34BajxlAnULOFk_NjRCNUM2Ry80MEUqQyFZdSUhW3UbYBo-LSJCNgwoGj8pM1c-.jpeg\"  alt=\"Jacek Losik\" height=\"40\" width=\"40\" class=\"rounded-full select-none text-[--color-gray-700] bg-[--bg-content] wp-author-avatar\"\/>21 komentarzy S\u0142uchaj  Udost\u0119pnij na Facebooku    Udost\u0119pnij na X   Udost\u0119pnij na WhatsApp   Kopiuj link <\/p>\n<p>D\u017awi\u0119k zosta\u0142 wygenerowany automatycznie i mo\u017ce zawiera\u0107 b\u0142\u0119dy<\/p>\n","protected":false},"excerpt":{"rendered":"W projekcie bud\u017cetu na 2027 r. rz\u0105d zaplanowa\u0142 96,4 mld z\u0142 na wynagrodzenia w pa\u0144stwowych jednostkach bud\u017cetowych, co&hellip;\n","protected":false},"author":2,"featured_media":666262,"comment_status":"","ping_status":"","sticky":false,"template":"","format":"standard","meta":{"footnotes":"","_share_on_mastodon":"0"},"categories":[12],"tags":[32,33,36,37,27,34,35,28,31,25,42,38,40,39,41,29,30,26],"class_list":["post-666261","post","type-post","status-publish","format-standard","has-post-thumbnail","category-polska","tag-breaking-news","tag-breakingnews","tag-featured-news","tag-featurednews","tag-headlines","tag-latest-news","tag-latestnews","tag-naglowki","tag-najwazniejsze-artykuly","tag-news","tag-pl","tag-poland","tag-polish","tag-polska","tag-polski","tag-top-stories","tag-topstories","tag-wiadomosci"],"share_on_mastodon":{"url":"https:\/\/pubeurope.com\/@pl\/117211198216395634","error":""},"_links":{"self":[{"href":"https:\/\/www.europesays.com\/pl\/wp-json\/wp\/v2\/posts\/666261","targetHints":{"allow":["GET"]}}],"collection":[{"href":"https:\/\/www.europesays.com\/pl\/wp-json\/wp\/v2\/posts"}],"about":[{"href":"https:\/\/www.europesays.com\/pl\/wp-json\/wp\/v2\/types\/post"}],"author":[{"embeddable":true,"href":"https:\/\/www.europesays.com\/pl\/wp-json\/wp\/v2\/users\/2"}],"replies":[{"embeddable":true,"href":"https:\/\/www.europesays.com\/pl\/wp-json\/wp\/v2\/comments?post=666261"}],"version-history":[{"count":0,"href":"https:\/\/www.europesays.com\/pl\/wp-json\/wp\/v2\/posts\/666261\/revisions"}],"wp:featuredmedia":[{"embeddable":true,"href":"https:\/\/www.europesays.com\/pl\/wp-json\/wp\/v2\/media\/666262"}],"wp:attachment":[{"href":"https:\/\/www.europesays.com\/pl\/wp-json\/wp\/v2\/media?parent=666261"}],"wp:term":[{"taxonomy":"category","embeddable":true,"href":"https:\/\/www.europesays.com\/pl\/wp-json\/wp\/v2\/categories?post=666261"},{"taxonomy":"post_tag","embeddable":true,"href":"https:\/\/www.europesays.com\/pl\/wp-json\/wp\/v2\/tags?post=666261"}],"curies":[{"name":"wp","href":"https:\/\/api.w.org\/{rel}","templated":true}]}}