{"id":666269,"date":"2026-09-04T05:53:11","date_gmt":"2026-09-04T05:53:11","guid":{"rendered":"https:\/\/www.europesays.com\/pl\/666269\/"},"modified":"2026-09-04T05:53:11","modified_gmt":"2026-09-04T05:53:11","slug":"zaglebie-lubin-swietuje-80-lecie-spotkanie-z-legendami-klubu","status":"publish","type":"post","link":"https:\/\/www.europesays.com\/pl\/666269\/","title":{"rendered":"Zag\u0142\u0119bie Lubin \u015bwi\u0119tuje 80-lecie! Spotkanie z legendami klubu"},"content":{"rendered":"<p>Wydarzenie jest wsp\u00f3lnym przedsi\u0119wzi\u0119ciem KGHM oraz Zag\u0142\u0119bia Lubin. Od 12. na terenach zielonych w pobli\u017cu KGHM Zag\u0142\u0119bie Areny na odwiedzaj\u0105cych b\u0119dzie czeka\u0107 moc atrakcji. Nie zabraknie konkurs\u00f3w z nagrodami, strefy gastronomicznej oraz animacji dla dzieci. W trakcie wydarzenia obecne b\u0119dzie stoisko Zag\u0142\u0119bia Lubin, gdzie kibice b\u0119d\u0105 mogli si\u0119 spotka\u0107 z legendami miedziowego klubu, zrobi\u0107 z nimi wsp\u00f3lne zdj\u0119cia oraz powspomina\u0107 historie z boiska i nie tylko. Wst\u0119p na piknik jest bezp\u0142atny.<\/p>\n<p>Kulminacyjnym punktem tego dnia b\u0119dzie mecz jubileuszowy KGHM Zag\u0142\u0119bia Lubin z GKS-em Katowice. Spotkanie rozpocznie si\u0119 o godzinie 20.15.<\/p>\n<p>            <a name=\"gallery\">\u00a0<\/a><\/p>\n<p>                        <img decoding=\"async\" alt=\"Udost\u0119pnij na FB\" src=\"https:\/\/www.europesays.com\/pl\/wp-content\/uploads\/2026\/09\/1788501191_476_social-circle-fb.png\" class=\"lazyload\" style=\"--smush-placeholder-width: 50px; --smush-placeholder-aspect-ratio: 50\/50;\"\/><br \/>\n                        Udost\u0119pnij na FB<\/p>\n","protected":false},"excerpt":{"rendered":"Wydarzenie jest wsp\u00f3lnym przedsi\u0119wzi\u0119ciem KGHM oraz Zag\u0142\u0119bia Lubin. Od 12. na terenach zielonych w pobli\u017cu KGHM Zag\u0142\u0119bie Areny&hellip;\n","protected":false},"author":2,"featured_media":666270,"comment_status":"","ping_status":"","sticky":false,"template":"","format":"standard","meta":{"footnotes":"","_share_on_mastodon":"0"},"categories":[52220],"tags":[3953,52221,42,38,40,39,41],"class_list":["post-666269","post","type-post","status-publish","format-standard","has-post-thumbnail","category-kghm","tag-kghm","tag-kghm-polska-miedz","tag-pl","tag-poland","tag-polish","tag-polska","tag-polski"],"share_on_mastodon":{"url":"https:\/\/pubeurope.com\/@pl\/117211222781887255","error":""},"_links":{"self":[{"href":"https:\/\/www.europesays.com\/pl\/wp-json\/wp\/v2\/posts\/666269","targetHints":{"allow":["GET"]}}],"collection":[{"href":"https:\/\/www.europesays.com\/pl\/wp-json\/wp\/v2\/posts"}],"about":[{"href":"https:\/\/www.europesays.com\/pl\/wp-json\/wp\/v2\/types\/post"}],"author":[{"embeddable":true,"href":"https:\/\/www.europesays.com\/pl\/wp-json\/wp\/v2\/users\/2"}],"replies":[{"embeddable":true,"href":"https:\/\/www.europesays.com\/pl\/wp-json\/wp\/v2\/comments?post=666269"}],"version-history":[{"count":0,"href":"https:\/\/www.europesays.com\/pl\/wp-json\/wp\/v2\/posts\/666269\/revisions"}],"wp:featuredmedia":[{"embeddable":true,"href":"https:\/\/www.europesays.com\/pl\/wp-json\/wp\/v2\/media\/666270"}],"wp:attachment":[{"href":"https:\/\/www.europesays.com\/pl\/wp-json\/wp\/v2\/media?parent=666269"}],"wp:term":[{"taxonomy":"category","embeddable":true,"href":"https:\/\/www.europesays.com\/pl\/wp-json\/wp\/v2\/categories?post=666269"},{"taxonomy":"post_tag","embeddable":true,"href":"https:\/\/www.europesays.com\/pl\/wp-json\/wp\/v2\/tags?post=666269"}],"curies":[{"name":"wp","href":"https:\/\/api.w.org\/{rel}","templated":true}]}}