{"id":666271,"date":"2026-09-04T05:54:24","date_gmt":"2026-09-04T05:54:24","guid":{"rendered":"https:\/\/www.europesays.com\/pl\/666271\/"},"modified":"2026-09-04T05:54:24","modified_gmt":"2026-09-04T05:54:24","slug":"wojna-na-gorze-w-cracovii-tlumaczymy-o-co-toczy-sie-gra","status":"publish","type":"post","link":"https:\/\/www.europesays.com\/pl\/666271\/","title":{"rendered":"Wojna na g\u00f3rze w Cracovii. T\u0142umaczymy, o co toczy si\u0119 gra"},"content":{"rendered":"<p>W poniedzia\u0142kowym (31 sierpnia) programie &#8222;Ekstraklasa po godzinach&#8221; El\u017cbieta Filipiak og\u0142osi\u0142a, \u017ce zwr\u00f3ci\u0142a si\u0119 o ustanowienie kuratora dla KS Cracovia SA. W wywiadzie dla stacji Canal+ Sport przekonywa\u0142a, \u017ce &#8222;sp\u00f3\u0142ka na dzie\u0144 dzisiejszy nie posiada organ\u00f3w \u2014 nie ma Zarz\u0105du ani Rady Nadzorczej&#8221;, a Murat Colak jest prezesem &#8222;samozwa\u0144czym&#8221;.<\/p>\n<p>Zapytali\u015bmy Murata Colaka, jak zareagowa\u0142 na te s\u0142owa on sam oraz wi\u0119kszo\u015bciowy akcjonariusz Robert Platek.<\/p>\n<p>\u2014 Ja si\u0119 nie chc\u0119 z nikim k\u0142\u00f3ci\u0107, ale maj\u0105c na wzgl\u0119dzie mark\u0119 i dobro Cracovii jako prezes nie mog\u0119 tych s\u0142\u00f3w pozostawi\u0107 bez odpowiedzi. Z Robertem Platkiem rozmawiam codziennie, wi\u0119c oczywi\u015bcie omawiali\u015bmy i t\u0119 spraw\u0119. Pan Robert jest cz\u0142owiekiem z klas\u0105. Powiedzia\u0142, \u017ce decyzja co do sposobu, w jaki powinni\u015bmy zareagowa\u0107, le\u017cy w mojej gestii. Informacje przekazane w wywiadzie s\u0105 nieprawdziwe, w zwi\u0105zku z tym po konsultacjach z prawnikami opublikowali\u015bmy na stronie klubowej o\u015bwiadczenie, w kt\u00f3rym odnosimy si\u0119 do zarzut\u00f3w \u2014 powiedzia\u0142 &#8222;Przegl\u0105dowi Sportowemu&#8221; urz\u0119duj\u0105cy prezes Pas\u00f3w.<\/p>\n<p>Dalszy ci\u0105g artyku\u0142u pod materia\u0142em wideoSp\u00f3r o Rad\u0119 Nadzorcz\u0105 Cracovii<\/p>\n<p>Po emisji programu zwr\u00f3cili\u015bmy si\u0119 tak\u017ce do Filipiak z pro\u015bb\u0105 o wyja\u015bnienie, na jakiej podstawie formu\u0142uje zarzuty, skoro w tym roku sama zg\u0142asza\u0142a kandydat\u00f3w do Rady Nadzorczej i a\u017c do teraz nie kwestionowa\u0142a legalno\u015bci funkcjonowania tego organu.<\/p>\n<p>\u2014 W marcu tego roku odby\u0142o si\u0119 Nadzwyczajne Walne Zgromadzenie Akcjonariuszy, kt\u00f3rego celem by\u0142a zmiana sk\u0142adu funkcjonuj\u0105cej w\u00f3wczas Rady Nadzorczej. Zg\u0142osi\u0142am wtedy dw\u00f3ch swoich kandydat\u00f3w, jednak akcjonariusz wi\u0119kszo\u015bciowy nie popar\u0142 ich wyboru. Rada Nadzorcza dzia\u0142a\u0142a wtedy zgodnie ze statutem, nie kwestionowa\u0142am wi\u0119c jej wa\u017cno\u015bci ani podejmowanych przez ni\u0105 decyzji \u2014 przyznaje El\u017cbieta Filipiak.<\/p>\n<p>\u2014 Sytuacja zmieni\u0142a si\u0119 po lipcowym Zwyczajnym Walnym Zgromadzeniu, kt\u00f3re zgodnie z prawem powinno by\u0142o odby\u0107 si\u0119 do ko\u0144ca czerwca. Poniewa\u017c w porz\u0105dku obrad przewidziane by\u0142y zmiany w sk\u0142adzie Rady Nadzorczej, ponownie zg\u0142osi\u0142am swoich kandydat\u00f3w. Akcjonariusz wi\u0119kszo\u015bciowy kolejny raz nie uwzgl\u0119dni\u0142 tych kandydatur. Niedawno zosta\u0142am poinformowana przez prawnika, \u017ce kadencja dotychczasowej Rady Nadzorczej up\u0142yn\u0119\u0142a wraz z odbyciem Zwyczajnego Walnego Zgromadzenia zatwierdzaj\u0105cego sprawozdanie finansowe za 2025 r. Zgodnie z otrzyman\u0105 opini\u0105 prawn\u0105 oznacza to, \u017ce po wyga\u015bni\u0119ciu kadencji Rada Nadzorcza nie by\u0142a ju\u017c uprawniona do podejmowania uchwa\u0142 \u2014 dodaje.<\/p>\n<p><img class=\"ods-a-photo ods-a-photo--background\" src=\"https:\/\/www.europesays.com\/pl\/wp-content\/uploads\/2026\/09\/3ixk9lBaHR0cHM6Ly9vY2RuLmV1L3B1bHNjbXMvTURBXy81YzA3NzI4OWE3MGQ0OWI5YzRhYTk3MjU5NTE1ODhiNi5qcGeSlQMAA.jpeg\" height=\"627\" width=\"940\" alt=\"El\u017cbieta Filipiak posiada 20 proc. akcji Cracovii\" loading=\"lazy\" fetchpriority=\"auto\" decoding=\"auto\" url=\"https:\/\/ocdn.eu\/pulscms\/MDA_\/5c077289a70d49b9c4aa9725951588b6.jpg\" description=\"El\u017cbieta Filipiak posiada 20 proc. akcji Cracovii\" author=\"Fot. Konrad Swierad \/ Arena Akcji\/NEWSPIX.PL \/ newspix.pl\" source=\"\" link=\"\"\/><\/p>\n<p>Fot. Konrad Swierad \/ Arena Akcji\/NEWSPIX.PL \/ newspix.pl<\/p>\n<p>El\u017cbieta Filipiak posiada 20 proc. akcji Cracovii<\/p>\n<p>Prawnicy klubu z Ka\u0142u\u017cy maj\u0105 odmienne zdanie. T\u0142umaczy to w rozmowie z &#8222;Przegl\u0105dem Sportowym&#8221; Filip Cury\u0142o, przewodnicz\u0105cy Rady Nadzorczej KS Cracovia SA.<\/p>\n<p>\u2014 Pani prezes by\u0142a uprzejma wymieni\u0107 mnie w wywiadzie jako jedyn\u0105 osob\u0119, kt\u00f3ra w jej ocenie zosta\u0142a prawid\u0142owo powo\u0142ana, bo nast\u0105pi\u0142o to na Walnym Zgromadzeniu, kt\u00f3re odby\u0142o si\u0119 8 lipca. Moje stanowisko jest zbie\u017cne z o\u015bwiadczeniem opublikowanym przez klub. Jest ono poparte solidn\u0105 analiz\u0105 orzecznictwa s\u0105d\u00f3w rejestrowych i opiniami m\u0105drych g\u0142\u00f3w prawniczych. Uwa\u017camy, \u017ce spos\u00f3b powo\u0142ania Rady Nadzorczej nie r\u00f3\u017cni\u0142 si\u0119 zasadniczo od dzia\u0142a\u0144 poprzednich Walnych Zgromadze\u0144, kiedy g\u0142\u00f3wnym akcjonariuszem by\u0142 Comarch. Nie widzimy tu znacz\u0105cej zmiany praktyki \u2014 podkre\u015bla Filip Cury\u0142o.<\/p>\n<p>El\u017cbieta Filipiak: Cracovia ma kad\u0142ubkowy zarz\u0105d<\/p>\n<p>El\u017cbieta Filipiak jest jednak przekonana o s\u0142uszno\u015bci wyk\u0142adni prawnej jej doradc\u00f3w i postanowi\u0142a p\u00f3j\u015b\u0107 krok dalej.<\/p>\n<p>\u2014 Po sierpniowej rezygnacji Davida Amdurera z funkcji wiceprezesa nale\u017ca\u0142o prawid\u0142owo uzupe\u0142ni\u0107 sk\u0142ad zarz\u0105du. Murat Colak by\u0142 ju\u017c w\u00f3wczas jego cz\u0142onkiem i pe\u0142ni\u0142 funkcj\u0119 wiceprezesa. Uchwa\u0142a Rady Nadzorczej nie zmienia\u0142a wi\u0119c sk\u0142adu zarz\u0105du, lecz powierza\u0142a mu funkcj\u0119 prezesa. Zgodnie z posiadan\u0105 przeze mnie opini\u0105 prawn\u0105 nast\u0105pi\u0142o to jednak nieskutecznie, poniewa\u017c mandat Rady Nadzorczej ju\u017c wygas\u0142. W praktyce oznacza to, \u017ce zarz\u0105d jest kad\u0142ubkowy. Jednocze\u015bnie nie ma prawid\u0142owo umocowanej Rady Nadzorczej, kt\u00f3ra mog\u0142aby skutecznie uzupe\u0142ni\u0107 sk\u0142ad zarz\u0105du i prawid\u0142owo powierzy\u0107 funkcj\u0119 prezesa. W zaistnia\u0142ej sytuacji podj\u0119\u0142am stosowne kroki prawne \u2014 wezwa\u0142am sp\u00f3\u0142k\u0119 do zwo\u0142ania do ko\u0144ca sierpnia Nadzwyczajnego Walnego Zgromadzenia w celu powo\u0142ania Rady Nadzorczej. Poniewa\u017c m\u00f3j wniosek nie zosta\u0142 uwzgl\u0119dniony, wyst\u0105pi\u0142am do s\u0105du o ustanowienie kuratora \u2014 twierdzi El\u017cbieta Filipiak.<\/p>\n<p><img class=\"ods-a-photo ods-a-photo--background\" src=\"https:\/\/www.europesays.com\/pl\/wp-content\/uploads\/2026\/09\/uqzk9lBaHR0cHM6Ly9vY2RuLmV1L3B1bHNjbXMvTURBXy9hYjNkYzIzYzVjMzI2YmZlNmJiMzQ0YjgxNjNmYjQzMi5qcGeRkwXNB.jpeg\" height=\"627\" width=\"940\" alt=\"Robert Platek\" loading=\"lazy\" fetchpriority=\"auto\" decoding=\"auto\" url=\"https:\/\/ocdn.eu\/pulscms\/MDA_\/ab3dc23c5c326bfe6bb344b8163fb432.jpg\" description=\"Robert Platek\" author=\"Jeremi Karczmarski \/ newspix.pl\" source=\"\" link=\"\"\/><\/p>\n<p>Jeremi Karczmarski \/ newspix.pl<\/p>\n<p>Robert Platek<\/p>\n<p>Przewodnicz\u0105cy Rady Nadzorczej Cracovii widzi t\u0119 kwesti\u0119 inaczej.<\/p>\n<p>\u2014 Rozumiem zarzuty pani Filipiak w ten spos\u00f3b, \u017ce wprawdzie kwestionuje wyb\u00f3r Murata Colaka na prezesa, ale samego wybrania go do zarz\u0105du sp\u00f3\u0142ki zapewne nie, bo nast\u0105pi\u0142o to wcze\u015bniej [w styczniu tego roku]. W zwi\u0105zku z tym jest prawid\u0142owo umocowanym cz\u0142onkiem zarz\u0105du. Je\u015bli kto\u015b jest powo\u0142any do zarz\u0105du, to zgodnie z polskim prawem fakt, czy nosi tytu\u0142 prezesa czy nie, z punktu widzenia wagi jego g\u0142osu nie ma \u017cadnego znaczenia. To jest tytulatura i kwestia wewn\u0119trznej organizacji oraz zakresu obowi\u0105zk\u00f3w, kt\u00f3re s\u0105 zawarte w kontrakcie mened\u017cerskim. Natomiast warto doda\u0107, \u017ce w sierpniu s\u0105d uzna\u0142 uchwa\u0142\u0119 Rady Nadzorczej i na jej podstawie zarejestrowa\u0142 pana Colaka na stanowisku prezesa \u2014 wyja\u015bnia Filip Cury\u0142o.<\/p>\n<p>Co jednak z kwesti\u0105 dzia\u0142ania przez zarz\u0105d w jednoosobowym sk\u0142adzie?<\/p>\n<p>\u2014 Je\u015bli spojrze\u0107 w KRS, to ca\u0142y czas widnieje tam nazwisko Davida Amdurera, bo jeszcze nie zosta\u0142o ono wykre\u015blone. Z punktu widzenia s\u0105du sp\u00f3\u0142ka jest wi\u0119c prawid\u0142owo reprezentowana. Faktem jest, \u017ce nie b\u0119dzie on kontynuowa\u0142 pracy w Cracovii, dlatego b\u0119dziemy wybiera\u0107 jego nast\u0119pc\u0119. I dokonamy tego jeszcze w tym tygodniu \u2014 zapewnia Filip Cury\u0142o.<\/p>\n<p><img class=\"ods-a-photo ods-a-photo--background\" src=\"https:\/\/www.europesays.com\/pl\/wp-content\/uploads\/2026\/09\/mMEk9lBaHR0cHM6Ly9vY2RuLmV1L3B1bHNjbXMvTURBXy83YmFhMTFiZTgwNjk2YTBjOGZkOWU3NDVlNjNhNzdkYy5qcGeRkwXNB.jpeg\" height=\"627\" width=\"940\" alt=\"Robert Platek i El\u017cbieta Filipiak zaczynali od dobrych relacji\" loading=\"lazy\" fetchpriority=\"auto\" decoding=\"auto\" url=\"https:\/\/ocdn.eu\/pulscms\/MDA_\/7baa11be80696a0c8fd9e745e63a77dc.jpg\" description=\"Robert Platek i El\u017cbieta Filipiak zaczynali od dobrych relacji\" author=\"Jacek Stanis\u0142awek \/ newspix.pl\" source=\"\" link=\"\"\/><\/p>\n<p>Jacek Stanis\u0142awek \/ newspix.pl<\/p>\n<p>Robert Platek i El\u017cbieta Filipiak zaczynali od dobrych relacji<\/p>\n<p>Sam Murat Colak doszukuje si\u0119 w tej wywo\u0142anej w mediach dyskusji drugiego dna.<\/p>\n<p>\u2014 Mamy jeszcze kilka dni do zamkni\u0119cia okna transferowego i bardzo intensywnie pracujemy nad wzmocnieniem dru\u017cyny. \u017baden konflikt nie jest nam potrzebny. Prosz\u0119 zauwa\u017cy\u0107, \u017ce ilekro\u0107 w Cracovii dzieje si\u0119 co\u015b pozytywnego, na drugi dzie\u0144 nast\u0119puje atak. To nieakceptowalne! \u2014 m\u00f3wi.<\/p>\n<p>Filip Cury\u0142o: Nie ma obaw o p\u0142ynno\u015b\u0107 sp\u00f3\u0142ki Cracovii<\/p>\n<p>Na antenie Canal+ Sport El\u017cbieta Filipiak wyrazi\u0142a bowiem tak\u017ce inne obawy, w tym o aktualn\u0105 kondycj\u0119 Pas\u00f3w.<\/p>\n<p>\u2014 Klub jest obs\u0142ugiwany finansowo wed\u0142ug deklaracji, pieni\u0119dzy wystarczy do ko\u0144ca roku. Wszyscy zawodnicy, kt\u00f3rzy byli do sprzedania, poza Hasiciem, zostali sprzedani \u2014 powiedzia\u0142a.<\/p>\n<p>Faktem jest, \u017ce zarz\u0105d Cracovii podpisa\u0142 ostatnio kilka um\u00f3w, lecz nadal nie znalaz\u0142 sponsora na prz\u00f3d koszulki po tym, jak z ko\u0144cem czerwca wygas\u0142 kontrakt ze sp\u00f3\u0142k\u0105 Comarch.<\/p>\n<p>\u2014 Prosz\u0119 zrozumie\u0107, \u017ce ja jestem prezesem dopiero od po\u0142owy lipca. Taki sponsor jest dla klubu partnerem strategicznym, dlatego prowadzimy wiele rozm\u00f3w, a to wymaga czasu. S\u0105 r\u00f3\u017cne opcje, jednak nie akceptujemy ofert poni\u017cej warto\u015bci rynkowej, dlatego negocjacje musz\u0105 jeszcze potrwa\u0107 \u2014 t\u0142umaczy Murat Colak.<\/p>\n<p><img class=\"ods-a-photo ods-a-photo--background\" src=\"https:\/\/www.europesays.com\/pl\/wp-content\/uploads\/2026\/09\/8fXk9lBaHR0cHM6Ly9vY2RuLmV1L3B1bHNjbXMvTURBXy8xNjcwZGQwNDc5YjU3ZWVlN2Y1NmQ3YWYzNTQ5ZThjNC5qcGeRkwXNB.jpeg\" height=\"627\" width=\"940\" alt=\"Ajdin Hasi\u0107\" loading=\"lazy\" fetchpriority=\"auto\" decoding=\"auto\" url=\"https:\/\/ocdn.eu\/pulscms\/MDA_\/1670dd0479b57eee7f56d7af3549e8c4.jpg\" description=\"Ajdin Hasi\u0107\" author=\"Jakub Gruca \/ newspix.pl\" source=\"\" link=\"\"\/><\/p>\n<p>Jakub Gruca \/ newspix.pl<\/p>\n<p>Ajdin Hasi\u0107<\/p>\n<p>Z kolei Platek w swoim wywiadzie dla Canal+ Sport, kt\u00f3ry zosta\u0142 nagrany wiele dni temu, ale zostanie wyemitowany dopiero w pi\u0105tek, 4 wrze\u015bnia, przekonuje, \u017ce zapewnia klubowi finansowanie, a pieni\u0105dze z ostatniego transferu Oskara W\u00f3jcika do Werderu (4 mln euro) w ca\u0142o\u015bci zasil\u0105 konto Cracovii.<\/p>\n<p>\u2014 Jako Rada Nadzorcza mamy obowi\u0105zek monitorowa\u0107 funkcjonowanie sp\u00f3\u0142ki, tak\u017ce w zakresie przep\u0142yw\u00f3w finansowych. Gdyby by\u0142y obawy dotycz\u0105ce p\u0142ynno\u015bci, to by\u015bmy o tym wiedzieli, a na razie nie widz\u0119 takich zagro\u017ce\u0144. Sp\u00f3\u0142ka nie funkcjonuje w pr\u00f3\u017cni. Ekstraklasa to specyficzny rynek uregulowany przez przepisy licencyjne, a klubowi udzielono licencji bez problem\u00f3w. To najlepszy dow\u00f3d. To, jak b\u0119dzie wygl\u0105da\u0107 przysz\u0142o\u015b\u0107, b\u0119dzie podobnie jak w innych klubach zale\u017ce\u0107 od wielu r\u00f3\u017cnych czynnik\u00f3w, takich jak wp\u0142ywy od sponsor\u00f3w czy terminowo\u015b\u0107 przelew\u00f3w od kontrahent\u00f3w, kt\u00f3rym sprzedali\u015bmy pi\u0142karzy \u2014 zauwa\u017ca Filip Cury\u0142o.<\/p>\n<p>El\u017cbieta Filipiak: by\u0142am kupuj\u0105c\u0105, a nie sprzedaj\u0105c\u0105 Cracovi\u0119<\/p>\n<p>Mimo takich zapewnie\u0144, El\u017cbiecie Filipiak wci\u0105\u017c zarzuca si\u0119 oddanie klubu w r\u0119ce biznesmena, kt\u00f3ry nie zosta\u0142 rzetelnie prze\u015bwietlony w procesie sprzeda\u017cy i nie gwarantuje rozwoju pi\u0142karskiej sp\u00f3\u0142ki. Dobitnie wyra\u017caj\u0105 to kibice, w trakcie mecz\u00f3w wzywaj\u0105c mniejszo\u015bciow\u0105 akcjonariuszk\u0119 do zabrania g\u0142osu.<\/p>\n<p>\u2014 Po zmianie struktury w\u0142a\u015bcicielskiej Comarchu i przej\u0119ciu kontroli nad sp\u00f3\u0142k\u0105 przez CVC nie mia\u0142am ju\u017c decyduj\u0105cego g\u0142osu w sprawie przysz\u0142o\u015bci Cracovii \u2014 wyja\u015bnia El\u017cbieta Filipiak. \u2014 Nowy w\u0142a\u015bciciel Comarchu uzna\u0142, \u017ce posiadanie klubu sportowego nie odpowiada strategii sp\u00f3\u0142ki informatycznej i rozpocz\u0105\u0142 proces poszukiwania inwestora dla Cracovii. Proces weryfikacji potencjalnego inwestora prowadzi\u0142 sprzedaj\u0105cy, przy udziale profesjonalnych doradc\u00f3w. Robert Platek wydawa\u0142 si\u0119 w\u00f3wczas inwestorem wiarygodnym. Mia\u0142 do\u015bwiadczenie w europejskim futbolu i przedstawi\u0142 ofert\u0119 zakupu 80 proc. akcji klubu. Poniewa\u017c Robert Platek z\u0142o\u017cy\u0142 ofert\u0119 na pakiet wi\u0119kszo\u015bciowy, mnie zaproponowano zakup pozosta\u0142ych akcji. Z tej mo\u017cliwo\u015bci skorzysta\u0142am. W tej transakcji by\u0142am wi\u0119c kupuj\u0105c\u0105, a nie sprzedaj\u0105c\u0105 Cracovi\u0119 Robertowi Platkowi. Nie mia\u0142am decyduj\u0105cego wp\u0142ywu na wyb\u00f3r nabywcy wi\u0119kszo\u015bciowego pakietu \u2014 dodaje.<\/p>\n<p>W programie &#8222;Ekstraklasa po godzinach&#8221; El\u017cbieta Filipiak po raz pierwszy publicznie zadeklarowa\u0142a ch\u0119\u0107 odkupienia akcji od Roberta Platka. Biznesmen z Nowego Jorku powtarza jednak, \u017ce nie zamierza si\u0119 ich pozbywa\u0107.<\/p>\n<p>Przynajmniej na razie, bo warto zauwa\u017cy\u0107, \u017ce jego poprzednie inwestycje w europejskie kluby ko\u0144czy\u0142y si\u0119 bardzo szybko. Ostatni\u0105 transakcj\u0119 og\u0142oszono 17 lipca, gdy Krause Group z Iowa, do kt\u00f3rej nale\u017c\u0105 Parma Calcio i Des Moines Menace Soccer, odkupi\u0142a portugalski klub Casa Pia, nabyty przez Amerykanina przed sze\u015bciu laty. Jeszcze kr\u00f3cej zarz\u0105dza\u0142 on w\u0142osk\u0105 Spezi\u0105 i du\u0144skim S\u00f8nderjyske.<\/p>\n","protected":false},"excerpt":{"rendered":"W poniedzia\u0142kowym (31 sierpnia) programie &#8222;Ekstraklasa po godzinach&#8221; El\u017cbieta Filipiak og\u0142osi\u0142a, \u017ce zwr\u00f3ci\u0142a si\u0119 o ustanowienie kuratora dla&hellip;\n","protected":false},"author":2,"featured_media":666272,"comment_status":"","ping_status":"","sticky":false,"template":"","format":"standard","meta":{"footnotes":"","_share_on_mastodon":"0"},"categories":[52122],"tags":[56,61195,2398,3106,274,46458,1304,48,46,948,6010,752,42,38,40,39,41,123594,47],"class_list":["post-666271","post","type-post","status-publish","format-standard","has-post-thumbnail","category-pko-bank-polski","tag-article_premium","tag-bottomfeed_styl","tag-cracovia","tag-dzis_pisza_dla_was","tag-ekstraklasa","tag-elzbieta_filipiak","tag-krakow","tag-nat_styl","tag-omp","tag-pilka_nozna","tag-pko-bank-polski","tag-pko-bp","tag-pl","tag-poland","tag-polish","tag-polska","tag-polski","tag-robert_platek","tag-screening_general"],"share_on_mastodon":{"url":"https:\/\/pubeurope.com\/@pl\/117211226556057979","error":""},"_links":{"self":[{"href":"https:\/\/www.europesays.com\/pl\/wp-json\/wp\/v2\/posts\/666271","targetHints":{"allow":["GET"]}}],"collection":[{"href":"https:\/\/www.europesays.com\/pl\/wp-json\/wp\/v2\/posts"}],"about":[{"href":"https:\/\/www.europesays.com\/pl\/wp-json\/wp\/v2\/types\/post"}],"author":[{"embeddable":true,"href":"https:\/\/www.europesays.com\/pl\/wp-json\/wp\/v2\/users\/2"}],"replies":[{"embeddable":true,"href":"https:\/\/www.europesays.com\/pl\/wp-json\/wp\/v2\/comments?post=666271"}],"version-history":[{"count":0,"href":"https:\/\/www.europesays.com\/pl\/wp-json\/wp\/v2\/posts\/666271\/revisions"}],"wp:featuredmedia":[{"embeddable":true,"href":"https:\/\/www.europesays.com\/pl\/wp-json\/wp\/v2\/media\/666272"}],"wp:attachment":[{"href":"https:\/\/www.europesays.com\/pl\/wp-json\/wp\/v2\/media?parent=666271"}],"wp:term":[{"taxonomy":"category","embeddable":true,"href":"https:\/\/www.europesays.com\/pl\/wp-json\/wp\/v2\/categories?post=666271"},{"taxonomy":"post_tag","embeddable":true,"href":"https:\/\/www.europesays.com\/pl\/wp-json\/wp\/v2\/tags?post=666271"}],"curies":[{"name":"wp","href":"https:\/\/api.w.org\/{rel}","templated":true}]}}