{"id":666277,"date":"2026-09-04T05:59:01","date_gmt":"2026-09-04T05:59:01","guid":{"rendered":"https:\/\/www.europesays.com\/pl\/666277\/"},"modified":"2026-09-04T05:59:01","modified_gmt":"2026-09-04T05:59:01","slug":"jakie-sa-najnowsze-dane-dotyczace-powietrza-w-bydgoszczy-zobacz-odczyty-z-4-09-2026","status":"publish","type":"post","link":"https:\/\/www.europesays.com\/pl\/666277\/","title":{"rendered":"Jakie s\u0105 najnowsze dane dotycz\u0105ce powietrza w Bydgoszczy? Zobacz odczyty z 4.09.2026"},"content":{"rendered":"<p><img decoding=\"async\" loading=\"eager\" fetchpriority=\"high\" class=\"atomsArticleGalleryImage__mainImg\" src=\"https:\/\/www.europesays.com\/pl\/wp-content\/uploads\/2026\/09\/1788501541_803_il20251203_951545501_medium.jpg\" alt=\"Przed wyj&#x15B;ciem z domu upewnij si&#x119;, jaka jest jako&#x15B;&#x107; powietrza w Bydgoszczy\" width=\"1600\" height=\"1022\"\/><\/p>\n<p>\n        Przed wyj\u015bciem z domu upewnij si\u0119, jaka jest jako\u015b\u0107 powietrza w Bydgoszczy<\/p>\n<p>          fot. Janusz W\u00f3jtowicz\n        <\/p>\n<p>Czy 4.09.2026 w Bydgoszczy jest smog? Ile PM10 i PM2.5 jest teraz w powietrzu?Upewnij si\u0119, czy w w pi\u0105tek przebywanie na zewn\u0105trz jest bezpieczne dla zdrowia. Dzi\u0119ki podawanym przez nas informacjom, sprawdzisz r\u00f3wnie\u017c stan powietrza w Bydgoszczy w poprzednich dniach. B\u00f3l g\u0142owy to cz\u0119sty objaw zbyt d\u0142ugiego wdychania zanieczyszczonego powietrza.<\/p>\n","protected":false},"excerpt":{"rendered":"Przed wyj\u015bciem z domu upewnij si\u0119, jaka jest jako\u015b\u0107 powietrza w Bydgoszczy fot. Janusz W\u00f3jtowicz Czy 4.09.2026 w&hellip;\n","protected":false},"author":2,"featured_media":666278,"comment_status":"","ping_status":"","sticky":false,"template":"","format":"standard","meta":{"footnotes":"","_share_on_mastodon":"0"},"categories":[51613],"tags":[7132,42,78,38,40,39,41,101840,43824],"class_list":["post-666277","post","type-post","status-publish","format-standard","has-post-thumbnail","category-bydgoszcz","tag-bydgoszcz","tag-pl","tag-pogoda","tag-poland","tag-polish","tag-polska","tag-polski","tag-smog-bydgoszcz","tag-zanieczyszczenie-powietrza"],"share_on_mastodon":{"url":"https:\/\/pubeurope.com\/@pl\/117211246132335554","error":""},"_links":{"self":[{"href":"https:\/\/www.europesays.com\/pl\/wp-json\/wp\/v2\/posts\/666277","targetHints":{"allow":["GET"]}}],"collection":[{"href":"https:\/\/www.europesays.com\/pl\/wp-json\/wp\/v2\/posts"}],"about":[{"href":"https:\/\/www.europesays.com\/pl\/wp-json\/wp\/v2\/types\/post"}],"author":[{"embeddable":true,"href":"https:\/\/www.europesays.com\/pl\/wp-json\/wp\/v2\/users\/2"}],"replies":[{"embeddable":true,"href":"https:\/\/www.europesays.com\/pl\/wp-json\/wp\/v2\/comments?post=666277"}],"version-history":[{"count":0,"href":"https:\/\/www.europesays.com\/pl\/wp-json\/wp\/v2\/posts\/666277\/revisions"}],"wp:featuredmedia":[{"embeddable":true,"href":"https:\/\/www.europesays.com\/pl\/wp-json\/wp\/v2\/media\/666278"}],"wp:attachment":[{"href":"https:\/\/www.europesays.com\/pl\/wp-json\/wp\/v2\/media?parent=666277"}],"wp:term":[{"taxonomy":"category","embeddable":true,"href":"https:\/\/www.europesays.com\/pl\/wp-json\/wp\/v2\/categories?post=666277"},{"taxonomy":"post_tag","embeddable":true,"href":"https:\/\/www.europesays.com\/pl\/wp-json\/wp\/v2\/tags?post=666277"}],"curies":[{"name":"wp","href":"https:\/\/api.w.org\/{rel}","templated":true}]}}