{"id":666279,"date":"2026-09-04T06:00:44","date_gmt":"2026-09-04T06:00:44","guid":{"rendered":"https:\/\/www.europesays.com\/pl\/666279\/"},"modified":"2026-09-04T06:00:44","modified_gmt":"2026-09-04T06:00:44","slug":"ponad-536-tys-zl-na-projekty-rozbudowy-dw-848-i-dw-874-podpisano-umowy-lublin112-wiadomosci-z-lublina-i-regionu-wazne-informacje-z-kraju","status":"publish","type":"post","link":"https:\/\/www.europesays.com\/pl\/666279\/","title":{"rendered":"Ponad 536 tys. z\u0142 na projekty rozbudowy DW 848 i DW 874. Podpisano umowy : Lublin112 \u2013 Wiadomo\u015bci z Lublina i regionu. Wa\u017cne informacje z kraju"},"content":{"rendered":"<p>                                    Zmiany na skrzy\u017cowaniu w Garbowie<\/p>\n<p>Dokumentacja dotycz\u0105ca drogi wojew\u00f3dzkiej nr 874 obejmie rozbudow\u0119 skrzy\u017cowania z drogami powiatowymi nr 1548L i 2206L w Garbowie, w powiecie lubelskim. Warto\u015b\u0107 tego zadania wynosi 298 130 z\u0142.<\/p>\n<p>\u2014 W imieniu marsza\u0142ka Jaros\u0142awa Stawiarskiego podpisali\u015bmy umow\u0119 na wykonanie dokumentacji projektowej rozbudowy skrzy\u017cowania w ci\u0105gu drogi wojew\u00f3dzkiej nr 874 w Garbowie. To miejsce, w kt\u00f3rym krzy\u017cuje si\u0119 obecnie a\u017c pi\u0119\u0107 dr\u00f3g: wojew\u00f3dzka, trzy powiatowe oraz droga gminna. Mieszka\u0144cy i lokalni samorz\u0105dowcy od d\u0142u\u017cszego czasu zwracali uwag\u0119 na konieczno\u015b\u0107 poprawy bezpiecze\u0144stwa w tym newralgicznym punkcie. Projekt obejmie przebudow\u0119 skrzy\u017cowania, powstanie nowej drogi dla pieszych i rower\u00f3w, o\u015bwietlenia oraz odwodnienia \u2014 poinformowa\u0142 wicemarsza\u0142ek wojew\u00f3dztwa lubelskiego Piotr Bre\u015b.<\/p>\n<p>\u2014 Warto\u015b\u0107 umowy to blisko 299 tys. z\u0142, a wykonawca ma 5 miesi\u0119cy na przygotowanie dokumentacji. To konkretne dzia\u0142anie przybli\u017caj\u0105ce nas do rozpocz\u0119cia prac budowlanych. Inwestujemy w drogi, budujemy razem Lubelskie \u2014 doda\u0142 Piotr Bre\u015b.<\/p>\n<p>Zatoki przystankowe i droga dla pieszych w Modliborzycach<\/p>\n<p>Drugie zadanie dotyczy rozbudowy drogi wojew\u00f3dzkiej nr 848 w Modliborzycach, w powiecie janowskim. Dokumentacja ma obj\u0105\u0107 budow\u0119 zatok przystankowych wraz z doj\u015bciami oraz drogi dla pieszych. Warto\u015b\u0107 prac projektowych ustalono na 238 005 z\u0142.<\/p>\n<p>\u0179r\u00f3d\u0142o: UMWL<\/p>\n<p>\n                                    <a href=\"https:\/\/www.google.com\/preferences\/source?q=lublin112.pl\" target=\"_blank\" rel=\"noopener noreferrer nofollow\" onclick=\"if (!window.__cfRLUnblockHandlers) return false; gtag(&#039;event&#039;, &#039;google_preferred_source_click&#039;, {&#010;                                           &#039;link_url&#039;: this.href,&#010;                                           &#039;link_text&#039;: &#039;Ustaw lublin112.pl jako preferowane \u017ar\u00f3d\u0142o&#039;&#010;                                       });\" style=\"text-align:center;display:block;\" data-cf-modified-ea24ad997656f293a4f26433-=\"\"><br \/>\n                                        <img decoding=\"async\" src=\"https:\/\/www.europesays.com\/pl\/wp-content\/uploads\/2026\/09\/1788501644_189_lublin112-google-source.webp\" alt=\"Ustaw lublin112.pl jako preferowane \u017ar\u00f3d\u0142o w Google\" style=\"max-width: 70%;\"\/><br \/>\n                                    <\/a><br \/>\n                                    <\/p>\n","protected":false},"excerpt":{"rendered":"Zmiany na skrzy\u017cowaniu w Garbowie Dokumentacja dotycz\u0105ca drogi wojew\u00f3dzkiej nr 874 obejmie rozbudow\u0119 skrzy\u017cowania z drogami powiatowymi nr&hellip;\n","protected":false},"author":2,"featured_media":666280,"comment_status":"","ping_status":"","sticky":false,"template":"","format":"standard","meta":{"footnotes":"","_share_on_mastodon":"0"},"categories":[51612],"tags":[58042,129451,129452,95258,1081,129453,42,38,40,39,41,129454,97293,61159],"class_list":["post-666279","post","type-post","status-publish","format-standard","has-post-thumbnail","category-lublin","tag-bezpieczenstwo-drogowe","tag-droga-wojewodzka-nr-848","tag-droga-wojewodzka-nr-874","tag-garbow","tag-lublin","tag-modliborzyce","tag-pl","tag-poland","tag-polish","tag-polska","tag-polski","tag-powiat-janowski","tag-powiat-lubelski","tag-wojewodztwo-lubelskie"],"share_on_mastodon":{"url":"https:\/\/pubeurope.com\/@pl\/117211249842387085","error":""},"_links":{"self":[{"href":"https:\/\/www.europesays.com\/pl\/wp-json\/wp\/v2\/posts\/666279","targetHints":{"allow":["GET"]}}],"collection":[{"href":"https:\/\/www.europesays.com\/pl\/wp-json\/wp\/v2\/posts"}],"about":[{"href":"https:\/\/www.europesays.com\/pl\/wp-json\/wp\/v2\/types\/post"}],"author":[{"embeddable":true,"href":"https:\/\/www.europesays.com\/pl\/wp-json\/wp\/v2\/users\/2"}],"replies":[{"embeddable":true,"href":"https:\/\/www.europesays.com\/pl\/wp-json\/wp\/v2\/comments?post=666279"}],"version-history":[{"count":0,"href":"https:\/\/www.europesays.com\/pl\/wp-json\/wp\/v2\/posts\/666279\/revisions"}],"wp:featuredmedia":[{"embeddable":true,"href":"https:\/\/www.europesays.com\/pl\/wp-json\/wp\/v2\/media\/666280"}],"wp:attachment":[{"href":"https:\/\/www.europesays.com\/pl\/wp-json\/wp\/v2\/media?parent=666279"}],"wp:term":[{"taxonomy":"category","embeddable":true,"href":"https:\/\/www.europesays.com\/pl\/wp-json\/wp\/v2\/categories?post=666279"},{"taxonomy":"post_tag","embeddable":true,"href":"https:\/\/www.europesays.com\/pl\/wp-json\/wp\/v2\/tags?post=666279"}],"curies":[{"name":"wp","href":"https:\/\/api.w.org\/{rel}","templated":true}]}}