{"id":666281,"date":"2026-09-04T06:02:13","date_gmt":"2026-09-04T06:02:13","guid":{"rendered":"https:\/\/www.europesays.com\/pl\/666281\/"},"modified":"2026-09-04T06:02:13","modified_gmt":"2026-09-04T06:02:13","slug":"tragiczny-wystep-we-wroclawiu-pogon-szczecin-odpada-z-pucharu-polski","status":"publish","type":"post","link":"https:\/\/www.europesays.com\/pl\/666281\/","title":{"rendered":"Tragiczny wyst\u0119p we Wroc\u0142awiu. Pogo\u0144 Szczecin odpada z Pucharu Polski"},"content":{"rendered":"<p>\n                        Pi\u0142karze Pogoni Szczecin nie wr\u00f3c\u0105 w tym sezonie na Stadion Narodowy w Warszawie. Ich przygoda z Pucharem Polski zako\u0144czy\u0142a si\u0119 na pierwszym meczu. Portowcy musieli uzna\u0107 wy\u017cszo\u015b\u0107 \u015al\u0105ska Wroc\u0142aw.\n                    <\/p>\n<p>Dru\u017cyna z po\u0142udnia kraju wygra\u0142a na w\u0142asnym stadionie 2 do 1. Bramki dla gospodarzy zdobyli Piotr Samiec-Talar oraz Yegor Matsenko. Na list\u0119 strzelc\u00f3w Dumy Pomorza wpisa\u0142 si\u0119 Paul Mukairu. W pierwszym sk\u0142adzie Pogoni Szczecin od pierwszej minuty pojawili si\u0119, mi\u0119dzy innymi, Kamil Grosicki, Darko Churlinov, Patryk Dziczek, czy Benjamin Mendy. Pi\u0142karze ze Szczecina ju\u017c w pierwszych minutach gry stracili bramk\u0119. Strza\u0142em z dystansu, po b\u0142\u0119dzie obrony granatowo-bordowych, popisa\u0142 si\u0119 Piotr Samiec-Talar.<\/p>\n<p>To by\u0142 bardzo trudny mecz dla Pogoni. Zawodnicy ze Szczecina przez wi\u0119kszo\u015b\u0107 spotkania bili g\u0142ow\u0105 w mur. Obron\u0119 rywali skutecznie rozmontowa\u0142 tylko Paul Mukairu. Napastnik min\u0105\u0142 kilku rywali i uderzy\u0142 ze skraju pola karnego. Przebojowy rajd da\u0142 nadzieje, \u017ce Pogo\u0144 mo\u017ce nawi\u0105za\u0107 walk\u0119 z dru\u017cyn\u0105 z Wroc\u0142awia.<\/p>\n<p>Ju\u017c 20 minut p\u00f3\u017aniej nadzieje te zgasi\u0142 Yegor Matsenko, kt\u00f3ry ustali\u0142 ko\u0144cowy wynik spotkania. \u015al\u0105sk Wroc\u0142aw wyeliminowa\u0142 Pogo\u0144 Szczecin z pucharu tysi\u0105ca dru\u017cyn. Dru\u017cynie trenera Oscara Garcii zostaj\u0105 ju\u017c tylko wyst\u0119py w rozgrywkach PKO Bank Polski Ekstraklasy.<\/p>\n","protected":false},"excerpt":{"rendered":"Pi\u0142karze Pogoni Szczecin nie wr\u00f3c\u0105 w tym sezonie na Stadion Narodowy w Warszawie. Ich przygoda z Pucharem Polski&hellip;\n","protected":false},"author":2,"featured_media":666282,"comment_status":"","ping_status":"","sticky":false,"template":"","format":"standard","meta":{"footnotes":"","_share_on_mastodon":"0"},"categories":[51611],"tags":[291,1089,3839,3511,261,3840,42,38,40,907,39,41,123,2307,26,1092],"class_list":["post-666281","post","type-post","status-publish","format-standard","has-post-thumbnail","category-szczecin","tag-historia","tag-imprezy","tag-interwencje","tag-inwestycje","tag-kultura","tag-lokale","tag-pl","tag-poland","tag-polish","tag-polityka","tag-polska","tag-polski","tag-rozrywka","tag-szczecin","tag-wiadomosci","tag-wydarzenia"],"share_on_mastodon":{"url":"https:\/\/pubeurope.com\/@pl\/117211256825497547","error":""},"_links":{"self":[{"href":"https:\/\/www.europesays.com\/pl\/wp-json\/wp\/v2\/posts\/666281","targetHints":{"allow":["GET"]}}],"collection":[{"href":"https:\/\/www.europesays.com\/pl\/wp-json\/wp\/v2\/posts"}],"about":[{"href":"https:\/\/www.europesays.com\/pl\/wp-json\/wp\/v2\/types\/post"}],"author":[{"embeddable":true,"href":"https:\/\/www.europesays.com\/pl\/wp-json\/wp\/v2\/users\/2"}],"replies":[{"embeddable":true,"href":"https:\/\/www.europesays.com\/pl\/wp-json\/wp\/v2\/comments?post=666281"}],"version-history":[{"count":0,"href":"https:\/\/www.europesays.com\/pl\/wp-json\/wp\/v2\/posts\/666281\/revisions"}],"wp:featuredmedia":[{"embeddable":true,"href":"https:\/\/www.europesays.com\/pl\/wp-json\/wp\/v2\/media\/666282"}],"wp:attachment":[{"href":"https:\/\/www.europesays.com\/pl\/wp-json\/wp\/v2\/media?parent=666281"}],"wp:term":[{"taxonomy":"category","embeddable":true,"href":"https:\/\/www.europesays.com\/pl\/wp-json\/wp\/v2\/categories?post=666281"},{"taxonomy":"post_tag","embeddable":true,"href":"https:\/\/www.europesays.com\/pl\/wp-json\/wp\/v2\/tags?post=666281"}],"curies":[{"name":"wp","href":"https:\/\/api.w.org\/{rel}","templated":true}]}}