{"id":666283,"date":"2026-09-04T06:03:18","date_gmt":"2026-09-04T06:03:18","guid":{"rendered":"https:\/\/www.europesays.com\/pl\/666283\/"},"modified":"2026-09-04T06:03:18","modified_gmt":"2026-09-04T06:03:18","slug":"matka-boska-malborska-odnaleziona-po-80-latach","status":"publish","type":"post","link":"https:\/\/www.europesays.com\/pl\/666283\/","title":{"rendered":"Matka Boska Malborska odnaleziona po 80 latach"},"content":{"rendered":"<p>\t\t\t\t\t\t\t\tPrzez\u00a0ponad 80 lat uznawany za\u00a0zaginiony. Znane by\u0142o zaledwie jedno archiwalne zdj\u0119cie wykonane podczas II\u00a0wojny \u015bwiatowej. Mieszka\u0144cy Malborka po\u00a0raz pierwszy mog\u0105 zobaczy\u0107 obraz Matki Boskiej Malborskiej z\u00a01942 roku.<\/p>\n<p>Obraz zosta\u0142 namalowany na\u00a0zam\u00f3wienie przez\u00a0niemieckiego artyst\u0119 Hansa Franke.<\/p>\n<p>\u2013 Dzie\u0142o zosta\u0142o odnalezione zupe\u0142nym przypadkiem w\u00a0elbl\u0105skim seminarium duchownym. Nie\u00a0wiadomo, w\u00a0jakich okoliczno\u015bciach tam trafi\u0142o \u2013 wyja\u015bnia Tomasz Agejczyk, dyrektor Muzeum Miasta Malborka. \u2013 Na\u00a0jednej z\u00a0konferencji w\u00a0Muzeum Zamkowym dotycz\u0105cej w\u0142a\u015bnie Matki Boskiej ksi\u0105dz rektor mia\u0142 wydrukowane karteczki i\u00a0je\u00a0rozdawa\u0142. Dosta\u0142em tak\u0105 kartk\u0119 ze\u00a0zdj\u0119ciem. My\u015bla\u0142em po\u00a0prostu, \u017ce\u00a0to\u00a0jest wydruk z\u00a0rundbrief. Jednak okaza\u0142o si\u0119, \u017ce\u00a0ksi\u0105dz rektor widzi ten obraz codziennie. Zaprosi\u0142 mnie do\u00a0seminarium duchownego do\u00a0Elbl\u0105ga. Tam obraz przez\u00a0lata wisia\u0142 w\u00a0zakrystii \u2013 opowiada dyrektor muzeum.<\/p>\n<p><img loading=\"lazy\" decoding=\"async\" class=\"wp-image-1036542 size-large\" src=\"https:\/\/www.europesays.com\/pl\/wp-content\/uploads\/2026\/09\/Matka-Boska-Malborska-1024x768.jpg\" alt=\"Obraz Matki Boskiej Malborskiej \" width=\"1024\" height=\"768\"  \/>Odnaleziony obraz Matki Boskiej Malborskiej (Fot.\u00a0Radio Gda\u0144sk\/Mateusz Czerwi\u0144ski)<\/p>\n<p>Obraz Matki Boskiej Malborskiej przedstawia Madonn\u0119 z\u00a0dzieci\u0105tkiem Jezus na\u00a0tle rzeki Nogat oraz\u00a0\u015bredniowiecznego zamku. Na\u00a0mocy umowy z\u00a0Wy\u017cszym Seminarium Duchownym w\u00a0Elbl\u0105gu dzie\u0142o b\u0119dzie mo\u017cna podziwia\u0107 w\u00a0Muzeum Miasta Malborka co\u00a0najmniej przez\u00a0pi\u0119\u0107 lat.<\/p>\n<p style=\"text-align: right;\">Mateusz Czerwi\u0144ski\/ak<\/p>\n","protected":false},"excerpt":{"rendered":"Przez\u00a0ponad 80 lat uznawany za\u00a0zaginiony. Znane by\u0142o zaledwie jedno archiwalne zdj\u0119cie wykonane podczas II\u00a0wojny \u015bwiatowej. Mieszka\u0144cy Malborka po\u00a0raz&hellip;\n","protected":false},"author":2,"featured_media":666284,"comment_status":"","ping_status":"","sticky":false,"template":"","format":"standard","meta":{"footnotes":"","_share_on_mastodon":"0"},"categories":[51610],"tags":[1048,42,38,40,39,41],"class_list":["post-666283","post","type-post","status-publish","format-standard","has-post-thumbnail","category-gdansk","tag-gdansk","tag-pl","tag-poland","tag-polish","tag-polska","tag-polski"],"share_on_mastodon":{"url":"https:\/\/pubeurope.com\/@pl\/117211261995947873","error":""},"_links":{"self":[{"href":"https:\/\/www.europesays.com\/pl\/wp-json\/wp\/v2\/posts\/666283","targetHints":{"allow":["GET"]}}],"collection":[{"href":"https:\/\/www.europesays.com\/pl\/wp-json\/wp\/v2\/posts"}],"about":[{"href":"https:\/\/www.europesays.com\/pl\/wp-json\/wp\/v2\/types\/post"}],"author":[{"embeddable":true,"href":"https:\/\/www.europesays.com\/pl\/wp-json\/wp\/v2\/users\/2"}],"replies":[{"embeddable":true,"href":"https:\/\/www.europesays.com\/pl\/wp-json\/wp\/v2\/comments?post=666283"}],"version-history":[{"count":0,"href":"https:\/\/www.europesays.com\/pl\/wp-json\/wp\/v2\/posts\/666283\/revisions"}],"wp:featuredmedia":[{"embeddable":true,"href":"https:\/\/www.europesays.com\/pl\/wp-json\/wp\/v2\/media\/666284"}],"wp:attachment":[{"href":"https:\/\/www.europesays.com\/pl\/wp-json\/wp\/v2\/media?parent=666283"}],"wp:term":[{"taxonomy":"category","embeddable":true,"href":"https:\/\/www.europesays.com\/pl\/wp-json\/wp\/v2\/categories?post=666283"},{"taxonomy":"post_tag","embeddable":true,"href":"https:\/\/www.europesays.com\/pl\/wp-json\/wp\/v2\/tags?post=666283"}],"curies":[{"name":"wp","href":"https:\/\/api.w.org\/{rel}","templated":true}]}}