{"id":666285,"date":"2026-09-04T06:04:16","date_gmt":"2026-09-04T06:04:16","guid":{"rendered":"https:\/\/www.europesays.com\/pl\/666285\/"},"modified":"2026-09-04T06:04:16","modified_gmt":"2026-09-04T06:04:16","slug":"erste-letnie-brzmienia-poznan-2026-rozpiska-godzinowa-kto-wystapi-pogoda-informator","status":"publish","type":"post","link":"https:\/\/www.europesays.com\/pl\/666285\/","title":{"rendered":"Erste Letnie Brzmienia \u2013 Pozna\u0144 2026. Rozpiska godzinowa, kto wyst\u0105pi, pogoda, informator"},"content":{"rendered":"<p>    <img loading=\"lazy\" decoding=\"async\" alt=\"Erste Letnie Brzmienia \u2013 Pozna\u0144 2026. Rozpiska godzinowa, kto wyst\u0105pi, pogoda, informator\" title=\"Erste Letnie Brzmienia \u2013 Pozna\u0144 2026. Rozpiska godzinowa, kto wyst\u0105pi, pogoda, informator\" src=\"https:\/\/www.europesays.com\/pl\/wp-content\/uploads\/2026\/09\/6ae8ddd3d97cde4a854e38be810a251366828613.webp\" width=\"1000\" height=\"565\"   class=\"img-fluid\"\/><\/p>\n<p>fot. Pexels \/ materia\u0142y prasowe<\/p>\n<p>\n                                        Reklama<\/p>\n<p>                                        Reklama<\/p>\n<p>    <img decoding=\"async\" src=\"https:\/\/www.europesays.com\/pl\/wp-content\/uploads\/2026\/09\/placeholder-a.png\" style=\"width: 80px;object-fit: contain;\" alt=\"placeholder\"\/><\/p>\n<p>Erste Letnie Brzmienia 2026 zbli\u017caj\u0105 si\u0119 do fina\u0142u tegorocznej letniej trasy. Ostatni przystanek festiwalu odb\u0119dzie si\u0119 4 i 5 wrze\u015bnia 2026 roku w Poznaniu, na Placu Marka na terenie Mi\u0119dzynarodowych Targ\u00f3w Pozna\u0144skich. Sprawd\u017acie najwa\u017cniejsze informacje przed imprez\u0105 &#8211; od prognozy pogody, przez dojazd i organizacj\u0119 wydarzenia, po szczeg\u00f3\u0142y dotycz\u0105ce fina\u0142u festiwalu.<\/p>\n<p><a href=\"https:\/\/4fun.tv\/news\/skolim-koncerty-wrzesien-2026-miasta-daty\" rel=\"nofollow noopener\" target=\"_blank\">Skolim: koncerty we wrze\u015bniu 2026 . Gdzie wyst\u0105pi? &gt;&gt;<\/a><\/p>\n<p>Erste Letnie Brzmienia &#8211; Pozna\u0144 2026: line-up i rozpiska godzinowa\u00a0<\/p>\n<p>Pi\u0105tek 04.09<\/p>\n<p>Bramy otwieraj\u0105 si\u0119 o godzinie 16:30.<\/p>\n<p>Main Stage<\/p>\n<p>\tmaks.tachasiuk &#8211; 17:00<br \/>\n\tRalph Kaminski &#8211; 18:15<br \/>\n\tJulia Wieniawa &#8211; 19:45<br \/>\n\tBrodka gra Grand\u0119 &#8211; 21:35<br \/>\n\tVito Bambino &#8211; 23:10<\/p>\n<p>Wierz w siebie Next Stage<\/p>\n<p>\tAJLA &#8211; 17:45<br \/>\n\tTw\u00f3j, Dawid &#8211; 19:15<br \/>\n\tKr\u00f3l \/ Tyszkowski (Ewa Koc) &#8211; 20:50<br \/>\n\tBass Astral &#8211; 22:25<\/p>\n<p>\u00a0<\/p>\n<p>Sobota 05.09<\/p>\n<p>Bramy otwieraj\u0105 si\u0119 o godzinie 16:30.<\/p>\n<p>Main Stage<\/p>\n<p>\tGrzegorz Turnau z orkiestr\u0105 symfoniczn\u0105 &#8211; 17:00<br \/>\n\tBabie lato (Natalia Grosiak, BELA oraz Kathia) &#8211; 18:30<br \/>\n\tKacperczyk &#8211; 20:00<br \/>\n\tMrozu &#8211; 21:30<br \/>\n\tKa\u015bka Sochacka &#8211; 23:25<\/p>\n<p>Wierz w siebie Next Stage<\/p>\n<p>\tMisia Furtak &#8211; 18:00<br \/>\n\tqncicka &#8211; 19:30<br \/>\n\tEwa Farna &#8211; 20:45<br \/>\n\tXxanaxx &#8211; 22:40<\/p>\n<p>Jak dojecha\u0107 na\u00a0Erste Letnie Brzmienia 2026 w Poznaniu?<\/p>\n<p>Festiwal odb\u0119dzie si\u0119 na Placu Marka, znajduj\u0105cym si\u0119 na terenie Mi\u0119dzynarodowych Targ\u00f3w Pozna\u0144skich przy ul. G\u0142ogowskiej 10 w Poznaniu. Lokalizacja znajduje si\u0119 w \u015bcis\u0142ym centrum miasta, w bezpo\u015brednim s\u0105siedztwie Dworca G\u0142\u00f3wnego oraz wa\u017cnych przystank\u00f3w komunikacji miejskiej, dlatego na wydarzenie naj\u0142atwiej dotrze\u0107 poci\u0105giem lub tramwajem. Wej\u015bcie na teren imprezy b\u0119dzie mo\u017cliwe przez Hol Wschodni od strony ul. G\u0142ogowskiej, w pobli\u017cu Mostu Dworcowego.<\/p>\n<p>W godzinach 23:00-2:00 tramwaje linii 201 b\u0119d\u0105 kursowa\u0107 co 10 minut. W tym samym czasie uruchomiona zostanie r\u00f3wnie\u017c dodatkowa linia 206, kt\u00f3ra b\u0119dzie je\u017adzi\u0107 co 30 minut na trasie B\u0142a\u017ceja &#8211; Junikowo. Po drodze tramwaj zatrzyma si\u0119 m.in. przy Naramowickiej, Winogradach, Pu\u0142askiego, Roosevelta, Mo\u015bcie Teatralnym, ul. \u015awi\u0119ty Marcin, Towarowej, Mo\u015bcie Dworcowym i Grunwaldzkiej.<\/p>\n<p>Pogoda na\u00a0Erste Letnie Brzmienia 2026 w Poznaniu<\/p>\n<p>W pi\u0105tek 4 wrze\u015bnia 2026 roku temperatura w ci\u0105gu dnia mo\u017ce si\u0119gn\u0105\u0107 22\u00b0C, natomiast noc\u0105 spadnie do oko\u0142o 15\u00b0C. Niebo b\u0119dzie w du\u017cej mierze zachmurzone, a miejscami mog\u0105 pojawi\u0107 si\u0119 przelotne opady deszczu, dlatego warto zabra\u0107 ze sob\u0105 kurtk\u0119 przeciwdeszczow\u0105. Na teren festiwalu mo\u017cna r\u00f3wnie\u017c wnosi\u0107 parasole, pod warunkiem \u017ce nie maj\u0105 metalowych zako\u0144cze\u0144.<\/p>\n<p>W sobot\u0119 5 wrze\u015bnia 2026 roku b\u0119dzie nieco ch\u0142odniej. Termometry poka\u017c\u0105 maksymalnie oko\u0142o 21\u00b0C, a temperatura w nocy obni\u017cy si\u0119 do 11\u00b0C. Warto wi\u0119c pami\u0119ta\u0107 o cieplejszej warstwie odzie\u017cy, szczeg\u00f3lnie je\u015bli planujecie zosta\u0107 na koncertach do p\u00f3\u017anych godzin.<\/p>\n<p><a href=\"https:\/\/4fun.tv\/news\/mata-epka-2040-slawa-piosenki-tytuly-goscie-tracklista\" rel=\"nofollow noopener\" target=\"_blank\">Mata z now\u0105 EP-k\u0105 2040: S\u0141AWA. W\u015br\u00f3d go\u015bci Kamil Bednarek &gt;&gt;<\/a><\/p>\n<p>Bawcie si\u0119 dobrze!<\/p>\n","protected":false},"excerpt":{"rendered":"fot. Pexels \/ materia\u0142y prasowe Reklama Reklama Erste Letnie Brzmienia 2026 zbli\u017caj\u0105 si\u0119 do fina\u0142u tegorocznej letniej trasy.&hellip;\n","protected":false},"author":2,"featured_media":666286,"comment_status":"","ping_status":"","sticky":false,"template":"","format":"standard","meta":{"footnotes":"","_share_on_mastodon":"0"},"categories":[51609],"tags":[42,38,40,39,41,1817],"class_list":["post-666285","post","type-post","status-publish","format-standard","has-post-thumbnail","category-poznan","tag-pl","tag-poland","tag-polish","tag-polska","tag-polski","tag-poznan"],"share_on_mastodon":{"url":"https:\/\/pubeurope.com\/@pl\/117211265826959516","error":""},"_links":{"self":[{"href":"https:\/\/www.europesays.com\/pl\/wp-json\/wp\/v2\/posts\/666285","targetHints":{"allow":["GET"]}}],"collection":[{"href":"https:\/\/www.europesays.com\/pl\/wp-json\/wp\/v2\/posts"}],"about":[{"href":"https:\/\/www.europesays.com\/pl\/wp-json\/wp\/v2\/types\/post"}],"author":[{"embeddable":true,"href":"https:\/\/www.europesays.com\/pl\/wp-json\/wp\/v2\/users\/2"}],"replies":[{"embeddable":true,"href":"https:\/\/www.europesays.com\/pl\/wp-json\/wp\/v2\/comments?post=666285"}],"version-history":[{"count":0,"href":"https:\/\/www.europesays.com\/pl\/wp-json\/wp\/v2\/posts\/666285\/revisions"}],"wp:featuredmedia":[{"embeddable":true,"href":"https:\/\/www.europesays.com\/pl\/wp-json\/wp\/v2\/media\/666286"}],"wp:attachment":[{"href":"https:\/\/www.europesays.com\/pl\/wp-json\/wp\/v2\/media?parent=666285"}],"wp:term":[{"taxonomy":"category","embeddable":true,"href":"https:\/\/www.europesays.com\/pl\/wp-json\/wp\/v2\/categories?post=666285"},{"taxonomy":"post_tag","embeddable":true,"href":"https:\/\/www.europesays.com\/pl\/wp-json\/wp\/v2\/tags?post=666285"}],"curies":[{"name":"wp","href":"https:\/\/api.w.org\/{rel}","templated":true}]}}