{"id":666303,"date":"2026-09-04T06:15:15","date_gmt":"2026-09-04T06:15:15","guid":{"rendered":"https:\/\/www.europesays.com\/pl\/666303\/"},"modified":"2026-09-04T06:15:15","modified_gmt":"2026-09-04T06:15:15","slug":"8-lat-marek-kondrat-pobyl-ojcem-a-tu-takie-doniesienia-to-bylo-kwestia-czasu","status":"publish","type":"post","link":"https:\/\/www.europesays.com\/pl\/666303\/","title":{"rendered":"8 lat Marek Kondrat poby\u0142 ojcem, a tu takie doniesienia. To by\u0142o kwesti\u0105 czasu"},"content":{"rendered":"<p class=\"typography ids-typeset-body ids-typeset-body--preset-large link paragraph ids-paragraph ids-paragraph--default\">Ponad dwadzie\u015bcia lat temu <a href=\"https:\/\/www.pomponik.pl\/gwiazdy-i-produkcje-marek-kondrat,gsbi,508\" rel=\"nofollow noopener\" target=\"_blank\">Marek Kondrat<\/a> podj\u0105\u0142 decyzj\u0119 o zako\u0144czeniu swojej kariery aktorskiej. Postanowi\u0142 przej\u015b\u0107 na emerytur\u0119, osiad\u0142 w swej hiszpa\u0144skiej posiad\u0142o\u015bci i skupi\u0142 na swoich pasjach.<\/p>\n<p class=\"typography ids-typeset-body ids-typeset-body--preset-large link paragraph ids-paragraph ids-paragraph--default\">Niespodziewanie w jego \u017cyciu pojawi\u0142a si\u0119 jednak m\u0142odsza o 38 lat <a href=\"https:\/\/www.pomponik.pl\/gwiazdy-i-produkcje-antonina-turnau,gsbi,136\" rel=\"nofollow noopener\" target=\"_blank\">Antonina Turnau<\/a>, c\u00f3rka s\u0142ynnego krakowskiego barda. Mi\u0119dzy nimi zaiskrzy\u0142o na tyle, \u017ce niebawem powitali na \u015bwiecie wsp\u00f3ln\u0105 pociech\u0119 i wzi\u0119li \u015blub.\u00a0<\/p>\n<p>Marek Kondrat i Antonina Turnau wr\u00f3cili nagle do kraju. To by\u0142 tylko pocz\u0105tek zmian w ich \u017cyciu<\/p>\n<p class=\"typography ids-typeset-body ids-typeset-body--preset-large link paragraph ids-paragraph ids-paragraph--default\">Potem osiedli w Hiszpanii, cho\u0107 nie na d\u0142ugo. W jednym z wywiad\u00f3w aktor przyzna\u0142, \u017ce z powodu edukacji Heleny wr\u00f3cili do kraju, a dom na hiszpa\u0144skiej wsi chyba trzeba b\u0119dzie sprzeda\u0107.<\/p>\n<p class=\"typography ids-typeset-body ids-typeset-body--preset-large link paragraph ids-paragraph ids-paragraph--default\">Zmian w \u017cyciu aktora zacz\u0119\u0142o szybko przybywa\u0107.\u00a0Niespodziewanie okaza\u0142o si\u0119, \u017ce Marek przyj\u0105\u0142 te\u017c rol\u0119 w nowej ekranizacji &#8222;Lalki&#8221;, przerywaj\u0105c tym samym 20-letni\u0105 emerytur\u0119. Na tym nie koniec, bowiem zgodzi\u0142 si\u0119 te\u017c zagra\u0107 w spektaklu &#8222;Kr\u00f3l Maciu\u015b I&#8221;. Praca nad t\u0105 rol\u0105 sk\u0142oni\u0142a go jednak do paru refleksji na temat ojcostwa.<\/p>\n<p class=\"typography ids-typeset-body ids-typeset-body--preset-large link paragraph ids-paragraph ids-paragraph--default\">W rozmowie z Mart\u0105 Surnik dla TVP aktor wyjawi\u0142, dlaczego w og\u00f3le prze laty zawiesi\u0142 swoj\u0105 karier\u0119.\u00a0Jak stwierdzi\u0142, nie chcia\u0142 podzieli\u0107 losu Tadeusza \u0141omnickiego, kt\u00f3ry zmar\u0142 w trakcie pr\u00f3b do &#8222;Kr\u00f3la Leara&#8221; w 1992 roku.<\/p>\n<p class=\"typography ids-typeset-body ids-typeset-body--preset-large link paragraph ids-paragraph ids-paragraph--default\">&#8222;Za \u017cadne skarby nie chcia\u0142em doczeka\u0107 \u015bmierci w kostiumie kr\u00f3la Leara na scenie czy czego\u015b podobnego.\u00a0Te opowie\u015bci s\u0105 daleko od mojego charakteru w og\u00f3le&#8221; &#8211; potwierdzi\u0142 doniesienia Kondrat, dodaj\u0105c wprost, \u017ce by\u0142 te\u017c przede wszystkim mocno zm\u0119czony aktorstwem.<\/p>\n<p class=\"typography ids-typeset-body ids-typeset-body--preset-large link paragraph ids-paragraph ids-paragraph--default\">&#8222;Po tych wszystkich przygodach, kt\u00f3re traktuj\u0119 jako wa\u017cne w swoim \u017cyciu &#8211; to nie tak, \u017ce przekre\u015blam ca\u0142\u0105 przesz\u0142o\u015b\u0107 &#8211; nast\u0105pi\u0142 jaki\u015b moment przesytu po prostu&#8221; &#8211; sprecyzowa\u0142 Marek.<\/p>\n<p>Osiem lat Marek Kondrat poby\u0142 ojcem, a tu takie doniesienia. To by\u0142o kwesti\u0105 czasu<\/p>\n<p class=\"typography ids-typeset-body ids-typeset-body--preset-large link paragraph ids-paragraph ids-paragraph--default\">Jak si\u0119 okaza\u0142o, powr\u00f3t do pracy sprawi\u0142, \u017ce Kondrat zacz\u0105\u0142 jeszcze bardziej zastanawia\u0107 si\u0119 nad swoim p\u00f3\u017anym ojcostwem.\u00a0Ostatni raz ojcem zosta\u0142 wszak w wieku 68 lat.<\/p>\n<p class=\"typography ids-typeset-body ids-typeset-body--preset-large link paragraph ids-paragraph ids-paragraph--default\">&#8222;Trafi\u0142o mi si\u0119 [narodziny Heleny &#8211; przyp. red.] w p\u00f3\u017anym wieku. Syn\u00f3w mam bardzo dojrza\u0142ych, a teraz mam okazj\u0119 obserwowa\u0107 rozw\u00f3j c\u00f3rki. Widz\u0119 aktualno\u015b\u0107 tej nauki Korczaka&#8221;\u00a0&#8211; wyzna\u0142 otwarcie 75-letni aktor.<\/p>\n<p class=\"typography ids-typeset-body ids-typeset-body--preset-large link paragraph ids-paragraph ids-paragraph--default\">Po o\u015bmiu latach od narodziny Helenki, Marek pokusi\u0142 si\u0119 jeszcze o pewn\u0105 wa\u017cn\u0105 refleksj\u0119. To by\u0142o kwesti\u0105 czasu, a\u017c co\u015b takiego do niego dotrze.\u00a0Pomog\u0142a mu w tym w\u0142a\u015bnie praca nad sztuk\u0105 Korczaka.<\/p>\n<p class=\"typography ids-typeset-body ids-typeset-body--preset-large link paragraph ids-paragraph ids-paragraph--default\">&#8222;[Pociech\u0119 &#8211; przyp. red.] trzeba traktowa\u0107 jako partnera, a nie korzysta\u0107 ze swojej przewagi rodzicielskiej, nauczycielskiej czy profesorskiej&#8221;\u00a0&#8211; podsumowa\u0142 stanowczo Kondrat.<\/p>\n<p class=\"typography ids-typeset-body ids-typeset-body--preset-large link paragraph ids-paragraph ids-paragraph--default\">Czytaj te\u017c:<\/p>\n<p class=\"typography ids-typeset-body ids-typeset-body--preset-large link paragraph ids-paragraph ids-paragraph--default\"><a href=\"https:\/\/www.pomponik.pl\/plotki\/news-we-wtorek-rano-potwierdzily-sie-doniesienia-ws-malzenstwa-ko,nId,22541278\" target=\"_blank\" rel=\"nofollow noopener\">We wtorek rano potwierdzi\u0142y si\u0119 doniesienia ws. ma\u0142\u017ce\u0144stwa Kondrata i Turnau. To musia\u0142o si\u0119 tak sko\u0144czy\u0107<\/a><\/p>\n<p class=\"typography ids-typeset-body ids-typeset-body--preset-large link paragraph ids-paragraph ids-paragraph--default\"><a href=\"https:\/\/www.pomponik.pl\/relacje-i-zwiazki\/news-antonina-turnau-i-marek-kondrat-historia-milosci-ktora-laczy,nId,6106835\" target=\"_blank\" rel=\"nofollow noopener\">Antonina Turnau i Marek Kondrat. Historia mi\u0142o\u015bci, kt\u00f3ra \u0142\u0105czy ich bardziej, ni\u017c 38 lat r\u00f3\u017cnicy<\/a><\/p>\n<p class=\"typography ids-typeset-body ids-typeset-body--preset-large link paragraph ids-paragraph ids-paragraph--default\"><a href=\"https:\/\/www.pomponik.pl\/plotki\/news-mloda-zona-potwierdzila-doniesienia-ws-kondrata-antonina-tur,nId,7996632\" target=\"_blank\" rel=\"nofollow noopener\">M\u0142oda \u017cona potwierdzi\u0142a doniesienia ws. Kondrata. Antonina Turnau wszystko pokaza\u0142a<\/a><\/p>\n<p>Agnieszka Kaczorowska wskazuje jednego celebryt\u0119 z ogromnym potencja\u0142em do wygranej w &#8222;Ta\u0144cu z gwiazdami&#8221;pomponik.pl<\/p>\n","protected":false},"excerpt":{"rendered":"Ponad dwadzie\u015bcia lat temu Marek Kondrat podj\u0105\u0142 decyzj\u0119 o zako\u0144czeniu swojej kariery aktorskiej. Postanowi\u0142 przej\u015b\u0107 na emerytur\u0119, osiad\u0142&hellip;\n","protected":false},"author":2,"featured_media":666304,"comment_status":"","ping_status":"","sticky":false,"template":"","format":"standard","meta":{"footnotes":"","_share_on_mastodon":"0"},"categories":[22],"tags":[122,42,38,40,39,41,123],"class_list":["post-666303","post","type-post","status-publish","format-standard","has-post-thumbnail","category-rozrywka","tag-entertainment","tag-pl","tag-poland","tag-polish","tag-polska","tag-polski","tag-rozrywka"],"share_on_mastodon":{"url":"https:\/\/pubeurope.com\/@pl\/117211308401417950","error":""},"_links":{"self":[{"href":"https:\/\/www.europesays.com\/pl\/wp-json\/wp\/v2\/posts\/666303","targetHints":{"allow":["GET"]}}],"collection":[{"href":"https:\/\/www.europesays.com\/pl\/wp-json\/wp\/v2\/posts"}],"about":[{"href":"https:\/\/www.europesays.com\/pl\/wp-json\/wp\/v2\/types\/post"}],"author":[{"embeddable":true,"href":"https:\/\/www.europesays.com\/pl\/wp-json\/wp\/v2\/users\/2"}],"replies":[{"embeddable":true,"href":"https:\/\/www.europesays.com\/pl\/wp-json\/wp\/v2\/comments?post=666303"}],"version-history":[{"count":0,"href":"https:\/\/www.europesays.com\/pl\/wp-json\/wp\/v2\/posts\/666303\/revisions"}],"wp:featuredmedia":[{"embeddable":true,"href":"https:\/\/www.europesays.com\/pl\/wp-json\/wp\/v2\/media\/666304"}],"wp:attachment":[{"href":"https:\/\/www.europesays.com\/pl\/wp-json\/wp\/v2\/media?parent=666303"}],"wp:term":[{"taxonomy":"category","embeddable":true,"href":"https:\/\/www.europesays.com\/pl\/wp-json\/wp\/v2\/categories?post=666303"},{"taxonomy":"post_tag","embeddable":true,"href":"https:\/\/www.europesays.com\/pl\/wp-json\/wp\/v2\/tags?post=666303"}],"curies":[{"name":"wp","href":"https:\/\/api.w.org\/{rel}","templated":true}]}}