{"id":666315,"date":"2026-09-04T06:21:11","date_gmt":"2026-09-04T06:21:11","guid":{"rendered":"https:\/\/www.europesays.com\/pl\/666315\/"},"modified":"2026-09-04T06:21:11","modified_gmt":"2026-09-04T06:21:11","slug":"sondaz-ko-przed-pis-ale-prawica-z-wiekszoscia-wprost","status":"publish","type":"post","link":"https:\/\/www.europesays.com\/pl\/666315\/","title":{"rendered":"Sonda\u017c.\u00a0 KO przed PiS, ale prawica z wi\u0119kszo\u015bci\u0105 \u2013 Wprost"},"content":{"rendered":"\n<p>&#13;<br \/>\nKoalicja Obywatelska pozostaje zdecydowanym liderem partyjnego wy\u015bcigu. W\u00a0najnowszym sonda\u017cu Instytutu Bada\u0144 Pollster dla\u00a0\u201eSuper Expressu\u201d ugrupowanie Donalda Tuska uzyska\u0142o 33,3 proc. poparcia. &#13;\n<\/p>\n<p>&#13;<br \/>\nPrawo i\u00a0Sprawiedliwo\u015b\u0107 wskaza\u0142o 22,2 proc. respondent\u00f3w. Przewaga KO nad najwi\u0119ksz\u0105 parti\u0105 opozycyjn\u0105 wynosi wi\u0119c ponad 11 punkt\u00f3w procentowych. W\u00a0por\u00f3wnaniu z\u00a0poprzednim badaniem KO zyska\u0142a 1,7 pkt proc., a\u00a0PiS \u2013\u00a00,7 pkt proc. &#13;\n<\/p>\n<p>&#13;<br \/>\nDobry wynik najwi\u0119kszej partii koalicji rz\u0105dz\u0105cej nie\u00a0oznacza jednak, \u017ce\u00a0obecny ob\u00f3z w\u0142adzy m\u00f3g\u0142by liczy\u0107 na\u00a0sejmow\u0105 wi\u0119kszo\u015b\u0107. &#13;\n<\/p>\n<p>Lewica wyprzedzi\u0142a parti\u0119 Brauna<\/p>\n<p>&#13;<br \/>\nTrzecie miejsce zaj\u0119\u0142a Konfederacja z\u00a0wynikiem 13,5 proc. Na\u00a0dalszych pozycjach znalaz\u0142y si\u0119 Lewica \u2013\u00a08,2 proc. oraz\u00a0Konfederacja Korony Polskiej Grzegorza Brauna \u2013\u00a08 proc. &#13;\n<\/p>\n<p>&#13;<br \/>\nDo Sejmu wesz\u0142oby tak\u017ce ugrupowanie Rozw\u00f3j Plus Mateusza Morawieckiego. Formacja uzyska\u0142a 5,1 proc. poparcia, a\u00a0wi\u0119c przekroczy\u0142aby pr\u00f3g wyborczy z\u00a0minimalnym zapasem. &#13;\n<\/p>\n<p>&#13;<br \/>\nPoza parlamentem znalaz\u0142yby si\u0119 natomiast Razem \u2013\u00a04,1 proc., PSL \u2013\u00a03,3 proc., Polska 2050 \u2013\u00a01,7 proc. oraz\u00a0Unia Centrum \u2013\u00a00,33 proc. &#13;\n<\/p>\n<p>&#13;<br \/>\nSzczeg\u00f3lnie dotkliwe dla\u00a0obecnego obozu rz\u0105dz\u0105cego by\u0142yby wyniki PSL i\u00a0Polski 2050. G\u0142osy oddane na\u00a0partie znajduj\u0105ce si\u0119 pod\u00a0progiem nie\u00a0prze\u0142o\u017cy\u0142yby si\u0119 na\u00a0mandaty. &#13;\n<\/p>\n<p>Bez Brauna prawica nie\u00a0zbuduje wi\u0119kszo\u015bci<\/p>\n<p>&#13;<br \/>\nKO i\u00a0Lewica uzyska\u0142y \u0142\u0105cznie 41,57 proc. poparcia. Wed\u0142ug analizy Gazeta.pl taki wynik nie\u00a0zapewni\u0142by im\u00a0co najmniej 231 mandat\u00f3w potrzebnych do\u00a0samodzielnego rz\u0105dzenia. &#13;\n<\/p>\n<p>&#13;<br \/>\nZnacznie wi\u0119ksze mo\u017cliwo\u015bci mia\u0142aby szeroko rozumiana prawica. PiS, Konfederacja, Konfederacja Korony Polskiej oraz\u00a0Rozw\u00f3j Plus zebra\u0142y razem 48,93 proc. g\u0142os\u00f3w. &#13;\n<\/p>\n<p>&#13;<br \/>\nSamo porozumienie PiS z\u00a0Konfederacj\u0105 nie\u00a0wystarczy\u0142oby jednak do\u00a0zdobycia wi\u0119kszo\u015bci. Nawet do\u0142\u0105czenie ugrupowania Morawieckiego mog\u0142oby nie\u00a0zapewni\u0107 wymaganej liczby mandat\u00f3w. J\u0119zyczkiem u\u00a0wagi sta\u0142aby si\u0119 partia Grzegorza Brauna. &#13;\n<\/p>\n<p>&#13;<br \/>\nTaki uk\u0142ad pozostaje na\u00a0razie wy\u0142\u0105cznie sonda\u017cow\u0105 symulacj\u0105. Ugrupowania prawicowe rywalizuj\u0105 o\u00a0podobny elektorat, a\u00a0stworzenie przez nie\u00a0wsp\u00f3lnego rz\u0105du wymaga\u0142oby trudnych negocjacji programowych i\u00a0personalnych. &#13;\n<\/p>\n<p>Rozpad PiS i\u00a0podzia\u0142 prawicy<\/p>\n<p>&#13;<br \/>\nObecno\u015b\u0107 <a href=\"https:\/\/www.wprost.pl\/kraj\/12431190\/pis-szykuje-atak-na-mateusza-morawieckiego-w-tle-donald-tusk.html\" title=\"Morawiecki \u201ew\u00a0orkiestrze Tuska\u201d? PiS szykuje narracyjn\u0105 ofensyw\u0119\" target=\"_blank\" rel=\"nofollow noopener\">Rozwoju Plus<\/a> w\u00a0sonda\u017cu jest konsekwencj\u0105 rozpadu, kt\u00f3ry zako\u0144czy\u0142 dominacj\u0119 PiS po\u00a0prawej stronie. Po\u00a0nieudanej pr\u00f3bie pogodzenia frakcji w\u00a0partii Mateusz Morawiecki rozpocz\u0105\u0142 budow\u0119 w\u0142asnego projektu. Utworzy\u0142 wraz z\u00a0grup\u0105 by\u0142ych polityk\u00f3w PiS trzeci co\u00a0do\u00a0wielko\u015bci klub w\u00a0Sejmie. W\u00a0ten spos\u00f3b obecnie w\u00a0Sejmie znajduje si\u0119 kilka prawicowych ugrupowa\u0144: PiS, Konfederacja, partia Grzegorza Brauna oraz\u00a0Rozw\u00f3j Plus. &#13;\n<\/p>\n<p>&#13;<br \/>\nCho\u0107 \u0142\u0105cznie zdobywaj\u0105 one w\u00a0badaniu niemal 49 proc. g\u0142os\u00f3w, utworzenie rz\u0105du wymaga\u0142oby porozumienia polityk\u00f3w, kt\u00f3rzy obecnie walcz\u0105 zar\u00f3wno o\u00a0wyborc\u00f3w, jak i\u00a0o\u00a0przyw\u00f3dztwo na\u00a0prawicy. Zdaniem Roberta Winnickiego potencjalny prawicowy rz\u0105d w\u00a0kolejnej kadencji by\u0142by pe\u0142en konflikt\u00f3w i\u00a0sprzeczno\u015bci. &#13;\n<\/p>\n<p>&#13;<br \/>\n<img decoding=\"async\" alt=\"\" src=\"https:\/\/www.europesays.com\/pl\/wp-content\/uploads\/2026\/09\/1788502871_592_player-ratio.png\"\/>&#13;\n<\/p>\n<p>&#13;<br \/>\nBadanie przeprowadzono w\u00a0dniach 1\u20132 wrze\u015bnia 2026\u00a0r. metod\u0105 CAWI na\u00a0pr\u00f3bie 1008 doros\u0142ych Polak\u00f3w. &#13;\n<\/p>\n<p>&#13;<br \/>\n   Czytaj te\u017c:<br \/><a href=\"https:\/\/www.wprost.pl\/kraj\/12432267\/maciej-berek-sedzia-tk-koalicja-tuska-podzielona-przed-glosowaniem.html\" rel=\"follow nofollow noopener\" data-schema=\"WPROST\" data-image=\"https:\/\/img.wprost.pl\/_thumb\/d1\/68\/8d609b311af5f68438e45a3d50e0.jpeg\" target=\"_blank\">Zgrzyt w\u00a0koalicji Tuska. Stanowcze deklaracje przed g\u0142osowaniem<\/a>   Czytaj te\u017c:<br \/><a href=\"https:\/\/biznes.wprost.pl\/finanse-i-inwestycje\/12417660\/weta-prezydenta-blokuja-miliardy-bochniarz-ostrzega-rzad-w-koncu-siegnie-po-podwyzki-podatkow.html\" rel=\"follow nofollow noopener\" data-schema=\"WPROST\" data-image=\"https:\/\/img.wprost.pl\/_thumb\/e9\/4e\/d79ed0f5760e2578eced68404498.jpeg\" target=\"_blank\">Weta prezydenta blokuj\u0105 miliardy. Bochniarz ostrzega: Rz\u0105d w\u00a0ko\u0144cu si\u0119gnie po\u00a0podwy\u017cki podatk\u00f3w<\/a>&#13;<\/p>\n","protected":false},"excerpt":{"rendered":"&#13; Koalicja Obywatelska pozostaje zdecydowanym liderem partyjnego wy\u015bcigu. W\u00a0najnowszym sonda\u017cu Instytutu Bada\u0144 Pollster dla\u00a0\u201eSuper Expressu\u201d ugrupowanie Donalda Tuska&hellip;\n","protected":false},"author":2,"featured_media":666316,"comment_status":"","ping_status":"","sticky":false,"template":"","format":"standard","meta":{"footnotes":"","_share_on_mastodon":"0"},"categories":[62713],"tags":[105682,1345,16517,3940,1006,49,7120,59734,529,907,68065,366,231,129457,43315,10142],"class_list":["post-666315","post","type-post","status-publish","format-standard","has-post-thumbnail","category-donald-tusk","tag-artur-siekaczynski","tag-donald-tusk","tag-grzegorz-braun","tag-ko","tag-konfederacja","tag-kraj","tag-mateusz-morawiecki","tag-opinie-i-komentarze","tag-pis","tag-polityka","tag-rozwoj-plus","tag-sondaz","tag-sondaze","tag-wiekszosc-w-sejmie","tag-wprost","tag-wybory-parlamentarne"],"share_on_mastodon":{"url":"https:\/\/pubeurope.com\/@pl\/117211332685506029","error":""},"_links":{"self":[{"href":"https:\/\/www.europesays.com\/pl\/wp-json\/wp\/v2\/posts\/666315","targetHints":{"allow":["GET"]}}],"collection":[{"href":"https:\/\/www.europesays.com\/pl\/wp-json\/wp\/v2\/posts"}],"about":[{"href":"https:\/\/www.europesays.com\/pl\/wp-json\/wp\/v2\/types\/post"}],"author":[{"embeddable":true,"href":"https:\/\/www.europesays.com\/pl\/wp-json\/wp\/v2\/users\/2"}],"replies":[{"embeddable":true,"href":"https:\/\/www.europesays.com\/pl\/wp-json\/wp\/v2\/comments?post=666315"}],"version-history":[{"count":0,"href":"https:\/\/www.europesays.com\/pl\/wp-json\/wp\/v2\/posts\/666315\/revisions"}],"wp:featuredmedia":[{"embeddable":true,"href":"https:\/\/www.europesays.com\/pl\/wp-json\/wp\/v2\/media\/666316"}],"wp:attachment":[{"href":"https:\/\/www.europesays.com\/pl\/wp-json\/wp\/v2\/media?parent=666315"}],"wp:term":[{"taxonomy":"category","embeddable":true,"href":"https:\/\/www.europesays.com\/pl\/wp-json\/wp\/v2\/categories?post=666315"},{"taxonomy":"post_tag","embeddable":true,"href":"https:\/\/www.europesays.com\/pl\/wp-json\/wp\/v2\/tags?post=666315"}],"curies":[{"name":"wp","href":"https:\/\/api.w.org\/{rel}","templated":true}]}}