{"id":666319,"date":"2026-09-04T06:23:16","date_gmt":"2026-09-04T06:23:16","guid":{"rendered":"https:\/\/www.europesays.com\/pl\/666319\/"},"modified":"2026-09-04T06:23:16","modified_gmt":"2026-09-04T06:23:16","slug":"maki-po-1-groszu-w-dino-kawa-tansza-o-25-zl-oferta-tylko-do-8-wrzesnia","status":"publish","type":"post","link":"https:\/\/www.europesays.com\/pl\/666319\/","title":{"rendered":"M\u0105ki po 1 groszu w Dino. Kawa ta\u0144sza o 25 z\u0142. Oferta tylko do 8 wrze\u015bnia"},"content":{"rendered":"<p>W Dino trwa promocja na artyku\u0142y \u015bniadaniowe, nabia\u0142, kaw\u0119, s\u0142odycze oraz produkty do gotowania i pieczenia. Oferta z gazetki nr 36\/2026 obowi\u0105zuje od 2 do 8 wrze\u015bnia 2026 r. Sprawdzili\u015bmy, na czym mo\u017cna zaoszcz\u0119dzi\u0107.<\/p>\n<p>    <img decoding=\"async\" src=\"https:\/\/www.europesays.com\/pl\/wp-content\/uploads\/2026\/09\/MTNiZjllYjUvCyxZQxdvIGxTeAMFTmF2O0tgSENdf2R-EWxdWUMrPSIMKA8cA2MzPBwqCxscYyQiRjsaBUM7ZWENMxkcACwtYQw3.jpeg\" width=\"1200\" height=\"675\" loading=\"eager\" fetchpriority=\"high\" class=\"wp-media-image\" alt=\"W\u0142amania do sklep\u00f3w Dino w woj. lubuskim\"\/>Sklep Dino.<\/p>\n<p>\u0179r\u00f3d\u0142o zdj\u0119\u0107: \u00a9 Adobe Stock | zdj. ilustracyjne<\/p>\n<p>  <img loading=\"lazy\" decoding=\"async\" src=\"https:\/\/www.europesays.com\/pl\/wp-content\/uploads\/2026\/09\/Njc3Y2ZlYQsCUS8BdRdsHkEJe1szTmJIFhFjEHVYfhJXA3ZUMwArGAZDNhw9HjsaAkQpHCoAYQsTWnZEa0MqAxBDNVMjQysHAVY9.jpeg\"  alt=\"Anna Kurek\" height=\"40\" width=\"40\" class=\"rounded-full select-none text-[--color-gray-700] bg-[--bg-content] wp-author-avatar\"\/>1 komentarz  Udost\u0119pnij na Facebooku    Udost\u0119pnij na X   Udost\u0119pnij na WhatsApp   Kopiuj link <\/p>\n","protected":false},"excerpt":{"rendered":"W Dino trwa promocja na artyku\u0142y \u015bniadaniowe, nabia\u0142, kaw\u0119, s\u0142odycze oraz produkty do gotowania i pieczenia. Oferta z&hellip;\n","protected":false},"author":2,"featured_media":666320,"comment_status":"","ping_status":"","sticky":false,"template":"","format":"standard","meta":{"footnotes":"","_share_on_mastodon":"0"},"categories":[52249],"tags":[857,41997,42,38,40,39,41],"class_list":["post-666319","post","type-post","status-publish","format-standard","has-post-thumbnail","category-dino-polska","tag-dino","tag-dino-polska","tag-pl","tag-poland","tag-polish","tag-polska","tag-polski"],"share_on_mastodon":{"url":"https:\/\/pubeurope.com\/@pl\/117211339456579551","error":""},"_links":{"self":[{"href":"https:\/\/www.europesays.com\/pl\/wp-json\/wp\/v2\/posts\/666319","targetHints":{"allow":["GET"]}}],"collection":[{"href":"https:\/\/www.europesays.com\/pl\/wp-json\/wp\/v2\/posts"}],"about":[{"href":"https:\/\/www.europesays.com\/pl\/wp-json\/wp\/v2\/types\/post"}],"author":[{"embeddable":true,"href":"https:\/\/www.europesays.com\/pl\/wp-json\/wp\/v2\/users\/2"}],"replies":[{"embeddable":true,"href":"https:\/\/www.europesays.com\/pl\/wp-json\/wp\/v2\/comments?post=666319"}],"version-history":[{"count":0,"href":"https:\/\/www.europesays.com\/pl\/wp-json\/wp\/v2\/posts\/666319\/revisions"}],"wp:featuredmedia":[{"embeddable":true,"href":"https:\/\/www.europesays.com\/pl\/wp-json\/wp\/v2\/media\/666320"}],"wp:attachment":[{"href":"https:\/\/www.europesays.com\/pl\/wp-json\/wp\/v2\/media?parent=666319"}],"wp:term":[{"taxonomy":"category","embeddable":true,"href":"https:\/\/www.europesays.com\/pl\/wp-json\/wp\/v2\/categories?post=666319"},{"taxonomy":"post_tag","embeddable":true,"href":"https:\/\/www.europesays.com\/pl\/wp-json\/wp\/v2\/tags?post=666319"}],"curies":[{"name":"wp","href":"https:\/\/api.w.org\/{rel}","templated":true}]}}