{"id":666337,"date":"2026-09-04T06:34:11","date_gmt":"2026-09-04T06:34:11","guid":{"rendered":"https:\/\/www.europesays.com\/pl\/666337\/"},"modified":"2026-09-04T06:34:11","modified_gmt":"2026-09-04T06:34:11","slug":"ponad-szesc-razy-wiecej-ciezkich-urazow-po-hulajnogach-niepokojace-dane-z-poznanskiego-szpitala","status":"publish","type":"post","link":"https:\/\/www.europesays.com\/pl\/666337\/","title":{"rendered":"Ponad sze\u015b\u0107 razy wi\u0119cej ci\u0119\u017ckich uraz\u00f3w po hulajnogach. Niepokoj\u0105ce dane z pozna\u0144skiego szpitala"},"content":{"rendered":"<p>CZYTAJ TE\u017b:\u00a0<a style=\"color: #3366ff;\" href=\"https:\/\/radiopoznan.fm\/..\/..\/informacje\/pozostale\/wypadki-z-udzialem-hulajnog-elektrycznych-tragiczny-bilans-ostatnich-dni\" target=\"_blank\" rel=\"noopener nofollow\">Wypadki z udzia\u0142em hulajn\u00f3g elektrycznych. Tragiczny bilans ostatnich dni<\/a><\/p>\n<p>Przy tego typu urazach neurochirurdzy dzieci\u0119cy cz\u0119sto musz\u0105 wsp\u00f3\u0142pracowa\u0107 z chirurgami dzieci\u0119cymi. Dlatego w podpozna\u0144skim Swarz\u0119dzu rozpoczyna si\u0119 pierwsza konferencja, podczas kt\u00f3rej lekarze b\u0119d\u0105 omawia\u0107 tak\u017ce takie przypadki.<\/p>\n<p>Neurochirurg Natalia Retkowska-Tomaszewska ze Szpitala im. Jonschera powiedzia\u0142a Radiu Pozna\u0144, \u017ce lekarze uznali spotkanie w takim gronie\u00a0za potrzebne.<\/p>\n<p>&#13;<\/p>\n<p>Rzeczywi\u015bcie jest to teraz taki gor\u0105cy temat ze wzgl\u0119du na liczb\u0119 tych uraz\u00f3w, ale te\u017c ci\u0119\u017cko\u015b\u0107 tych uraz\u00f3w. B\u0119dziemy omawia\u0107 wsp\u00f3lne strategie post\u0119powania, jak r\u00f3wnie\u017c b\u0119dziemy m\u00f3wi\u0107 o profilaktyce. Jak zapobiega\u0107, by tych uraz\u00f3w by\u0142o jak najmniej<\/p>\n<p>&#13;<\/p>\n<p>&#8211; powiedzia\u0142a lek. Retkowska-Tomaszewska.<\/p>\n<p>Przyczyn\u0105 ci\u0119\u017ckich uraz\u00f3w jest przede wszystkim rozwijana pr\u0119dko\u015b\u0107 i brak kasku. Od czerwca u\u017cytkownicy hulajn\u00f3g poni\u017cej 16. roku \u017cycia musz\u0105 je\u017adzi\u0107 w kasku. Do pozna\u0144skiego szpitala z ci\u0119\u017ckimi urazami trafiaj\u0105 przede wszystkim nastolatkowie.<\/p>\n<p>W dwudniowej konferencji we\u017amie udzia\u0142 ponad stu neurochirurg\u00f3w i chirurg\u00f3w dzieci\u0119cych z ca\u0142ej Polski. Spotkanie ma odbywa\u0107 si\u0119 cyklicznie.<\/p>\n<p>Podczas pierwszego sympozjum lekarze b\u0119d\u0105 rozmawia\u0107 tak\u017ce o leczeniu wodog\u0142owia u dzieci oraz wrodzonych wad o\u015brodkowego uk\u0142adu nerwowego.<\/p>\n<p>CZYTAJ TE\u017b:\u00a0<a style=\"color: #3366ff;\" href=\"https:\/\/radiopoznan.fm\/..\/..\/informacje\/pozostale\/zakaz-hulajnog-elektrycznych-takze-w-poznaniu-ekspert-wskazuje-malte\" target=\"_blank\" rel=\"noopener nofollow\">Zakaz hulajn\u00f3g elektrycznych tak\u017ce w Poznaniu? Ekspert wskazuje Malt\u0119<\/a><\/p>\n","protected":false},"excerpt":{"rendered":"CZYTAJ TE\u017b:\u00a0Wypadki z udzia\u0142em hulajn\u00f3g elektrycznych. Tragiczny bilans ostatnich dni Przy tego typu urazach neurochirurdzy dzieci\u0119cy cz\u0119sto musz\u0105&hellip;\n","protected":false},"author":2,"featured_media":666338,"comment_status":"","ping_status":"","sticky":false,"template":"","format":"standard","meta":{"footnotes":"","_share_on_mastodon":"0"},"categories":[51609],"tags":[42,38,40,39,41,1817],"class_list":["post-666337","post","type-post","status-publish","format-standard","has-post-thumbnail","category-poznan","tag-pl","tag-poland","tag-polish","tag-polska","tag-polski","tag-poznan"],"share_on_mastodon":{"url":"https:\/\/pubeurope.com\/@pl\/117211382804984150","error":""},"_links":{"self":[{"href":"https:\/\/www.europesays.com\/pl\/wp-json\/wp\/v2\/posts\/666337","targetHints":{"allow":["GET"]}}],"collection":[{"href":"https:\/\/www.europesays.com\/pl\/wp-json\/wp\/v2\/posts"}],"about":[{"href":"https:\/\/www.europesays.com\/pl\/wp-json\/wp\/v2\/types\/post"}],"author":[{"embeddable":true,"href":"https:\/\/www.europesays.com\/pl\/wp-json\/wp\/v2\/users\/2"}],"replies":[{"embeddable":true,"href":"https:\/\/www.europesays.com\/pl\/wp-json\/wp\/v2\/comments?post=666337"}],"version-history":[{"count":0,"href":"https:\/\/www.europesays.com\/pl\/wp-json\/wp\/v2\/posts\/666337\/revisions"}],"wp:featuredmedia":[{"embeddable":true,"href":"https:\/\/www.europesays.com\/pl\/wp-json\/wp\/v2\/media\/666338"}],"wp:attachment":[{"href":"https:\/\/www.europesays.com\/pl\/wp-json\/wp\/v2\/media?parent=666337"}],"wp:term":[{"taxonomy":"category","embeddable":true,"href":"https:\/\/www.europesays.com\/pl\/wp-json\/wp\/v2\/categories?post=666337"},{"taxonomy":"post_tag","embeddable":true,"href":"https:\/\/www.europesays.com\/pl\/wp-json\/wp\/v2\/tags?post=666337"}],"curies":[{"name":"wp","href":"https:\/\/api.w.org\/{rel}","templated":true}]}}