{"id":666345,"date":"2026-09-04T06:38:16","date_gmt":"2026-09-04T06:38:16","guid":{"rendered":"https:\/\/www.europesays.com\/pl\/666345\/"},"modified":"2026-09-04T06:38:16","modified_gmt":"2026-09-04T06:38:16","slug":"polska-z-ostrowiankami-o-medale","status":"publish","type":"post","link":"https:\/\/www.europesays.com\/pl\/666345\/","title":{"rendered":"Polska z Ostrowiankami o medale"},"content":{"rendered":"<p>          <a href=\"https:\/\/www.europesays.com\/pl\/wp-content\/uploads\/2026\/09\/1788503894_127_polska_z_ostrowiankami_o_medale.jpg\" title=\". fot. materia\u0142y Reprezentacja Polski Os\u00f3b Nies\u0142ysz\u0105cych \" class=\"colorbox\" rel=\"gallery-node-167307\"><img loading=\"lazy\" decoding=\"async\" class=\"image-style-thumbnail\" src=\"https:\/\/www.europesays.com\/pl\/wp-content\/uploads\/2026\/09\/polska_z_ostrowiankami_o_medale.jpg\" width=\"220\" height=\"151\" alt=\"\" title=\". fot. materia\u0142y Reprezentacja Polski Os\u00f3b Nies\u0142ysz\u0105cych \"\/><\/a>    <\/p>\n<p>W przesz\u0142o\u015bci mia\u0142y ju\u017c z\u0142oto, a p\u00f3\u017aniej br\u0105z. Teraz zn\u00f3w zagraj\u0105 o medale. Mowa o reprezentacji Polski z dwiema Ostrowiankami w sk\u0142adzie, kt\u00f3ra podczas Mistrzostw \u015awiata w koszyk\u00f3wce 3&#215;3 os\u00f3b nies\u0142ysz\u0105cych w serbskim Zlatiborze awansowa\u0142a w czwartkowy wiecz\u00f3r do strefy medalowej.<\/p>\n<p>Cztery lata temu w Izraelu polskie koszykarki wywalczy\u0142y historyczne z\u0142oto i zdoby\u0142y tytu\u0142 mistrzy\u0144 \u015bwiata. Dwa lata temu w Waszyngtonie wywalczy\u0142y br\u0105zowy medal. W\u00f3wczas w kadrze Polek by\u0142y dwie Ostrowianki: Agata Krygowska i Anna Ku\u017aniewska. \u201eTeraz w pierwszej reprezentacji Polski ponownie s\u0105 dwie Ostrowianki, ale obok Anny Ku\u017aniewskiej jest Julia Wojtysiak. Ja z kolei jestem w sztabie szkoleniowym kadry\u201d \u2013 powiedzia\u0142a <a href=\"https:\/\/www.rc.fm\/reklama\" rel=\"nofollow noopener\" target=\"_blank\"> <\/a><a href=\"https:\/\/www.rc.fm\/reklama\" rel=\"nofollow noopener\" target=\"_blank\"> <\/a><a href=\"https:\/\/www.rc.fm\/reklama\" rel=\"nofollow noopener\" target=\"_blank\"> radiuCENTRUM<\/a> Agata Krygowska \u2013 najlepsza koszykarka Mistrzostw \u015awiata Os\u00f3b Nies\u0142ysz\u0105cych sprzed czterech lat.<\/p>\n<p>Pierwszy zesp\u00f3\u0142 Polek, w kt\u00f3rym wyst\u0119puj\u0105 obie Ostrowianki, wygra\u0142 z kompletem punkt\u00f3w wszystkie swoje mecze grupowe i z pierwszego miejsca awansowa\u0142 do \u0107wier\u0107fina\u0142u, gdzie trafi\u0142 na\u2026 drug\u0105 reprezentacj\u0105 naszego kraju, kt\u00f3ra zaj\u0119\u0142a czwart\u0105 pozycj\u0119 w grupie A. Kadra z Ku\u017aniewsk\u0105 i Wojtysiak wygra\u0142a w czwartek 20:13 i w pi\u0105tek wieczorem z reprezentacj\u0105 Grecji zmierzy si\u0119 w p\u00f3\u0142finale Mistrzostw \u015awiata w Koszyk\u00f3wce 3&#215;3 Os\u00f3b Nies\u0142ysz\u0105cych.<\/p>\n<p><img loading=\"lazy\" decoding=\"async\" src=\"https:\/\/www.europesays.com\/pl\/wp-content\/uploads\/2026\/09\/1788503894_127_polska_z_ostrowiankami_o_medale.jpg\" alt=\"\" title=\". Fot. Materia\u0142y Reprezentacja Polski Os\u00f3b Nies\u0142ysz\u0105cych \" width=\"640\" height=\"440\"\/>na fot.: reprezentacja Polski Kobiet 3&#215;3 Os\u00f3b Nies\u0142ysz\u0105cych z dwoma Ostrowiankami w sk\u0142adzie<\/p>\n<p>Autor:\u00a0<br \/>\n  <img loading=\"lazy\" decoding=\"async\" class=\"image-style-none\" src=\"https:\/\/www.europesays.com\/pl\/wp-content\/uploads\/2026\/09\/kmiecik-133x133.png\" width=\"133\" height=\"133\" alt=\"\"\/><\/p>\n<p>      Personalia<\/p>\n<p>    e-mail<br \/>\nkmiecik@rc.fm<\/p>\n<p>Nazwisko:\u00a0<br \/>\n <img loading=\"lazy\" decoding=\"async\" class=\"image-style-none\" src=\"https:\/\/www.europesays.com\/pl\/wp-content\/uploads\/2026\/09\/rc_kosz.jpg\" width=\"640\" height=\"640\"\/>NEWS nr 2:\u00a0<\/p>\n<p>\n<br \/>Ka\u017cde forum komentarzy umieszczone pod informacjami prasowymi na niniejszej stronie internetowej (www.rc.fm),<br \/>\nnie jest moderowane w czasie rzeczywistym  &#8211; komentarze nie s\u0105 weryfikowane przed ich automatyczn\u0105 publikacj\u0105.<br \/>\nNie jest dozwolone umieszczanie w ww. komentarzach: nazw i marek o charakterze komercyjnym,<br \/>\nlink\u00f3w czy innego rodzaju przekierowa\u0144 do innych stron internetowych i jakichkolwiek obiekt\u00f3w graficznych.<br \/>\nWpisy \u0142ami\u0105ce prawo nale\u017cy zg\u0142asza\u0107 na adres: adm@rc.fm. Wpisuj\u0105c jakikolwiek komentarz na niniejszej stronie internetowej (www.rc.fm),<br \/>\nautor tego komentarza przyjmuje \u015bwiadomie do wiadomo\u015bci i \u015bwiadomie akceptuje bezwarunkowe prawo w\u0142a\u015bciciela niniejszej strony internetowej<br \/>\n(www.rc.fm) do usuni\u0119cia lub modyfikacyjnego skr\u00f3tu wpisanego komentarza oraz brak gwarancji zapewnienia ci\u0105g\u0142o\u015bci publikacji wpisanego<br \/>\nkomentarza, jako korespondencji niezam\u00f3wionej przez w\u0142a\u015bciciela niniejszej strony internetowej (www.rc.fm).<br \/><\/p>\n","protected":false},"excerpt":{"rendered":"W przesz\u0142o\u015bci mia\u0142y ju\u017c z\u0142oto, a p\u00f3\u017aniej br\u0105z. Teraz zn\u00f3w zagraj\u0105 o medale. Mowa o reprezentacji Polski z&hellip;\n","protected":false},"author":2,"featured_media":666346,"comment_status":"","ping_status":"","sticky":false,"template":"","format":"standard","meta":{"footnotes":"","_share_on_mastodon":"0"},"categories":[12],"tags":[59944,7749,59943,59947,59945,8445,59942,4255,56315,42,27719,59946,38,40,39,41,7998,8945,1092],"class_list":["post-666345","post","type-post","status-publish","format-standard","has-post-thumbnail","category-polska","tag-dziennik","tag-gazeta","tag-gazeta-kaliska","tag-gazeta-lokalna","tag-informacje-lokalne","tag-jarocin","tag-kaliska","tag-kalisz","tag-ostrow-wlkp","tag-pl","tag-pleszew","tag-poudniowa-wielkopolska","tag-poland","tag-polish","tag-polska","tag-polski","tag-radio","tag-wielkopolska","tag-wydarzenia"],"share_on_mastodon":{"url":"https:\/\/pubeurope.com\/@pl\/117211399519981673","error":""},"_links":{"self":[{"href":"https:\/\/www.europesays.com\/pl\/wp-json\/wp\/v2\/posts\/666345","targetHints":{"allow":["GET"]}}],"collection":[{"href":"https:\/\/www.europesays.com\/pl\/wp-json\/wp\/v2\/posts"}],"about":[{"href":"https:\/\/www.europesays.com\/pl\/wp-json\/wp\/v2\/types\/post"}],"author":[{"embeddable":true,"href":"https:\/\/www.europesays.com\/pl\/wp-json\/wp\/v2\/users\/2"}],"replies":[{"embeddable":true,"href":"https:\/\/www.europesays.com\/pl\/wp-json\/wp\/v2\/comments?post=666345"}],"version-history":[{"count":0,"href":"https:\/\/www.europesays.com\/pl\/wp-json\/wp\/v2\/posts\/666345\/revisions"}],"wp:featuredmedia":[{"embeddable":true,"href":"https:\/\/www.europesays.com\/pl\/wp-json\/wp\/v2\/media\/666346"}],"wp:attachment":[{"href":"https:\/\/www.europesays.com\/pl\/wp-json\/wp\/v2\/media?parent=666345"}],"wp:term":[{"taxonomy":"category","embeddable":true,"href":"https:\/\/www.europesays.com\/pl\/wp-json\/wp\/v2\/categories?post=666345"},{"taxonomy":"post_tag","embeddable":true,"href":"https:\/\/www.europesays.com\/pl\/wp-json\/wp\/v2\/tags?post=666345"}],"curies":[{"name":"wp","href":"https:\/\/api.w.org\/{rel}","templated":true}]}}