{"id":666355,"date":"2026-09-04T06:44:13","date_gmt":"2026-09-04T06:44:13","guid":{"rendered":"https:\/\/www.europesays.com\/pl\/666355\/"},"modified":"2026-09-04T06:44:13","modified_gmt":"2026-09-04T06:44:13","slug":"tak-szelagowska-mowila-o-koroniewskiej-mozna-zwariowac","status":"publish","type":"post","link":"https:\/\/www.europesays.com\/pl\/666355\/","title":{"rendered":"Tak Szel\u0105gowska m\u00f3wi\u0142a o Koroniewskiej. &#8222;Mo\u017cna zwariowa\u0107&#8221;"},"content":{"rendered":"<p>Joanna Koroniewska i Dorota Szel\u0105gowska przez lata pokazywa\u0142y, \u017ce \u0142\u0105czy je bliska relacja: wyst\u0119powa\u0142y razem w mediach i sp\u0119dza\u0142y wsp\u00f3lnie czas tak\u017ce prywatnie. Teraz wszystko wskazuje na to, \u017ce ich znajomo\u015b\u0107 wygas\u0142a, a od d\u0142u\u017cszego czasu nie maj\u0105 ze sob\u0105 kontaktu. Co Szel\u0105gowska m\u00f3wi\u0142a wcze\u015bniej o Koroniewskiej?<\/p>\n<p>    <img decoding=\"async\" src=\"https:\/\/www.europesays.com\/pl\/wp-content\/uploads\/2026\/09\/NzNlNTJkYRsvDjhnZRBsDmxWbD0jSWJYO050dmVafEp-FHhjf0QoEyIJPDE6BGAdPBk-NT0bYAoiQy8kI0Q4S2EIJyc6By8DYQkj.jpeg\" width=\"1200\" height=\"675\" loading=\"eager\" fetchpriority=\"high\" class=\"wp-media-image\" alt=\"Co Szel\u0105gowska m\u00f3wi\u0142a o Koroniewskiej\"\/>Co Szel\u0105gowska m\u00f3wi\u0142a o Koroniewskiej<\/p>\n<p>\u0179r\u00f3d\u0142o zdj\u0119\u0107: \u00a9 KAPiF<\/p>\n<p> 19 komentarzy  Udost\u0119pnij na Facebooku    Udost\u0119pnij na X   Udost\u0119pnij na WhatsApp   Kopiuj link <\/p>\n","protected":false},"excerpt":{"rendered":"Joanna Koroniewska i Dorota Szel\u0105gowska przez lata pokazywa\u0142y, \u017ce \u0142\u0105czy je bliska relacja: wyst\u0119powa\u0142y razem w mediach i&hellip;\n","protected":false},"author":2,"featured_media":666356,"comment_status":"","ping_status":"","sticky":false,"template":"","format":"standard","meta":{"footnotes":"","_share_on_mastodon":"0"},"categories":[22],"tags":[122,42,38,40,39,41,123],"class_list":["post-666355","post","type-post","status-publish","format-standard","has-post-thumbnail","category-rozrywka","tag-entertainment","tag-pl","tag-poland","tag-polish","tag-polska","tag-polski","tag-rozrywka"],"share_on_mastodon":{"url":"https:\/\/pubeurope.com\/@pl\/117211422062678538","error":""},"_links":{"self":[{"href":"https:\/\/www.europesays.com\/pl\/wp-json\/wp\/v2\/posts\/666355","targetHints":{"allow":["GET"]}}],"collection":[{"href":"https:\/\/www.europesays.com\/pl\/wp-json\/wp\/v2\/posts"}],"about":[{"href":"https:\/\/www.europesays.com\/pl\/wp-json\/wp\/v2\/types\/post"}],"author":[{"embeddable":true,"href":"https:\/\/www.europesays.com\/pl\/wp-json\/wp\/v2\/users\/2"}],"replies":[{"embeddable":true,"href":"https:\/\/www.europesays.com\/pl\/wp-json\/wp\/v2\/comments?post=666355"}],"version-history":[{"count":0,"href":"https:\/\/www.europesays.com\/pl\/wp-json\/wp\/v2\/posts\/666355\/revisions"}],"wp:featuredmedia":[{"embeddable":true,"href":"https:\/\/www.europesays.com\/pl\/wp-json\/wp\/v2\/media\/666356"}],"wp:attachment":[{"href":"https:\/\/www.europesays.com\/pl\/wp-json\/wp\/v2\/media?parent=666355"}],"wp:term":[{"taxonomy":"category","embeddable":true,"href":"https:\/\/www.europesays.com\/pl\/wp-json\/wp\/v2\/categories?post=666355"},{"taxonomy":"post_tag","embeddable":true,"href":"https:\/\/www.europesays.com\/pl\/wp-json\/wp\/v2\/tags?post=666355"}],"curies":[{"name":"wp","href":"https:\/\/api.w.org\/{rel}","templated":true}]}}