{"id":666403,"date":"2026-09-04T07:11:16","date_gmt":"2026-09-04T07:11:16","guid":{"rendered":"https:\/\/www.europesays.com\/pl\/666403\/"},"modified":"2026-09-04T07:11:16","modified_gmt":"2026-09-04T07:11:16","slug":"polki-skradly-show-po-meczu-nagranie-w-sieci","status":"publish","type":"post","link":"https:\/\/www.europesays.com\/pl\/666403\/","title":{"rendered":"Polki skrad\u0142y show po meczu. Nagranie w sieci"},"content":{"rendered":"\n<p class=\"contentpart contentpart--default contentpart--text\" data-position=\"0\">Co to by\u0142 za b\u00f3j!\u00a0<a href=\"https:\/\/sportowefakty.wp.pl\/tenis\/maja-chwalinska\" rel=\"nofollow noopener\" target=\"_blank\">Maja Chwali\u0144ska<\/a>\u00a0i\u00a0<a href=\"https:\/\/sportowefakty.wp.pl\/tenis\/magdalena-linette\" rel=\"nofollow noopener\" target=\"_blank\">Magda Linette<\/a>\u00a0odwr\u00f3ci\u0142y losy spotkania I rundy debla w ramach US Open 2026. Polskie tenisistki pokona\u0142y mistrzynie Wimbledonu 2026, chi\u0144sko-francusk\u0105 par\u0119\u00a0<a href=\"https:\/\/sportowefakty.wp.pl\/tenis\/hanyu-guo\" rel=\"nofollow noopener\" target=\"_blank\">Hanyu Guo<\/a>\u00a0i\u00a0<a href=\"https:\/\/sportowefakty.wp.pl\/tenis\/kristina-mladenovic\" rel=\"nofollow noopener\" target=\"_blank\">Kristina Mladenovi\u0107<\/a>\u00a06:7(5), 6:4, 6:4 (<a href=\"https:\/\/sportowefakty.wp.pl\/tenis\/1271905\/chwalinska-i-linette-sprawily-niespodzianke-w-us-open\" rel=\"nofollow noopener\" target=\"_blank\">wi\u0119cej tutaj<\/a>).<\/p>\n<p class=\"contentpart contentpart--default contentpart--text\" data-position=\"1\">Rado\u015b\u0107 Bia\u0142o-Czerwonych po takim zwyci\u0119stwie by\u0142a ogromna. Nasze reprezentantki przysz\u0142o wspiera\u0107 na korcie 15 spore grono kibic\u00f3w. Chwali\u0144ska i Linette serdecznie podzi\u0119kowa\u0142y im za doping. Po zako\u0144czeniu meczu ch\u0119tnie pozowa\u0142y do zdj\u0119\u0107 z fanami.<\/p>\n<p>  <img decoding=\"async\" src=\"https:\/\/v.wpimg.pl\/X3dwLnN2d1IFFTpdYUl6R0ZNbgcnEHQREVV2TGEGbUtRT2MdOlZ2RBQUKABgQjQcDRotCStBd1IAAWMeIlM7VgwYIAorQAdEFFk_GCkQJQ\" alt=\"\" width=\"45\" height=\"58\" loading=\"lazy\"\/>       <\/p>\n<p class=\"contentpart contentpart--default contentpart--text\" data-position=\"3\">Polki udzieli\u0142y r\u00f3wnie\u017c wywiadu Paw\u0142owi Kuwikowi z Eurosportu. &#8211; Dla mnie to by\u0142a wielka przyjemno\u015b\u0107 gra\u0107 z Magd\u0105. To by\u0142 nasz pierwszy debel &#8211; m\u00f3wi\u0142a Chwali\u0144ska.<\/p>\n<p class=\"contentpart contentpart--default contentpart--text\" data-position=\"4\">W\u00f3wczas rozmow\u0119 przerwa\u0142a Linette, kt\u00f3ra obj\u0119\u0142a Chwali\u0144sk\u0105. Na twarzy finalistki Rolanda Garrosa 2026 pojawi\u0142 si\u0119 u\u015bmiech.<\/p>\n<p class=\"contentpart contentpart--default contentpart--text\" data-position=\"5\">&#8211; Bardzo si\u0119 ciesz\u0119. Faktycznie pokona\u0142y\u015bmy \u015bwietne zawodniczki &#8211; doda\u0142a Chwali\u0144ska.<\/p>\n<p class=\"contentpart contentpart--default contentpart--text\" data-position=\"6\">Nast\u0119pnie g\u0142os zabra\u0142a Linette. &#8211; Ciesz\u0119 si\u0119, \u017ce nasze po\u0142\u00f3wki si\u0119 fajnie uzupe\u0142niaj\u0105. Maja jest w stanie troszk\u0119 wi\u0119cej zrobi\u0107 na siatce. My\u015bl\u0119, \u017ce ja mam troszk\u0119 wi\u0119cej si\u0142y w serwisie &#8211; stwierdzi\u0142a Poznanianka.<\/p>\n<p>  <img decoding=\"async\" src=\"https:\/\/v.wpimg.pl\/X3dwLnN2d1IFFTpdYUl6R0ZNbgcnEHQREVV2TGEGbUtRT2MdOlZ2RBQUKABgQjQcDRotCStBd1IAAWMeIlM7VgwYIAorQAdEFFk_GCkQJQ\" alt=\"\" width=\"45\" height=\"58\" loading=\"lazy\"\/>  <\/p>\n<p class=\"contentpart contentpart--default contentpart--text\" data-position=\"7\">Chwali\u0144ska i Linette nie znaj\u0105 jeszcze przeciwniczek w II rundzie gry podw\u00f3jnej. Zostan\u0105 nimi Rosjanka\u00a0<a href=\"https:\/\/sportowefakty.wp.pl\/tenis\/alina-korniejewa\" rel=\"nofollow noopener\" target=\"_blank\">Alina Korniejewa<\/a>\u00a0i Czeszka\u00a0<a href=\"https:\/\/sportowefakty.wp.pl\/tenis\/darja-vidmanova\" rel=\"nofollow noopener\" target=\"_blank\">Darja Vidmanova<\/a>\u00a0lub W\u0119gierka\u00a0<a href=\"https:\/\/sportowefakty.wp.pl\/tenis\/anna-bondar\" rel=\"nofollow noopener\" target=\"_blank\">Anna Bondar<\/a>\u00a0i Ukrainka\u00a0<a href=\"https:\/\/sportowefakty.wp.pl\/tenis\/anhelina-kalinina\" rel=\"nofollow noopener\" target=\"_blank\">Anhelina Kalinina<\/a>.<\/p>\n<p class=\"contentpart contentpart--default contentpart--text\" data-position=\"9\">ZOBACZ WIDEO: Jeden obrazek z Maj\u0105 Chwali\u0144sk\u0105. &#8222;Ten widok \u0142amie serce&#8221;<\/p>\n","protected":false},"excerpt":{"rendered":"Co to by\u0142 za b\u00f3j!\u00a0Maja Chwali\u0144ska\u00a0i\u00a0Magda Linette\u00a0odwr\u00f3ci\u0142y losy spotkania I rundy debla w ramach US Open 2026. Polskie&hellip;\n","protected":false},"author":2,"featured_media":666404,"comment_status":"","ping_status":"","sticky":false,"template":"","format":"standard","meta":{"footnotes":"","_share_on_mastodon":"0"},"categories":[24],"tags":[36209,14105,42281,3873,3878,2384,42,38,40,39,41,755,127,268,126,156,102709,71,37628,157],"class_list":["post-666403","post","type-post","status-publish","format-standard","has-post-thumbnail","category-sport","tag-hanyu-guo","tag-itf","tag-kristina-mladenovic","tag-magda-linette","tag-maja-chwalinska","tag-nowy-jork","tag-pl","tag-poland","tag-polish","tag-polska","tag-polski","tag-polski-tenis","tag-sport","tag-sportowybar","tag-sports","tag-tenis","tag-us-open","tag-usa","tag-wielki-szlem","tag-wta"],"share_on_mastodon":{"url":"https:\/\/pubeurope.com\/@pl\/117211529399482848","error":""},"_links":{"self":[{"href":"https:\/\/www.europesays.com\/pl\/wp-json\/wp\/v2\/posts\/666403","targetHints":{"allow":["GET"]}}],"collection":[{"href":"https:\/\/www.europesays.com\/pl\/wp-json\/wp\/v2\/posts"}],"about":[{"href":"https:\/\/www.europesays.com\/pl\/wp-json\/wp\/v2\/types\/post"}],"author":[{"embeddable":true,"href":"https:\/\/www.europesays.com\/pl\/wp-json\/wp\/v2\/users\/2"}],"replies":[{"embeddable":true,"href":"https:\/\/www.europesays.com\/pl\/wp-json\/wp\/v2\/comments?post=666403"}],"version-history":[{"count":0,"href":"https:\/\/www.europesays.com\/pl\/wp-json\/wp\/v2\/posts\/666403\/revisions"}],"wp:featuredmedia":[{"embeddable":true,"href":"https:\/\/www.europesays.com\/pl\/wp-json\/wp\/v2\/media\/666404"}],"wp:attachment":[{"href":"https:\/\/www.europesays.com\/pl\/wp-json\/wp\/v2\/media?parent=666403"}],"wp:term":[{"taxonomy":"category","embeddable":true,"href":"https:\/\/www.europesays.com\/pl\/wp-json\/wp\/v2\/categories?post=666403"},{"taxonomy":"post_tag","embeddable":true,"href":"https:\/\/www.europesays.com\/pl\/wp-json\/wp\/v2\/tags?post=666403"}],"curies":[{"name":"wp","href":"https:\/\/api.w.org\/{rel}","templated":true}]}}