{"id":666405,"date":"2026-09-04T07:12:20","date_gmt":"2026-09-04T07:12:20","guid":{"rendered":"https:\/\/www.europesays.com\/pl\/666405\/"},"modified":"2026-09-04T07:12:20","modified_gmt":"2026-09-04T07:12:20","slug":"nie-zyje-witold-plociennik-pracowal-przy-wielu-swietnych-polskich-produkcjach","status":"publish","type":"post","link":"https:\/\/www.europesays.com\/pl\/666405\/","title":{"rendered":"Nie \u017cyje Witold P\u0142\u00f3ciennik. Pracowa\u0142 przy wielu \u015bwietnych, polskich produkcjach"},"content":{"rendered":"<p><a href=\"https:\/\/www.google.com\/preferences\/source?q=film.wp.pl\" target=\"_blank\" rel=\"nofollow noopener\" class=\"preferred-source-banner\" id=\"preferred-source-banner\" data-vab-box=\"preferred_source_banner\"><\/p>\n<p class=\"preferred-source-banner-title\">Dodaj WP Film jako preferowane \u017ar\u00f3d\u0142o w Google<\/p>\n<p class=\"preferred-source-banner-subtitle\">Nasze tre\u015bci b\u0119d\u0105 cz\u0119\u015bciej wy\u015bwietla\u0107 si\u0119 w Twoich wynikach Google<\/p>\n<p><\/a> <\/p>\n<p>&#8211; Ludzie zawsze s\u0105 u\u00a0niego na pierwszym miejscu. Jest bardzo wyczulony na problemy innych. Taki jest prywatnie i\u00a0taki jest w\u00a0pracy zawodowej. Powiedzia\u0142abym, \u017ce jest cz\u0142owiekiem bardzo prawym i\u00a0\u017cyczliwym wobec innych &#8211; <a href=\"https:\/\/film.wp.pl\/zaginiecie-witolda-plociennika-niewyobrazalne-ze-tak-zniknal-7324982745860256a\" rel=\"noopener noreferrer nofollow\" target=\"_blank\">m\u00f3wi\u0142a jeszcze kilka dni temu w\u00a0rozmowie z\u00a0WP Film Anna Szczerbi\u0144ska, koordynatorka Zwi\u0105zku Zawodowego Filmowc\u00f3w, w\u00a0kt\u00f3rym pracowa\u0142 tak\u017ce P\u0142\u00f3ciennik<\/a>.<\/p>\n<p> Potrafi przerazi\u0107 spojrzeniem. Polskie kino bez niego nie istnieje  <\/p>\n<p>W\u00a0nocy, 3\u00a0wrze\u015bnia, po szeroko zakrojonych poszukiwaniach zaginionego operatora, w\u00a0kt\u00f3re zaanga\u017cowa\u0142o si\u0119 wiele os\u00f3b, szereg jednostek policyjnych itd., potwierdzi\u0142y si\u0119 najgorsze podejrzenia. Policja poinformowa\u0142a najpierw o\u00a0odnalezieniu cia\u0142a, a\u00a0nied\u0142ugo p\u00f3\u017aniej potwierdzi\u0142a to\u017csamo\u015b\u0107 zmar\u0142ego. <\/p>\n<p> <img role=\"presentation\" class=\"absolute left-1\/2 top-1\/2 max-h-[80%] max-w-[100px] -translate-x-1\/2 -translate-y-1\/2\" src=\"https:\/\/v.wpimg.pl\/ZXJfd3AudTkrBBIAbg54LGhcRlAxHQUrPgJGH2MAeGJoSQ1eIBI_K2UHAEVuBTY5KQMMXC0RPyoVERQdMgM9ejc\" loading=\"lazy\" decoding=\"async\"\/> <a href=\"https:\/\/www.o2.pl\/informacje\/witold-plociennik-nie-zyje-tak-zachowywal-sie-przed-zaginieciem-7325529387198560a\" class=\"teaser-inline\" rel=\"nofollow noopener\" target=\"_blank\">  <img decoding=\"async\" src=\"https:\/\/www.europesays.com\/pl\/wp-content\/uploads\/2026\/09\/NWZhNjUxYTY7CjhZegNsI3hSbAM8WmJ1L0p0SHpJfG9qEGEMPBQrJT8YIUQyCjsnOx8-RCUUYTYqAWEcZFcqPikYIgssVys6OA0q.jpeg\" loading=\"lazy\" class=\"wp-media-image cropped\" alt=\"Witold P\u0142\u00f3ciennik nie \u017cyje. Przed zagini\u0119ciem m\u00f3wi\u0142 o planach\"\/><\/p>\n<p>Witold P\u0142\u00f3ciennik nie \u017cyje. Przed zagini\u0119ciem m\u00f3wi\u0142 o planach<\/p>\n<p><\/a><\/p>\n<p>Kim by\u0142 Witold P\u0142\u00f3ciennik?<\/p>\n<p>Droga artystyczna Witolda P\u0142\u00f3ciennika rozpocz\u0119\u0142a si\u0119 w\u00a0Zielonej G\u00f3rze, z\u00a0kt\u00f3rej trafi\u0142 do legendarnej Pa\u0144stwowej Wy\u017cszej Szko\u0142y Filmowej, Telewizyjnej i\u00a0Teatralnej im. Leona Schillera w\u00a0\u0141odzi. To w\u0142a\u015bnie na s\u0142ynnej \u0142\u00f3dzkiej Film\u00f3wce szlifowa\u0142 warsztat operatorski, ucz\u0105c si\u0119 operowania \u015bwiat\u0142em, plastyk\u0105 obrazu oraz precyzyjn\u0105 kompozycj\u0105 kadr\u00f3w. Pierwsze kroki w\u00a0bran\u017cy stawia\u0142 przy etiudach i\u00a0mniejszych formach, jednak szybko zwr\u00f3ci\u0142 na siebie uwag\u0119 bran\u017cy kinowej niezwyk\u0142ym wyczuciem rytmu ekranowego i\u00a0umiej\u0119tno\u015bci\u0105 adaptowania j\u0119zyka wizualnego do specyfiki danej opowie\u015bci.<\/p>\n<p> <a href=\"https:\/\/film.wp.pl\/zaginiecie-witolda-plociennika-niewyobrazalne-ze-tak-zniknal-7324982745860256a\" class=\"teaser-inline\" rel=\"nofollow noopener\" target=\"_blank\">  <img decoding=\"async\" src=\"https:\/\/www.europesays.com\/pl\/wp-content\/uploads\/2026\/09\/YTZlMTg0djU7DjtnSEt7IHhWbz0OEnV2L053dkgBa2xqFGIyDlw8Jj8cInoAQiwkOxs9ehdcdjUqBWIiVh89PSkcITUeHzw5OAkp.jpeg\" loading=\"lazy\" class=\"wp-media-image cropped\" alt=\"Zagini\u0119cie Witolda P\u0142\u00f3ciennika. &quot;Niewyobra\u017calne, \u017ce tak znikn\u0105\u0142&quot;\"\/><\/p>\n<p>Zagini\u0119cie Witolda P\u0142\u00f3ciennika. &#8222;Niewyobra\u017calne, \u017ce tak znikn\u0105\u0142&#8221;<\/p>\n<p><\/a> <img role=\"presentation\" class=\"absolute left-1\/2 top-1\/2 max-h-[80%] max-w-[100px] -translate-x-1\/2 -translate-y-1\/2\" src=\"https:\/\/v.wpimg.pl\/ZXJfd3AudTkrBBIAbg54LGhcRlAxHQUrPgJGH2MAeGJoSQ1eIBI_K2UHAEVuBTY5KQMMXC0RPyoVERQdMgM9ejc\" loading=\"lazy\" decoding=\"async\"\/> <\/p>\n<p>Prze\u0142omem w\u00a0jego karierze okaza\u0142a si\u0119 wsp\u00f3\u0142praca przy takich obrazach jak &#8222;Wymyk&#8221; czy ceniony przez widz\u00f3w i\u00a0krytyk\u00f3w film &#8222;Carte Blanche&#8221;. Prawdziwym triumfem artysty sta\u0142y si\u0119 zdj\u0119cia do filmu &#8222;Ikar. Legenda Mietka Kosza&#8221; w\u00a0re\u017cyserii Macieja Pieprzycy. Za ten projekt zosta\u0142 uhonorowany presti\u017cow\u0105 Nagrod\u0105 za Zdj\u0119cia na Festiwalu Polskich Film\u00f3w Fabularnych w\u00a0Gdyni. Jego praca zachwyci\u0142a precyzj\u0105, z\u00a0jak\u0105 obraz oddawa\u0142 wewn\u0119trzny \u015bwiat niewidomego geniusza pianistyki \u2013 \u015bwiat pe\u0142en \u015bwiat\u0142a, cieni i\u00a0poetyckich metafor wizualnych. <\/p>\n<p>     <img decoding=\"async\" src=\"https:\/\/www.europesays.com\/pl\/wp-content\/uploads\/2026\/09\/MmZlZTIzYgw7DixnZgFvGXhWeD0gWGFPL05gdmYZYlppVSJgeE9iCzMAPyYsCiJDPR4vJCgNPUMqAHU1ORNiG2tDPj06CiEMI0M_.jpeg\" width=\"739\" height=\"415\" loading=\"lazy\" class=\"wp-media-image\" alt=\"kadr z filmu &quot;Ikar. Legenda Mietka Kosza&quot;\" data-lightbox=\"true\" data-source=\"\u00a9 Materia\u0142y prasowe\" data-caption=\"kadr z filmu &quot;Ikar. Legenda Mietka Kosza&quot;\"\/>kadr z filmu &#8222;Ikar. Legenda Mietka Kosza&#8221; \u00a9 Materia\u0142y prasowe <\/p>\n<p>Witold P\u0142\u00f3ciennik sta\u0142 si\u0119 r\u00f3wnie\u017c jednym z\u00a0architekt\u00f3w sukcesu polskich seriali z\u00a0p\u00f3\u0142ki produkcji premium. To w\u00a0du\u017cej mierze jego praca ukszta\u0142towa\u0142a mroczny i\u00a0g\u0119sty \u015bwiat podlaskiej tajemnicy w\u00a0kultowym serialu &#8222;Kruk&#8221;, a\u00a0tak\u017ce pe\u0142en ch\u0142odu i\u00a0trudnych emocji klimat produkcji &#8222;Klangor&#8221;. P\u0142\u00f3ciennik bez trudu odnajdowa\u0142 si\u0119 zar\u00f3wno w\u00a0intymnych dramatach obyczajowych, takich jak &#8222;Jak pies z\u00a0kotem&#8221; czy &#8222;\u015awi\u0119to ognia&#8221;, jak i\u00a0w\u00a0dynamicznym kinie sensacyjnym i\u00a0dramacie historycznym, o\u00a0czym \u015bwiadczy jego udzia\u0142 w\u00a0cenionych projektach streamingowych i\u00a0telewizyjnych.<\/p>\n<p> <img role=\"presentation\" class=\"absolute left-1\/2 top-1\/2 max-h-[80%] max-w-[100px] -translate-x-1\/2 -translate-y-1\/2\" src=\"https:\/\/v.wpimg.pl\/ZXJfd3AudTkrBBIAbg54LGhcRlAxHQUrPgJGH2MAeGJoSQ1eIBI_K2UHAEVuBTY5KQMMXC0RPyoVERQdMgM9ejc\" loading=\"lazy\" decoding=\"async\"\/> <\/p>\n<p>W\u00a0ostatnich latach pracowa\u0142 te\u017c m.in. przy czarnej komedii &#8222;Minuta ciszy&#8221;, kostiumowym &#8222;Stuleciu Winnych&#8221; (gdzie odpowiada\u0142 za zdj\u0119cia do pierwszego sezonu), szpiegowskiej &#8222;Paj\u0119czynie&#8221;, serialu akcji &#8222;Id\u017a przodem, bracie&#8221; czy osadzonych w\u00a0realiach historycznych &#8222;O\u0142owianych dzieciach&#8221;, kt\u00f3re podbi\u0142y Netfliksa w\u00a0tym roku. To w\u0142a\u015bnie z\u00a0re\u017cyserem &#8222;O\u0142owianych dzieci&#8221;, Maciejem Pieprzyc\u0105, robi\u0142 kolejn\u0105 produkcj\u0119 dla Netfliksa, gdy dosz\u0142o do tragedii.<\/p>\n<p>     <img decoding=\"async\" src=\"https:\/\/www.europesays.com\/pl\/wp-content\/uploads\/2026\/09\/MTE2MjFiYjUkUDtZaRJvIGcIbwMvS2F2MBB3SGkKYmV0Bn0ScF94eyNbIQ80DD07a1U_HzYIOiRrQiFFJxkkezMDYg4vGj04JEti.jpeg\" width=\"1140\" height=\"665\" loading=\"lazy\" class=\"wp-media-image\" alt=\"&quot;O\u0142owiane dzieci&quot;\" data-lightbox=\"true\" data-source=\"\u00a9 Materia\u0142y prasowe\" data-caption=\"&quot;O\u0142owiane dzieci&quot;\"\/>&#8222;O\u0142owiane dzieci&#8221; \u00a9 Materia\u0142y prasowe<\/p>\n<p>Nagrody, wyr\u00f3\u017cnienia i uznanie bran\u017cowe<\/p>\n<p>Dzia\u0142alno\u015b\u0107 artystyczna Witolda P\u0142\u00f3ciennika zosta\u0142a wielokrotnie doceniona przez kapitu\u0142y festiwalowe, \u015brodowisko filmowe oraz krytyk\u00f3w. Najwa\u017cniejszym indywidualnym sukcesem w\u00a0jego dorobku kinowym jest wspomniana ju\u017c nagroda zdobyta w\u00a02019\u00a0roku na 44. Festiwalu Polskich Film\u00f3w Fabularnych w\u00a0Gdyni za opraw\u0119 wizualn\u0105 do filmu &#8222;Ikar. Legenda Mietka Kosza&#8221;.<\/p>\n<p> <img role=\"presentation\" class=\"absolute left-1\/2 top-1\/2 max-h-[80%] max-w-[100px] -translate-x-1\/2 -translate-y-1\/2\" src=\"https:\/\/v.wpimg.pl\/ZXJfd3AudTkrBBIAbg54LGhcRlAxHQUrPgJGH2MAeGJoSQ1eIBI_K2UHAEVuBTY5KQMMXC0RPyoVERQdMgM9ejc\" loading=\"lazy\" decoding=\"async\"\/>     <img decoding=\"async\" src=\"https:\/\/www.europesays.com\/pl\/wp-content\/uploads\/2026\/09\/NTljMGM2YTUNCDt0YklsIE5Qby4kEGJ2GUh3ZWJRYWVcWHg_eAV5ewoDISI_Vz47Qg0_Mj1TOSRCGiFoLEInexpbYiMkQT44DRNi.jpeg\" width=\"1025\" height=\"577\" loading=\"lazy\" class=\"wp-media-image\" alt=\"kadr z filmu &quot;Carte Blanche&quot;\" data-lightbox=\"true\" data-source=\"\u00a9 Materia\u0142y prasowe\" data-caption=\"kadr z filmu &quot;Carte Blanche&quot;\"\/>kadr z filmu &#8222;Carte Blanche&#8221; \u00a9 Materia\u0142y prasowe <\/p>\n<p>Kolejne wielkie wyr\u00f3\u017cnienie przysz\u0142o w\u00a02020\u00a0roku na Mi\u0119dzynarodowym Festiwalu Sztuki Autor\u00f3w Zdj\u0119\u0107 Filmowych EnergaCAMERIMAGE. P\u0142\u00f3ciennik zdoby\u0142 w\u00f3wczas Nagrod\u0119 G\u0142\u00f3wn\u0105 w\u00a0Konkursie Film\u00f3w Polskich za zdj\u0119cia do historycznego dramatu &#8222;Zieja&#8221;. <\/p>\n<p>Uznanie zdobywa\u0142y r\u00f3wnie\u017c jego prace dla Teatru Telewizji. W\u00a02015\u00a0roku na Festiwalu Teatru Polskiego Radia i\u00a0Teatru Telewizji Polskiej &#8222;Dwa Teatry&#8221; w\u00a0Sopocie zosta\u0142 wyr\u00f3\u017cniony nagrod\u0105 za zdj\u0119cia do spektaklu &#8222;Walizka&#8221;. Ponadto w\u00a0trakcie swojej wieloletniej kariery P\u0142\u00f3ciennik by\u0142 wielokrotnie nominowany do Nagr\u00f3d Stowarzyszenia Autor\u00f3w Zdj\u0119\u0107 Filmowych (PSC) \u2013 zar\u00f3wno za produkcje kinowe, jak i\u00a0poszczeg\u00f3lne odcinki seriali \u2013 a\u00a0tak\u017ce uzyska\u0142 nominacj\u0119 do Polskich Nagr\u00f3d Filmowych Or\u0142y. <\/p>\n<p> <img role=\"presentation\" class=\"absolute left-1\/2 top-1\/2 max-h-[80%] max-w-[100px] -translate-x-1\/2 -translate-y-1\/2\" src=\"https:\/\/v.wpimg.pl\/ZXJfd3AudTkrBBIAbg54LGhcRlAxHQUrPgJGH2MAeGJoSQ1eIBI_K2UHAEVuBTY5KQMMXC0RPyoVERQdMgM9ejc\" loading=\"lazy\" decoding=\"async\"\/> <a href=\"https:\/\/film.wp.pl\/13-minut-owacji-na-stojaco-rola-zycia-godna-oscara-7325687777228960a\" class=\"teaser-inline\" rel=\"nofollow noopener\" target=\"_blank\">  <img decoding=\"async\" src=\"https:\/\/www.europesays.com\/pl\/wp-content\/uploads\/2026\/09\/ZmI2ZWJjdQwoUCxkZRF4GWsIeD4jSHZPPBBgdWVbaFV5SnUxIwY_HyxCNXktGC8dKEUqeToGdQw5W3Uhe0U-BDpCNjYzRT8AK1c-.jpeg\" loading=\"lazy\" class=\"wp-media-image cropped\" alt=\"13 minut owacji na stoj\u0105co. Rola \u017cycia godna Oscara\"\/><\/p>\n<p>13 minut owacji na stoj\u0105co. Rola \u017cycia godna Oscara<\/p>\n<p><\/a><\/p>\n","protected":false},"excerpt":{"rendered":"Dodaj WP Film jako preferowane \u017ar\u00f3d\u0142o w Google Nasze tre\u015bci b\u0119d\u0105 cz\u0119\u015bciej wy\u015bwietla\u0107 si\u0119 w Twoich wynikach Google&hellip;\n","protected":false},"author":2,"featured_media":666406,"comment_status":"","ping_status":"","sticky":false,"template":"","format":"standard","meta":{"footnotes":"","_share_on_mastodon":"0"},"categories":[22],"tags":[122,42,38,40,39,41,123],"class_list":["post-666405","post","type-post","status-publish","format-standard","has-post-thumbnail","category-rozrywka","tag-entertainment","tag-pl","tag-poland","tag-polish","tag-polska","tag-polski","tag-rozrywka"],"share_on_mastodon":{"url":"https:\/\/pubeurope.com\/@pl\/117211533019390887","error":""},"_links":{"self":[{"href":"https:\/\/www.europesays.com\/pl\/wp-json\/wp\/v2\/posts\/666405","targetHints":{"allow":["GET"]}}],"collection":[{"href":"https:\/\/www.europesays.com\/pl\/wp-json\/wp\/v2\/posts"}],"about":[{"href":"https:\/\/www.europesays.com\/pl\/wp-json\/wp\/v2\/types\/post"}],"author":[{"embeddable":true,"href":"https:\/\/www.europesays.com\/pl\/wp-json\/wp\/v2\/users\/2"}],"replies":[{"embeddable":true,"href":"https:\/\/www.europesays.com\/pl\/wp-json\/wp\/v2\/comments?post=666405"}],"version-history":[{"count":0,"href":"https:\/\/www.europesays.com\/pl\/wp-json\/wp\/v2\/posts\/666405\/revisions"}],"wp:featuredmedia":[{"embeddable":true,"href":"https:\/\/www.europesays.com\/pl\/wp-json\/wp\/v2\/media\/666406"}],"wp:attachment":[{"href":"https:\/\/www.europesays.com\/pl\/wp-json\/wp\/v2\/media?parent=666405"}],"wp:term":[{"taxonomy":"category","embeddable":true,"href":"https:\/\/www.europesays.com\/pl\/wp-json\/wp\/v2\/categories?post=666405"},{"taxonomy":"post_tag","embeddable":true,"href":"https:\/\/www.europesays.com\/pl\/wp-json\/wp\/v2\/tags?post=666405"}],"curies":[{"name":"wp","href":"https:\/\/api.w.org\/{rel}","templated":true}]}}