{"id":666419,"date":"2026-09-04T07:19:13","date_gmt":"2026-09-04T07:19:13","guid":{"rendered":"https:\/\/www.europesays.com\/pl\/666419\/"},"modified":"2026-09-04T07:19:13","modified_gmt":"2026-09-04T07:19:13","slug":"sondaz-polacy-ocenili-weta-karola-nawrockiego-wprost","status":"publish","type":"post","link":"https:\/\/www.europesays.com\/pl\/666419\/","title":{"rendered":"Sonda\u017c. Polacy ocenili weta Karola Nawrockiego \u2013 Wprost"},"content":{"rendered":"\n<p>&#13;<br \/>\nTrzykrotne zawetowanie przez Karola Nawrockiego przepis\u00f3w reguluj\u0105cych rynek kryptoaktyw\u00f3w podzieli\u0142o Polak\u00f3w. Przeciwnik\u00f3w decyzji prezydenta jest jednak wyra\u017anie wi\u0119cej ni\u017c\u00a0jej zwolennik\u00f3w \u2013\u00a0wynika z\u00a0sonda\u017cu SW Research dla\u00a0Onetu. &#13;\n<\/p>\n<p>&#13;<br \/>\nAnkietowanych zapytano, jak oceniaj\u0105 decyzj\u0119 g\u0142owy pa\u0144stwa \u201eo\u00a0trzykrotnym zawetowaniu ustawy reguluj\u0105cej rynek kryptowalut w\u00a0\u015bwietle ujawnionych informacji o\u00a0dzia\u0142alno\u015bci Zondacrypto\u201d. &#13;\n<\/p>\n<p>&#13;<br \/>\nNegatywn\u0105 ocen\u0119 wskaza\u0142o 39,1 proc. uczestnik\u00f3w badania. Pozytywnie na\u00a0dzia\u0142ania prezydenta patrzy 22,1 proc., a\u00a0neutralnie \u2013\u00a010,8 proc. &#13;\n<\/p>\n<p>&#13;<br \/>\nZnaczna cz\u0119\u015b\u0107 respondent\u00f3w nie\u00a0zaj\u0119\u0142a stanowiska. O\u00a0aferze Zondacrypto nie\u00a0s\u0142ysza\u0142o 16 proc. ankietowanych, natomiast 12 proc. wybra\u0142o odpowied\u017a \u201etrudno powiedzie\u0107\u201d. &#13;\n<\/p>\n<p>Starsi Polacy najbardziej krytyczni wobec Nawrockiego<\/p>\n<p>&#13;<br \/>\nOdpowiedzi kobiet i\u00a0m\u0119\u017cczyzn oraz\u00a0przedstawicieli poszczeg\u00f3lnych grup wiekowych by\u0142y zbli\u017cone. Wyra\u017anie wyr\u00f3\u017cni\u0142y si\u0119 jednak osoby po\u00a050. roku \u017cycia. &#13;\n<\/p>\n<p>&#13;<br \/>\nW tej grupie a\u017c\u00a051,6 proc. badanych negatywnie oceni\u0142o prezydenckie weta. Decyzji Karola Nawrockiego broni\u0142o 21,3 proc. ankietowanych, a\u00a06,8 proc. wystawi\u0142o jej neutraln\u0105 ocen\u0119. &#13;\n<\/p>\n<p>&#13;<br \/>\nNa wyniki nale\u017cy patrze\u0107 tak\u017ce przez pryzmat sformu\u0142owania pytania. Decyzje prezydenta zosta\u0142y w\u00a0nim bezpo\u015brednio zestawione z\u00a0informacjami ujawnionymi w\u00a0zwi\u0105zku ze\u00a0spraw\u0105 Zondacrypto. &#13;\n<\/p>\n<p>Sp\u00f3r o\u00a0kryptoaktywa wraca do\u00a0Sejmu<\/p>\n<p>&#13;<br \/>\nKarol Nawrocki trzykrotnie odmawia\u0142 podpisania rz\u0105dowych przepis\u00f3w dotycz\u0105cych rynku kryptoaktyw\u00f3w. Pierwsze weto og\u0142osi\u0142 w\u00a0grudniu 2025\u00a0r., drugie w\u00a0lutym, a\u00a0trzecie \u2013\u00a011 czerwca 2026\u00a0r. &#13;\n<\/p>\n<p>&#13;<br \/>\nUstawa mia\u0142a dostosowa\u0107 polskie prawo do\u00a0unijnego rozporz\u0105dzenia MiCA oraz\u00a0powierzy\u0107 nadz\u00f3r nad rynkiem Komisji Nadzoru Finansowego. KNF otrzyma\u0142aby mi\u0119dzy innymi uprawnienia do\u00a0kontrolowania firm z\u00a0bran\u017cy i\u00a0nak\u0142adania na\u00a0nie sankcji. &#13;\n<\/p>\n<p>&#13;<br \/>\nPrezydent argumentowa\u0142, \u017ce\u00a0rz\u0105dowe propozycje prowadz\u0105 do\u00a0nadmiernej regulacji i\u00a0mog\u0105 wypchn\u0105\u0107 polskie przedsi\u0119biorstwa za\u00a0granic\u0119. Przedstawi\u0142 r\u00f3wnie\u017c w\u0142asny projekt ustawy. Strona rz\u0105dowa przekonuje natomiast, \u017ce\u00a0brak regulacji zmniejsza bezpiecze\u0144stwo klient\u00f3w i\u00a0utrudnia walk\u0119 z\u00a0przest\u0119pczo\u015bci\u0105. &#13;\n<\/p>\n<p>&#13;<br \/>\nNa trwaj\u0105cym posiedzeniu Sejm ma\u00a0ponownie zag\u0142osowa\u0107 nad prezydenckim wetem. Do\u00a0jego odrzucenia potrzebna jest wi\u0119kszo\u015b\u0107 trzech pi\u0105tych g\u0142os\u00f3w w\u00a0obecno\u015bci co\u00a0najmniej po\u0142owy ustawowej liczby pos\u0142\u00f3w. &#13;\n<\/p>\n<p>Afera Zondacrypto w\u00a0tle politycznego sporu<\/p>\n<p>&#13;<br \/>\nDyskusja o\u00a0ustawie ponownie rozgorza\u0142a po\u00a0ujawnieniu informacji dotycz\u0105cych Zondacrypto. Trzy osoby us\u0142ysza\u0142y zarzuty w\u00a0\u015bledztwie dotycz\u0105cym mi\u0119dzy innymi oszustw, prania pieni\u0119dzy oraz\u00a0zagini\u0119cia w\u00a02022\u00a0r. Sylwestra Suszka, za\u0142o\u017cyciela gie\u0142dy BitBay. &#13;\n<\/p>\n<p>&#13;<br \/>\nPolitycy obozu rz\u0105dz\u0105cego wykorzystuj\u0105 spraw\u0119 do\u00a0<a href=\"https:\/\/www.wprost.pl\/kraj\/12425973\/sejm-ponownie-sprobuje-odrzucic-weto-nawrockiego-tusk-zabral-glos.html\" title=\"Sejm ponownie spr\u00f3buje odrzuci\u0107 weto Nawrockiego. Tusk zabra\u0142 g\u0142os\" target=\"_blank\" rel=\"nofollow noopener\">krytykowania wet<\/a> i\u00a0domagaj\u0105 si\u0119 obj\u0119cia bran\u017cy nadzorem KNF. Kancelaria Prezydenta odrzuca sugestie o\u00a0zwi\u0105zku decyzji Karola Nawrockiego z\u00a0dzia\u0142alno\u015bci\u0105 Zondacrypto i\u00a0podkre\u015bla, \u017ce\u00a0powodem wet by\u0142y konkretne zastrze\u017cenia do\u00a0przepis\u00f3w. &#13;\n<\/p>\n<p>&#13;<br \/>\nSonda\u017c przeprowadzono w\u00a0dniach od\u00a031 sierpnia do\u00a01 wrze\u015bnia 2026\u00a0r. metod\u0105 CAWI na\u00a0og\u00f3lnopolskiej pr\u00f3bie 800 doros\u0142ych os\u00f3b. Pr\u00f3ba by\u0142a reprezentatywna pod\u00a0wzgl\u0119dem p\u0142ci, wieku i\u00a0wielko\u015bci miejsca zamieszkania. &#13;\n<\/p>\n<p>&#13;<br \/>\n   Czytaj te\u017c:<br \/><a href=\"https:\/\/www.wprost.pl\/polityka\/12432192\/debata-w-sejmie-o-odrzuceniu-weta-nawrockiego-ws-ustawy-o-rynku-kryptoaktywow-podsumowanie.html\" rel=\"follow nofollow noopener\" data-schema=\"WPROST\" data-image=\"https:\/\/img.wprost.pl\/_thumb\/e2\/c0\/e9eb4d11c3bd171d989f90070495.jpeg\" target=\"_blank\">Sejm spr\u00f3buje odrzuci\u0107 prezydenckie weto. Wiadomo, jak zag\u0142osuj\u0105 poszczeg\u00f3lne partie<\/a>   Czytaj te\u017c:<br \/><a href=\"https:\/\/www.wprost.pl\/kraj\/12430404\/glosowanie-ws-odrzucenia-weta-nawrockiego-kaczynski-ujawnil-co-zrobi.html\" rel=\"follow nofollow noopener\" data-schema=\"WPROST\" data-image=\"https:\/\/img.wprost.pl\/_thumb\/59\/47\/c3b627d988e26aa9ece57f39ce11.jpeg\" target=\"_blank\">G\u0142osowanie ws. odrzucenia weta. Prezes PiS stanie w\u00a0obronie prezydenta?<\/a>&#13;<\/p>\n","protected":false},"excerpt":{"rendered":"&#13; Trzykrotne zawetowanie przez Karola Nawrockiego przepis\u00f3w reguluj\u0105cych rynek kryptoaktyw\u00f3w podzieli\u0142o Polak\u00f3w. Przeciwnik\u00f3w decyzji prezydenta jest jednak wyra\u017anie&hellip;\n","protected":false},"author":2,"featured_media":666420,"comment_status":"","ping_status":"","sticky":false,"template":"","format":"standard","meta":{"footnotes":"","_share_on_mastodon":"0"},"categories":[62712],"tags":[105682,1345,690,30642,49,77781,3835,907,119576,231,66579,14122,43315,17994],"class_list":["post-666419","post","type-post","status-publish","format-standard","has-post-thumbnail","category-karol-nawrocki","tag-artur-siekaczynski","tag-donald-tusk","tag-karol-nawrocki","tag-knf","tag-kraj","tag-kryptoaktywa","tag-kryptowaluty","tag-polityka","tag-sondaz-sw-research","tag-sondaze","tag-ustawa-o-kryptoaktywach","tag-weto-prezydenta","tag-wprost","tag-zondacrypto"],"share_on_mastodon":{"url":"https:\/\/pubeurope.com\/@pl\/117211559496330311","error":""},"_links":{"self":[{"href":"https:\/\/www.europesays.com\/pl\/wp-json\/wp\/v2\/posts\/666419","targetHints":{"allow":["GET"]}}],"collection":[{"href":"https:\/\/www.europesays.com\/pl\/wp-json\/wp\/v2\/posts"}],"about":[{"href":"https:\/\/www.europesays.com\/pl\/wp-json\/wp\/v2\/types\/post"}],"author":[{"embeddable":true,"href":"https:\/\/www.europesays.com\/pl\/wp-json\/wp\/v2\/users\/2"}],"replies":[{"embeddable":true,"href":"https:\/\/www.europesays.com\/pl\/wp-json\/wp\/v2\/comments?post=666419"}],"version-history":[{"count":0,"href":"https:\/\/www.europesays.com\/pl\/wp-json\/wp\/v2\/posts\/666419\/revisions"}],"wp:featuredmedia":[{"embeddable":true,"href":"https:\/\/www.europesays.com\/pl\/wp-json\/wp\/v2\/media\/666420"}],"wp:attachment":[{"href":"https:\/\/www.europesays.com\/pl\/wp-json\/wp\/v2\/media?parent=666419"}],"wp:term":[{"taxonomy":"category","embeddable":true,"href":"https:\/\/www.europesays.com\/pl\/wp-json\/wp\/v2\/categories?post=666419"},{"taxonomy":"post_tag","embeddable":true,"href":"https:\/\/www.europesays.com\/pl\/wp-json\/wp\/v2\/tags?post=666419"}],"curies":[{"name":"wp","href":"https:\/\/api.w.org\/{rel}","templated":true}]}}