{"id":666425,"date":"2026-09-04T07:27:14","date_gmt":"2026-09-04T07:27:14","guid":{"rendered":"https:\/\/www.europesays.com\/pl\/666425\/"},"modified":"2026-09-04T07:27:14","modified_gmt":"2026-09-04T07:27:14","slug":"bialystok-premiera-spektaklu-lilolak-i-tajemnica-kolowego-smyczka-z-udzialem-baletu-cracovia-dan","status":"publish","type":"post","link":"https:\/\/www.europesays.com\/pl\/666425\/","title":{"rendered":"Bia\u0142ystok. Premiera spektaklu \u201eLilo\u0142ak i tajemnica ko\u0142owego smyczka\u201d z udzia\u0142em Baletu \u201eCracovia Dan"},"content":{"rendered":"<p>&#13;<br \/>\n        Tancerze Baletu Cracovia Danza wyst\u0105pi\u0105 w spektaklu \u201eLilo\u0142ak i tajemnica ko\u0142owego smyczka\u201d \u2013 oryginalnej adaptacji scenicznej s\u0142uchowiska muzycznego dla dzieci i m\u0142odzie\u017cy. Premiera przedstawienia odb\u0119dzie si\u0119 8 wrze\u015bnia 2026 roku o godz. 18.00 w Bia\u0142ostockim Teatrze Lalek.\u00a0    <\/p>\n<p>            <a data-lightbox=\"article-gallery\" href=\"https:\/\/e-teatr.pl\/files\/multimedias\/182634\/Cracovia-Danza-fot.-Maciej-Michalik-912x570.jpg\" rel=\"nofollow noopener\" target=\"_blank\">&#13;<br \/>\n        <img loading=\"lazy\" decoding=\"async\" src=\"https:\/\/www.europesays.com\/pl\/wp-content\/uploads\/2026\/09\/thumb_Cracovia-Danza-fot.-Maciej-Michalik-912x570.jpg\" alt=\"\" title=\"Lilo\u0142ak i tajemnica ko\u0142owego smyczka\" width=\"912\" height=\"570\"\/>      <\/a><\/p>\n<p>fot. Maciej Michalik <\/p>\n<p>Re\u017cyserem przedstawienia jest Wojciech Malajkat, a scenariusz i opracowanie muzyczne przygotowa\u0142a Anna Urszula Kucharska \u2013 dyrektorka artystyczna 18. Julliet EM Festival \u2013 Mi\u0119dzynarodowego Festiwalu Muzyki Dawnej im. Julitty Sle\u0144dzi\u0144skiej.<\/p>\n<p>Choreografi\u0119 i ruch sceniczny stworzyli Romana Agnel \u2013 dyrektor naczelna i artystyczna Baletu Cracovia Danza \u2013 wraz z Dariuszem Brojkiem i Krzysztofem Antkowiakiem. Adaptacj\u0119 wyr\u00f3\u017cnia \u015bmia\u0142e po\u0142\u0105czenie \u017cywej muzyki dawnej z ruchem tanecznym. Barokowa estetyka i dworski gest, b\u0119d\u0105ce znakiem rozpoznawczym krakowskiego zespo\u0142u, zosta\u0142y prze\u0142o\u017cone na ba\u015bniow\u0105 narracj\u0119 blisk\u0105 najm\u0142odszym odbiorcom.<\/p>\n<p>Udzia\u0142 w projekcie potwierdza rol\u0119 Baletu Cracovia Danza jako ambasadora polskiej kultury tanecznej, otwartego na przedsi\u0119wzi\u0119cia edukacyjne i artystyczne wykraczaj\u0105ce poza tradycyjny repertuar dworski. To okazja, by pokaza\u0107 taniec dawny jako \u017cywy j\u0119zyk opowie\u015bci \u2013 pe\u0142en emocji, ruchu i muzyki \u2013 dost\u0119pny dla widz\u00f3w w ka\u017cdym wieku.<\/p>\n<p>Spektakl powsta\u0142 w ramach projektu Dialogo Straordinario, dofinansowanego przez Ministra Kultury i Dziedzictwa Narodowego w ramach programu \u201eWydarzenie artystyczne dla dzieci i m\u0142odzie\u017cy 2026\u201d.<\/p>\n<p>Produkcja: The Art Foundation, w ramach Julliet EM Festival w Bia\u0142ymstoku.<\/p>\n<p>Wi\u0119cej: <a href=\"https:\/\/e-teatr.pl\/articles\/edit\/galeriaslendzinskich.pl\" target=\"_blank\" rel=\"nofollow noopener\">galeriaslendzinskich.pl<\/a><\/p>\n<p>Portal taniecPOLSKA.pl wspiera medialnie Balet Dworski \u201eCracovia Danza\u201d w roku jubileuszowym 20-lecia dzia\u0142alno\u015bci.<\/p>\n","protected":false},"excerpt":{"rendered":"&#13; Tancerze Baletu Cracovia Danza wyst\u0105pi\u0105 w spektaklu \u201eLilo\u0142ak i tajemnica ko\u0142owego smyczka\u201d \u2013 oryginalnej adaptacji scenicznej s\u0142uchowiska&hellip;\n","protected":false},"author":2,"featured_media":666426,"comment_status":"","ping_status":"","sticky":false,"template":"","format":"standard","meta":{"footnotes":"","_share_on_mastodon":"0"},"categories":[51614],"tags":[2434,8588,2151,6588,17490,16331,51630,42,38,40,39,41,649,650,11541,51629,8815,51631,8767,51628,800,8816],"class_list":["post-666425","post","type-post","status-publish","format-standard","has-post-thumbnail","category-bialystok","tag-aktor","tag-aktorzy","tag-bialystok","tag-festiwal","tag-festiwale","tag-kariera","tag-kariery","tag-pl","tag-poland","tag-polish","tag-polska","tag-polski","tag-premiera","tag-premiery","tag-realizacja","tag-realizacje","tag-repertuar","tag-ruch-teatralny","tag-sztuka","tag-sztuki","tag-teatr","tag-teatry"],"share_on_mastodon":{"url":"https:\/\/pubeurope.com\/@pl\/117211592313956777","error":""},"_links":{"self":[{"href":"https:\/\/www.europesays.com\/pl\/wp-json\/wp\/v2\/posts\/666425","targetHints":{"allow":["GET"]}}],"collection":[{"href":"https:\/\/www.europesays.com\/pl\/wp-json\/wp\/v2\/posts"}],"about":[{"href":"https:\/\/www.europesays.com\/pl\/wp-json\/wp\/v2\/types\/post"}],"author":[{"embeddable":true,"href":"https:\/\/www.europesays.com\/pl\/wp-json\/wp\/v2\/users\/2"}],"replies":[{"embeddable":true,"href":"https:\/\/www.europesays.com\/pl\/wp-json\/wp\/v2\/comments?post=666425"}],"version-history":[{"count":0,"href":"https:\/\/www.europesays.com\/pl\/wp-json\/wp\/v2\/posts\/666425\/revisions"}],"wp:featuredmedia":[{"embeddable":true,"href":"https:\/\/www.europesays.com\/pl\/wp-json\/wp\/v2\/media\/666426"}],"wp:attachment":[{"href":"https:\/\/www.europesays.com\/pl\/wp-json\/wp\/v2\/media?parent=666425"}],"wp:term":[{"taxonomy":"category","embeddable":true,"href":"https:\/\/www.europesays.com\/pl\/wp-json\/wp\/v2\/categories?post=666425"},{"taxonomy":"post_tag","embeddable":true,"href":"https:\/\/www.europesays.com\/pl\/wp-json\/wp\/v2\/tags?post=666425"}],"curies":[{"name":"wp","href":"https:\/\/api.w.org\/{rel}","templated":true}]}}