{"id":666435,"date":"2026-09-04T07:32:14","date_gmt":"2026-09-04T07:32:14","guid":{"rendered":"https:\/\/www.europesays.com\/pl\/666435\/"},"modified":"2026-09-04T07:32:14","modified_gmt":"2026-09-04T07:32:14","slug":"gigafabryka-ai-moze-powstac-w-poznaniu-polska-i-czechy-lacza-sily","status":"publish","type":"post","link":"https:\/\/www.europesays.com\/pl\/666435\/","title":{"rendered":"Gigafabryka AI mo\u017ce powsta\u0107 w Poznaniu. Polska i Czechy \u0142\u0105cz\u0105 si\u0142y"},"content":{"rendered":"<p>              Pozna\u0144 i Krak\u00f3w w\u015br\u00f3d g\u0142\u00f3wnych kandydat\u00f3w<\/p>\n<p>Wed\u0142ug nieoficjalnych informacji Rzeczpospolitej o realizacj\u0119 projektu ma zabiega\u0107 o\u015brodek skupiony wok\u00f3\u0142 Pozna\u0144skiego Centrum Superkomputerowo-Sieciowego oraz firmy Beyond.pl, zwi\u0105zanej z Sebastianem Kulczykiem.<\/p>\n<p>Pozna\u0144 ju\u017c wcze\u015bniej deklarowa\u0142 zainteresowanie inwestycj\u0105. Kandydatur\u0119 miasta wspieraj\u0105 samorz\u0105d oraz najwi\u0119ksze pozna\u0144skie uczelnie. Atutem stolicy Wielkopolski ma by\u0107 istniej\u0105ce zaplecze naukowe i technologiczne, w tym infrastruktura obliczeniowa Beyond.pl oraz wsp\u00f3\u0142praca Politechniki Pozna\u0144skiej i Uniwersytetu im. Adama Mickiewicza.<\/p>\n<p>CZYTAJ WI\u0118CEJ:\u00a0<a style=\"color: #3366ff;\" href=\"https:\/\/radiopoznan.fm\/..\/..\/informacje\/pozostale\/firma-z-poznania-chce-zbudowac-gigafabryke-sztucznej-inteligencji-i-rzucic-rekawice-najwiekszym-gospodarkom-swiata\" target=\"_blank\" rel=\"noopener nofollow\">Firma z Poznania chce zbudowa\u0107 gigafabryk\u0119 AI i rzuci\u0107 r\u0119kawic\u0119 najwi\u0119kszym gospodarkom \u015bwiata<\/a><\/p>\n<p>Drugim z g\u0142\u00f3wnych polskich kandydat\u00f3w jest Krak\u00f3w. Tam projekt mia\u0142by opiera\u0107 si\u0119 m.in. na dzia\u0142aj\u0105cej fabryce AI Gaia oraz Akademickim Centrum Komputerowym Cyfronet AGH. Wed\u0142ug Rzeczpospolitej Krak\u00f3w mo\u017ce liczy\u0107 tak\u017ce na wsparcie prezesa InPostu Rafa\u0142a Brzoski. Zainteresowanie projektem maj\u0105 wykazywa\u0107 r\u00f3wnie\u017c Allegro, Orange, Synerise i Cloudferno.<\/p>\n<p>Gigafabryki maj\u0105 wzmocni\u0107 europejsk\u0105 sztuczn\u0105 inteligencj\u0119<\/p>\n<p>Plany stworzenia pi\u0119ciu takich instalacji Komisja Europejska przedstawi\u0142a na pocz\u0105tku roku. W najbli\u017cszych latach Unia zamierza przeznaczy\u0107 na ich budow\u0119 \u0142\u0105cznie oko\u0142o 20 miliard\u00f3w euro.<\/p>\n<p>Gigafabryki maj\u0105 zapewni\u0107 ogromn\u0105 moc obliczeniow\u0105 potrzebn\u0105 do trenowania najbardziej zaawansowanych modeli sztucznej inteligencji. W ten spos\u00f3b Unia Europejska chce zmniejszy\u0107 dystans do Stan\u00f3w Zjednoczonych i Chin oraz skuteczniej konkurowa\u0107 z najwi\u0119kszymi firmami rozwijaj\u0105cymi AI, takimi jak OpenAI.<\/p>\n<p>W czerwcu 2025 roku 16 pa\u0144stw cz\u0142onkowskich przes\u0142a\u0142o \u0142\u0105cznie 76 wst\u0119pnych propozycji dotycz\u0105cych projektu i mo\u017cliwych lokalizacji. W Polsce wskazywano w\u00f3wczas pi\u0119\u0107 miejsc: Pozna\u0144, Krak\u00f3w, Warszaw\u0119, Wroc\u0142aw i Skawin\u0119.<\/p>\n","protected":false},"excerpt":{"rendered":"Pozna\u0144 i Krak\u00f3w w\u015br\u00f3d g\u0142\u00f3wnych kandydat\u00f3w Wed\u0142ug nieoficjalnych informacji Rzeczpospolitej o realizacj\u0119 projektu ma zabiega\u0107 o\u015brodek skupiony wok\u00f3\u0142&hellip;\n","protected":false},"author":2,"featured_media":666436,"comment_status":"","ping_status":"","sticky":false,"template":"","format":"standard","meta":{"footnotes":"","_share_on_mastodon":"0"},"categories":[51609],"tags":[42,38,40,39,41,1817],"class_list":["post-666435","post","type-post","status-publish","format-standard","has-post-thumbnail","category-poznan","tag-pl","tag-poland","tag-polish","tag-polska","tag-polski","tag-poznan"],"share_on_mastodon":{"url":"https:\/\/pubeurope.com\/@pl\/117211610914480311","error":""},"_links":{"self":[{"href":"https:\/\/www.europesays.com\/pl\/wp-json\/wp\/v2\/posts\/666435","targetHints":{"allow":["GET"]}}],"collection":[{"href":"https:\/\/www.europesays.com\/pl\/wp-json\/wp\/v2\/posts"}],"about":[{"href":"https:\/\/www.europesays.com\/pl\/wp-json\/wp\/v2\/types\/post"}],"author":[{"embeddable":true,"href":"https:\/\/www.europesays.com\/pl\/wp-json\/wp\/v2\/users\/2"}],"replies":[{"embeddable":true,"href":"https:\/\/www.europesays.com\/pl\/wp-json\/wp\/v2\/comments?post=666435"}],"version-history":[{"count":0,"href":"https:\/\/www.europesays.com\/pl\/wp-json\/wp\/v2\/posts\/666435\/revisions"}],"wp:featuredmedia":[{"embeddable":true,"href":"https:\/\/www.europesays.com\/pl\/wp-json\/wp\/v2\/media\/666436"}],"wp:attachment":[{"href":"https:\/\/www.europesays.com\/pl\/wp-json\/wp\/v2\/media?parent=666435"}],"wp:term":[{"taxonomy":"category","embeddable":true,"href":"https:\/\/www.europesays.com\/pl\/wp-json\/wp\/v2\/categories?post=666435"},{"taxonomy":"post_tag","embeddable":true,"href":"https:\/\/www.europesays.com\/pl\/wp-json\/wp\/v2\/tags?post=666435"}],"curies":[{"name":"wp","href":"https:\/\/api.w.org\/{rel}","templated":true}]}}