{"id":666453,"date":"2026-09-04T07:42:17","date_gmt":"2026-09-04T07:42:17","guid":{"rendered":"https:\/\/www.europesays.com\/pl\/666453\/"},"modified":"2026-09-04T07:42:17","modified_gmt":"2026-09-04T07:42:17","slug":"szelagowska-i-koroniewska-nie-maja-kontaktu-tak-mowily-o-sobie","status":"publish","type":"post","link":"https:\/\/www.europesays.com\/pl\/666453\/","title":{"rendered":"Szel\u0105gowska i Koroniewska nie maj\u0105 kontaktu. Tak m\u00f3wi\u0142y o sobie"},"content":{"rendered":"<p><a href=\"https:\/\/www.wp.pl\/?wplivetab=entertainment\" class=\"entertainment-banner\" id=\"entertainment-banner\" rel=\"nofollow noopener\" target=\"_blank\">  <\/p>\n<p class=\"entertainment-banner-title\">Klikaj, zanim wszyscy zaczn\u0105 o tym m\u00f3wi\u0107!<\/p>\n<p class=\"entertainment-banner-subtitle\">Gwiazdy, skandale i momenty, o kt\u00f3rych jutro b\u0119dzie g\u0142o\u015bno.<\/p>\n<p><\/a> <\/p>\n<p>Przez d\u0142ugi czas wydawa\u0142o si\u0119, \u017ce relacja Joanny Koroniewskiej i Doroty Szel\u0105gowskiej to jedna z\u00a0niewielu prawdziwych, szczerych przyja\u017ani w\u00a0bezlitosnym \u015bwiecie rodzimego show-biznesu. <a href=\"https:\/\/www.pudelek.pl\/dorota-szelagowska-namawia-joanne-koroniewska-na-botoks-taka-przyjaciolka-to-skarb-wideo-7224894387542560a\" rel=\"noopener noreferrer nofollow\" target=\"_blank\">Panie nie tylko regularnie brylowa\u0142y razem w\u00a0mediach<\/a>, ale te\u017c dzieli\u0142y ze sob\u0105 proz\u0119 \u017cycia. Ich przyja\u017a\u0144 kwit\u0142a nie tylko w\u00a0Polsce, ale i\u00a0w\u00a0Hiszpanii, gdzie obie posiadaj\u0105 domy. To tam sp\u0119dza\u0142y wsp\u00f3lnie wakacje, a\u00a0ich dzieci bardzo si\u0119 zaprzyja\u017ani\u0142y. Szel\u0105gowska \u017cartowa\u0142a nawet w\u00a0wywiadach, \u017ce stworzy\u0142y na P\u00f3\u0142wyspie Iberyjskim w\u0142asn\u0105 &#8222;Ma\u0142\u0105 Rzeczpospolit\u0105&#8221;, gdzie wsp\u00f3lne \u015bniadania potrafi\u0142y przeci\u0105ga\u0107 si\u0119 do p\u00f3\u017anych godzin nocnych.<\/p>\n<p>Niestety, wygl\u0105da na to, \u017ce w\u00a0hiszpa\u0144skim raju (i nie tylko) dosz\u0142o do powa\u017cnego zgrzytu. W\u00a0czwartek poinformowali\u015bmy, \u017ce po bliskiej relacji gwiazd nie ma ju\u017c \u015bladu.<\/p>\n<p>Zobacz: <a href=\"https:\/\/www.pudelek.pl\/tylko-na-pudelku-koniec-przyjazni-koroniewskiej-i-szelagowskiej-nie-maja-kontaktu-od-kilku-miesiecy-asia-usunela-dorote-na-instagramie-7325423783037088a\" rel=\"noopener noreferrer nofollow\" target=\"_blank\">TYLKO NA PUDELKU: KONIEC PRZYJA\u0179NI Koroniewskiej i\u00a0Szel\u0105gowskiej! &#8222;Nie maj\u0105 kontaktu od kilku miesi\u0119cy&#8221;. Asia USUN\u0118\u0141A Dorot\u0119 na Instagramie<\/a><\/p>\n<p> <img role=\"presentation\" class=\"absolute left-1\/2 top-1\/2 max-h-[80%] max-w-[100px] -translate-x-1\/2 -translate-y-1\/2\" src=\"https:\/\/v.wpimg.pl\/ZXJfd3AudTkrBBIAbg54LGhcRlAxHQUrPgJGH2MAeGJoSQ1eIBI_K2UHAEVuBTY5KQMMXC0RPyoVERQdMgM9ejc\" loading=\"lazy\" decoding=\"async\"\/> Komu potyczka Jab\u0142czy\u0144skiej i\u00a0Szel\u0105gowskiej odbije si\u0119 czkawk\u0105? &#8222;DOROTA ZROBI\u0141A JEJ TYM NAGRANIEM PREZENT&#8221; (OKIEM PUDELKA) <\/p>\n<p>To koniec przyja\u017ani Joanny Koroniewskiej i Doroty Szel\u0105gowskiej <\/p>\n<p>Z\u00a0naszych ustale\u0144 wynika, \u017ce panie nie utrzymuj\u0105 ze sob\u0105 kontaktu ju\u017c od kilku miesi\u0119cy. Z\u00a0ich medi\u00f3w spo\u0142eczno\u015bciowych znikn\u0119\u0142y wsp\u00f3lne nagrania (ostatnie opublikowano w\u00a0lutym). W\u00a0dzisiejszych czasach ostatecznym dowodem na och\u0142odzenie relacji s\u0105 ruchy na Instagramie &#8211; i\u00a0tu sprawa jest jasna: Joanna Koroniewska przesta\u0142a obserwowa\u0107 profil projektantki (cho\u0107 Szel\u0105gowska wci\u0105\u017c \u015bledzi konto aktorki).<\/p>\n<p>Co wi\u0119cej, sama Koroniewska zd\u0105\u017cy\u0142a ju\u017c potwierdzi\u0107 te rewelacje. Odpowiadaj\u0105c na pytanie jednego z\u00a0internaut\u00f3w przyzna\u0142a wprost, \u017ce od wielu miesi\u0119cy nie ma z\u00a0Dorot\u0105 kontaktu. Powody tego nag\u0142ego roz\u0142amu pozostaj\u0105 na razie tajemnic\u0105.<\/p>\n<p> <img role=\"presentation\" class=\"absolute left-1\/2 top-1\/2 max-h-[80%] max-w-[100px] -translate-x-1\/2 -translate-y-1\/2\" src=\"https:\/\/v.wpimg.pl\/ZXJfd3AudTkrBBIAbg54LGhcRlAxHQUrPgJGH2MAeGJoSQ1eIBI_K2UHAEVuBTY5KQMMXC0RPyoVERQdMgM9ejc\" loading=\"lazy\" decoding=\"async\"\/> <\/p>\n<p>Przypomnijmy: <a href=\"https:\/\/www.pudelek.pl\/joanna-koroniewska-i-dorota-szelagowska-w-strojach-kapielowych-nadaja-z-hiszpanskiej-plazy-kochane-zostawmy-nasze-piersi-w-spokoju-foto-7231011484818368a\" rel=\"noopener noreferrer nofollow\" target=\"_blank\">Joanna Koroniewska i\u00a0Dorota Szel\u0105gowska w\u00a0strojach k\u0105pielowych nadaj\u0105 z\u00a0hiszpa\u0144skiej pla\u017cy. &#8222;Kochane! Zostawmy nasze piersi w\u00a0spokoju&#8221; (FOTO)<\/a><\/p>\n<p>Tak Joanna Koroniewska niedawno m\u00f3wi\u0142a o Dorocie Szel\u0105gowskiej <\/p>\n<p>W\u00a0obliczu tych ch\u0142odnych fakt\u00f3w, a\u017c trudno uwierzy\u0107 w\u00a0s\u0142owa, kt\u00f3re z\u00a0ust obu pa\u0144 pada\u0142y zaledwie dwa lata temu. W\u00a02024\u00a0roku, podczas wywiad\u00f3w dla portalu Jastrz\u0105bPost, Koroniewska i\u00a0Szel\u0105gowska dos\u0142ownie spija\u0142y sobie z\u00a0dzi\u00f3bk\u00f3w, nie szcz\u0119dz\u0105c wzajemnych zachwyt\u00f3w.<\/p>\n<p>Joanna wyzna\u0142a w\u00f3wczas otwarcie, \u017ce Dorota jest dla niej kim\u015b absolutnie wyj\u0105tkowym w\u00a0\u015bwiecie pe\u0142nym zawi\u015bci.<\/p>\n<p> <img role=\"presentation\" class=\"absolute left-1\/2 top-1\/2 max-h-[80%] max-w-[100px] -translate-x-1\/2 -translate-y-1\/2\" src=\"https:\/\/v.wpimg.pl\/ZXJfd3AudTkrBBIAbg54LGhcRlAxHQUrPgJGH2MAeGJoSQ1eIBI_K2UHAEVuBTY5KQMMXC0RPyoVERQdMgM9ejc\" loading=\"lazy\" decoding=\"async\"\/> <\/p>\n<p>Dorota Szel\u0105gowska jest moim objawieniem. M\u00f3wi\u0119 to publicznie. W og\u00f3le jako\u015b tak mam, \u017ce ucieka\u0142am zawsze od relacji show-biznesowych, bo mam wra\u017cenie, \u017ce gdzie\u015b podsk\u00f3rnie jest jaka\u015b zawi\u015b\u0107, zazdro\u015b\u0107 w cz\u0142owieku (&#8230;) Dorota jest dla mnie objawieniem. To jest cz\u0142owiek po prostu z otwartym sercem. To jest cz\u0142owiek, kt\u00f3ry jest mega profesjonalny, wybitny.<\/p>\n<p>Zapytana o\u00a0to, czy przyjaci\u00f3\u0142ka pomaga\u0142a jej urz\u0105dza\u0107 wn\u0119trze nowego domu, Koroniewska zdradzi\u0142a, \u017ce to ona sama zaj\u0119\u0142a si\u0119 remontem, ale Szel\u0105gowska by\u0142a jej najwi\u0119ksz\u0105 kibick\u0105.<\/p>\n<p>To raczej ona jest osob\u0105, kt\u00f3ra m\u00f3wi: 'A\u015bka, dlaczego ty tego nie pokazujesz na Instagramie?&#8217;. Wi\u0119c zaczynam pokazywa\u0107 remonty na Instagramie i bawi\u0107 si\u0119 tym, a Dorota, no kocham ci\u0119 nad \u017cycie, bo jeste\u015b moim objawieniem tego roku<\/p>\n<p>&#8211; podsumowa\u0142a \u017cona Macieja Dowbora.<\/p>\n<p> <img role=\"presentation\" class=\"absolute left-1\/2 top-1\/2 max-h-[80%] max-w-[100px] -translate-x-1\/2 -translate-y-1\/2\" src=\"https:\/\/v.wpimg.pl\/ZXJfd3AudTkrBBIAbg54LGhcRlAxHQUrPgJGH2MAeGJoSQ1eIBI_K2UHAEVuBTY5KQMMXC0RPyoVERQdMgM9ejc\" loading=\"lazy\" decoding=\"async\"\/><\/p>\n<p>Dorota Szel\u0105gowska rozp\u0142ywa\u0142a si\u0119 nad Joann\u0105 Koroniewsk\u0105<\/p>\n<p>Dorota Szel\u0105gowska nie pozostawa\u0142a d\u0142u\u017cna. W\u00a0rozmowie z\u00a0tym samym portalem z\u00a0entuzjazmem reagowa\u0142a na \u00f3wczesne doniesienia o\u00a0tym, \u017ce Koroniewska do\u0142\u0105cza do stacji TVN z\u00a0w\u0142asnym programem.<\/p>\n<p>Chyba wiedzia\u0142am, \u017ce A\u015bka si\u0119 pojawi, zanim ona si\u0119 dowiedzia\u0142a. A\u015bka to jest jedna z moich najbli\u017cszych przyjaci\u00f3\u0142ek, wi\u0119c jestem mega szcz\u0119\u015bliwa i to jest co\u015b cudownego<\/p>\n<p>&#8211; cieszy\u0142a si\u0119 projektantka wn\u0119trz.<\/p>\n<p>Szel\u0105gowska z\u00a0czu\u0142o\u015bci\u0105 wypowiada\u0142a si\u0119 te\u017c o\u00a0s\u0142ynnym, niezwykle energicznym temperamencie przyjaci\u00f3\u0142ki i\u00a0jej m\u0119\u017ca.<\/p>\n<p> <img role=\"presentation\" class=\"absolute left-1\/2 top-1\/2 max-h-[80%] max-w-[100px] -translate-x-1\/2 -translate-y-1\/2\" src=\"https:\/\/v.wpimg.pl\/ZXJfd3AudTkrBBIAbg54LGhcRlAxHQUrPgJGH2MAeGJoSQ1eIBI_K2UHAEVuBTY5KQMMXC0RPyoVERQdMgM9ejc\" loading=\"lazy\" decoding=\"async\"\/> <\/p>\n<p>Mo\u017cna zwariowa\u0107 przy nich, bo m\u00f3wi\u0105 non-stop. Generalnie oni zrobili ju\u017c tyle remont\u00f3w razem, \u017ce A\u015bka to po prostu ub\u00f3stwia. My\u015bl\u0119, \u017ce to jest odpowiednia osoba na odpowiednie miejsce &#8211; ze swoj\u0105 energi\u0105 i totalnym odpaleniem i zwariowaniem.<\/p>\n<p>A\u017c trudno uwierzy\u0107, \u017ce dzi\u015b po tej wielkiej, show-biznesowej przyja\u017ani pozosta\u0142o jedynie wymowne milczenie i\u00a0&#8222;unfollow&#8221; na Insta? <\/p>\n<p>     <img decoding=\"async\" src=\"https:\/\/www.europesays.com\/pl\/wp-content\/uploads\/2026\/09\/NmY2MzM0YQw4UDtJYktsGXsIbxMkEmJPLBB3WGJTYV5pAn0CeQV-XXZUJBYoQisdNhwqCDhALxopHD0WYlE-BHZEfFUpWT0dNVM0.jpeg\" width=\"3000\" height=\"4500\" loading=\"lazy\" class=\"wp-media-image\" alt=\"Joanna Koroniewska\" data-lightbox=\"true\" data-source=\"\u00a9 KAPiF\" data-caption=\"Joanna Koroniewska\"\/>Joanna Koroniewska \u00a9 KAPiF <img role=\"presentation\" class=\"absolute left-1\/2 top-1\/2 max-h-[80%] max-w-[100px] -translate-x-1\/2 -translate-y-1\/2\" src=\"https:\/\/v.wpimg.pl\/ZXJfd3AudTkrBBIAbg54LGhcRlAxHQUrPgJGH2MAeGJoSQ1eIBI_K2UHAEVuBTY5KQMMXC0RPyoVERQdMgM9ejc\" loading=\"lazy\" decoding=\"async\"\/>     <img decoding=\"async\" src=\"https:\/\/www.europesays.com\/pl\/wp-content\/uploads\/2026\/09\/NTc3ZDg0YTUCUSx3SEtsIEEJeC0OEmJ2FhFgZkhTYWZVBW08UwB-ZExVMygCQiskDB09NhJALyMTHSooSFE-PUxFa2sDWT0kD1Ij.jpeg\" width=\"2667\" height=\"4000\" loading=\"lazy\" class=\"wp-media-image\" alt=\"Joanna Koroniewska\" data-lightbox=\"true\" data-source=\"\u00a9 KAPiF\" data-caption=\"Joanna Koroniewska\"\/>Joanna Koroniewska \u00a9 KAPiF     <img decoding=\"async\" src=\"https:\/\/www.europesays.com\/pl\/wp-content\/uploads\/2026\/09\/ZDFmODE2dSUnDzl3akl4MGRXbS0sEHZmM091ZmpRdXZwW3g8cQJqdGkLJiggQD80KUMoNjBCOzM2Qz8oalMqLWkbfmshWyk0Kgw2.jpeg\" width=\"2667\" height=\"4000\" loading=\"lazy\" class=\"wp-media-image\" alt=\"Joanna Koroniewska\" data-lightbox=\"true\" data-source=\"\u00a9 KAPIF\" data-caption=\"Joanna Koroniewska\"\/>Joanna Koroniewska \u00a9 KAPIF     <img decoding=\"async\" src=\"https:\/\/www.europesays.com\/pl\/wp-content\/uploads\/2026\/09\/NjM1ZDMzYQssUyx3YgFsHm8LeC0kWGJIOBNgZmIZYVh7B208eUp-WmJXMygoCCsaIh89NjgKLx09HyooYhs-A2JHa2spEz0aIVAj.jpeg\" width=\"2667\" height=\"4000\" loading=\"lazy\" class=\"wp-media-image\" alt=\"Dorota Szel\u0105gowska\" data-lightbox=\"true\" data-source=\"\u00a9 KAPIF\" data-caption=\"Dorota Szel\u0105gowska\"\/>Dorota Szel\u0105gowska \u00a9 KAPIF     <img decoding=\"async\" src=\"https:\/\/www.europesays.com\/pl\/wp-content\/uploads\/2026\/09\/NGYzM2VkYSY4GDsBeRBsM3tAb1s_SWJlLFh3EHkIYXRpTX9KYl1-f3YcJF4zGSs3NlQqQCMbLzApVD1eeQo-LnYMfB0yAj03NRs0.jpeg\" width=\"3072\" height=\"4608\" loading=\"lazy\" class=\"wp-media-image\" alt=\"Dorota Szel\u0105gowska\" data-lightbox=\"true\" data-source=\"\u00a9 KAPIF\" data-caption=\"Dorota Szel\u0105gowska\"\/>Dorota Szel\u0105gowska \u00a9 KAPIF     <img decoding=\"async\" src=\"https:\/\/www.europesays.com\/pl\/wp-content\/uploads\/2026\/09\/YTIzZmY4djUoGCxedk97IGtAeAQwFnV2PFhgT3ZXdmZ-T2gVbQVrbGYcMwE8RjwkJlQ9HyxEOCM5VCoBdlUpPWYMa0I9XSokJRsj.jpeg\" width=\"2752\" height=\"4128\" loading=\"lazy\" class=\"wp-media-image\" alt=\"Dorota Szel\u0105gowska\" data-lightbox=\"true\" data-source=\"\u00a9 KAPiF\" data-caption=\"Dorota Szel\u0105gowska\"\/>Dorota Szel\u0105gowska \u00a9 KAPiF<\/p>\n","protected":false},"excerpt":{"rendered":"Klikaj, zanim wszyscy zaczn\u0105 o tym m\u00f3wi\u0107! Gwiazdy, skandale i momenty, o kt\u00f3rych jutro b\u0119dzie g\u0142o\u015bno. Przez d\u0142ugi&hellip;\n","protected":false},"author":2,"featured_media":666454,"comment_status":"","ping_status":"","sticky":false,"template":"","format":"standard","meta":{"footnotes":"","_share_on_mastodon":"0"},"categories":[22],"tags":[122,42,38,40,39,41,123],"class_list":["post-666453","post","type-post","status-publish","format-standard","has-post-thumbnail","category-rozrywka","tag-entertainment","tag-pl","tag-poland","tag-polish","tag-polska","tag-polski","tag-rozrywka"],"share_on_mastodon":{"url":"https:\/\/pubeurope.com\/@pl\/117211652154354592","error":""},"_links":{"self":[{"href":"https:\/\/www.europesays.com\/pl\/wp-json\/wp\/v2\/posts\/666453","targetHints":{"allow":["GET"]}}],"collection":[{"href":"https:\/\/www.europesays.com\/pl\/wp-json\/wp\/v2\/posts"}],"about":[{"href":"https:\/\/www.europesays.com\/pl\/wp-json\/wp\/v2\/types\/post"}],"author":[{"embeddable":true,"href":"https:\/\/www.europesays.com\/pl\/wp-json\/wp\/v2\/users\/2"}],"replies":[{"embeddable":true,"href":"https:\/\/www.europesays.com\/pl\/wp-json\/wp\/v2\/comments?post=666453"}],"version-history":[{"count":0,"href":"https:\/\/www.europesays.com\/pl\/wp-json\/wp\/v2\/posts\/666453\/revisions"}],"wp:featuredmedia":[{"embeddable":true,"href":"https:\/\/www.europesays.com\/pl\/wp-json\/wp\/v2\/media\/666454"}],"wp:attachment":[{"href":"https:\/\/www.europesays.com\/pl\/wp-json\/wp\/v2\/media?parent=666453"}],"wp:term":[{"taxonomy":"category","embeddable":true,"href":"https:\/\/www.europesays.com\/pl\/wp-json\/wp\/v2\/categories?post=666453"},{"taxonomy":"post_tag","embeddable":true,"href":"https:\/\/www.europesays.com\/pl\/wp-json\/wp\/v2\/tags?post=666453"}],"curies":[{"name":"wp","href":"https:\/\/api.w.org\/{rel}","templated":true}]}}