{"id":666467,"date":"2026-09-04T07:49:10","date_gmt":"2026-09-04T07:49:10","guid":{"rendered":"https:\/\/www.europesays.com\/pl\/666467\/"},"modified":"2026-09-04T07:49:10","modified_gmt":"2026-09-04T07:49:10","slug":"karol-nawrocki-spotka-sie-z-donaldem-trumpem-w-usa-plan-wyjazdu-wprost","status":"publish","type":"post","link":"https:\/\/www.europesays.com\/pl\/666467\/","title":{"rendered":"Karol Nawrocki spotka si\u0119 z Donaldem Trumpem w USA. Plan wyjazdu \u2013 Wprost"},"content":{"rendered":"\n<p>&#13;<br \/>\nPrezydent Karol Nawrocki ma\u00a0w\u00a0najbli\u017cszych miesi\u0105cach zaplanowane dwie wizyty w\u00a0Stanach Zjednoczonych. Pierwsza odb\u0119dzie si\u0119 pod\u00a0koniec wrze\u015bnia. Polski przyw\u00f3dca we\u017amie w\u00f3wczas udzia\u0142 w\u00a0debacie generalnej 81. sesji Zgromadzenia Og\u00f3lnego ONZ w\u00a0Nowym Jorku. Na\u00a0razie w\u00a0programie tej podr\u00f3\u017cy nie\u00a0ma\u00a0oficjalnego spotkania z\u00a0prezydentem USA. Nawrocki nie\u00a0wyklucza jednak, \u017ce\u00a0do\u00a0kr\u00f3tkiej rozmowy z\u00a0Donaldem Trumpem mo\u017ce doj\u015b\u0107 spontanicznie. &#13;\n<\/p>\n<p> \u2013 Tego nie\u00a0wiem, takich plan\u00f3w na\u00a0dzie\u0144 dzisiejszy nie\u00a0ma. By\u0107 mo\u017ce spotkamy si\u0119 w\u00a0spos\u00f3b spontaniczny, ale\u00a0z\u00a0ca\u0142\u0105 pewno\u015bci\u0105 spotkamy si\u0119 w\u00a0grudniu \u2013\u00a0powiedzia\u0142 prezydent.Spotkanie Nawrockiego z\u00a0Trumpem podczas szczytu G20<\/p>\n<p>&#13;<br \/>\nDruga podr\u00f3\u017c do\u00a0USA planowana jest na\u00a0grudzie\u0144. Nawrocki ma\u00a0uczestniczy\u0107 w\u00a0szczycie G20, kt\u00f3ry odb\u0119dzie si\u0119 14 i\u00a015 grudnia w\u00a0o\u015brodku Trump National Doral Miami na\u00a0Florydzie. Stany Zjednoczone sprawuj\u0105 w\u00a0tym roku przewodnictwo w\u00a0grupie skupiaj\u0105cej najwi\u0119ksze gospodarki \u015bwiata. &#13;\n<\/p>\n<p>&#13;<br \/>\nPrzy okazji szczytu ma\u00a0doj\u015b\u0107 do\u00a0rozmowy prezydent\u00f3w Polski i\u00a0USA. Nawrocki zapowiedzia\u0142 w\u00a0czwartek, \u017ce\u00a0grudniowe spotkanie z\u00a0Trumpem odb\u0119dzie si\u0119 \u201ez\u00a0ca\u0142\u0105 pewno\u015bci\u0105\u201d. &#13;\n<\/p>\n<p>Nawrocki m\u00f3wi o\u00a0\u201esta\u0142ych relacjach\u201d z\u00a0prezydentem USA<\/p>\n<p>&#13;<br \/>\nPolski prezydent przekonuje, \u017ce\u00a0jego wsp\u00f3\u0142praca z\u00a0Donaldem Trumpem ma\u00a0regularny charakter i\u00a0przynios\u0142a ju\u017c konkretne rezultaty. W\u015br\u00f3d nich wymieni\u0142 sta\u0142\u0105 obecno\u015b\u0107 wojsk ameryka\u0144skich w\u00a0Polsce oraz\u00a0dzia\u0142ania zwi\u0105zane z\u00a0uwolnieniem Andrzeja Poczobuta. &#13;\n<\/p>\n<p> \u2013 Sta\u0142e relacje z\u00a0prezydentem Donaldem Trumpem przynios\u0142y ju\u017c tyle wymiernych efekt\u00f3w: w\u00a0zakresie polskich \u017co\u0142nierzy, naprawd\u0119 otwartych drzwi i\u00a0roz\u0142o\u017conego dywanu, do\u00a0sta\u0142ej obecno\u015bci wojsk ameryka\u0144skich w\u00a0Polsce czy\u00a0do\u00a0uwolnienia Andrzeja Poczobuta \u2013\u00a0stwierdzi\u0142 Nawrocki cytowany przez RMF24. <\/p>\n<p>&#13;<br \/>\nJak doda\u0142, w\u00a0grudniu relacje z\u00a0<a href=\"https:\/\/www.wprost.pl\/opinie-i-komentarze\/12420411\/trump-jako-zdrajca-czyli-o-co-chodzi-amerykanom-w-azji.html\" rel=\"nofollow noopener\" target=\"_blank\">Donaldem Trumpem<\/a> \u201ezostan\u0105 od\u015bwie\u017cone\u201d. Szczeg\u00f3\u0142owy program rozmowy nie\u00a0zosta\u0142 jeszcze przedstawiony. Spotkanie ma\u00a0jednak odby\u0107 si\u0119 w\u00a0czasie szczytu G20, podczas drugiej tegorocznej wizyty Nawrockiego w\u00a0Stanach Zjednoczonych. &#13;\n<\/p>\n<p>&#13;<br \/>\n   Czytaj te\u017c:<br \/><a href=\"https:\/\/www.wprost.pl\/kraj\/12432339\/sondaz-polacy-ocenili-weta-karola-nawrockiego.html\" rel=\"follow nofollow noopener\" data-schema=\"WPROST\" data-image=\"https:\/\/img.wprost.pl\/_thumb\/31\/61\/103f2c3600436f57ff20550d50aa.jpeg\" target=\"_blank\">Afera Zondacrypto problemem dla\u00a0Nawrockiego? Ten sonda\u017c nie\u00a0ucieszy Pa\u0142acu Prezydenckiego<\/a>   Czytaj te\u017c:<br \/><a href=\"https:\/\/biznes.wprost.pl\/finanse-i-inwestycje\/12417660\/weta-prezydenta-blokuja-miliardy-bochniarz-ostrzega-rzad-w-koncu-siegnie-po-podwyzki-podatkow.html\" rel=\"follow nofollow noopener\" data-schema=\"WPROST\" data-image=\"https:\/\/img.wprost.pl\/_thumb\/e9\/4e\/d79ed0f5760e2578eced68404498.jpeg\" target=\"_blank\">Weta prezydenta blokuj\u0105 miliardy. Bochniarz ostrzega: Rz\u0105d w\u00a0ko\u0144cu si\u0119gnie po\u00a0podwy\u017cki podatk\u00f3w<\/a>&#13;<\/p>\n","protected":false},"excerpt":{"rendered":"&#13; Prezydent Karol Nawrocki ma\u00a0w\u00a0najbli\u017cszych miesi\u0105cach zaplanowane dwie wizyty w\u00a0Stanach Zjednoczonych. Pierwsza odb\u0119dzie si\u0119 pod\u00a0koniec wrze\u015bnia. Polski przyw\u00f3dca&hellip;\n","protected":false},"author":2,"featured_media":666468,"comment_status":"","ping_status":"","sticky":false,"template":"","format":"standard","meta":{"footnotes":"","_share_on_mastodon":"0"},"categories":[62712],"tags":[1835,1128,690,49,907,1005,61647,71,43315],"class_list":["post-666467","post","type-post","status-publish","format-standard","has-post-thumbnail","category-karol-nawrocki","tag-donald-trump","tag-g20","tag-karol-nawrocki","tag-kraj","tag-polityka","tag-prezydent","tag-stanislaw-wegrowski","tag-usa","tag-wprost"],"share_on_mastodon":{"url":"https:\/\/pubeurope.com\/@pl\/117211677891583353","error":""},"_links":{"self":[{"href":"https:\/\/www.europesays.com\/pl\/wp-json\/wp\/v2\/posts\/666467","targetHints":{"allow":["GET"]}}],"collection":[{"href":"https:\/\/www.europesays.com\/pl\/wp-json\/wp\/v2\/posts"}],"about":[{"href":"https:\/\/www.europesays.com\/pl\/wp-json\/wp\/v2\/types\/post"}],"author":[{"embeddable":true,"href":"https:\/\/www.europesays.com\/pl\/wp-json\/wp\/v2\/users\/2"}],"replies":[{"embeddable":true,"href":"https:\/\/www.europesays.com\/pl\/wp-json\/wp\/v2\/comments?post=666467"}],"version-history":[{"count":0,"href":"https:\/\/www.europesays.com\/pl\/wp-json\/wp\/v2\/posts\/666467\/revisions"}],"wp:featuredmedia":[{"embeddable":true,"href":"https:\/\/www.europesays.com\/pl\/wp-json\/wp\/v2\/media\/666468"}],"wp:attachment":[{"href":"https:\/\/www.europesays.com\/pl\/wp-json\/wp\/v2\/media?parent=666467"}],"wp:term":[{"taxonomy":"category","embeddable":true,"href":"https:\/\/www.europesays.com\/pl\/wp-json\/wp\/v2\/categories?post=666467"},{"taxonomy":"post_tag","embeddable":true,"href":"https:\/\/www.europesays.com\/pl\/wp-json\/wp\/v2\/tags?post=666467"}],"curies":[{"name":"wp","href":"https:\/\/api.w.org\/{rel}","templated":true}]}}