{"id":666469,"date":"2026-09-04T07:50:15","date_gmt":"2026-09-04T07:50:15","guid":{"rendered":"https:\/\/www.europesays.com\/pl\/666469\/"},"modified":"2026-09-04T07:50:15","modified_gmt":"2026-09-04T07:50:15","slug":"wlamali-sie-i-okradli-market-dino","status":"publish","type":"post","link":"https:\/\/www.europesays.com\/pl\/666469\/","title":{"rendered":"W\u0142amali si\u0119 i okradli market Dino"},"content":{"rendered":"<p><a href=\"https:\/\/lwowecki.info\/wp-content\/uploads\/2026\/04\/policja-dino-market.jpg\" data-caption=\"zdj\u0119cie pogl\u0105dowe  \" rel=\"nofollow noopener\" target=\"_blank\"><img loading=\"lazy\" decoding=\"async\" data-lazyloaded=\"1\" data-placeholder-resp=\"696x464\" width=\"696\" height=\"464\" class=\"entry-thumb td-modal-image webpexpress-processed\" src=\"https:\/\/www.europesays.com\/pl\/wp-content\/uploads\/2026\/09\/policja-dino-market-696x464.jpg\"  data- alt=\"\" title=\"policja dino market\"\/><\/a>zdj\u0119cie pogl\u0105dowe<\/p>\n<p style=\"text-align: justify;\">O w\u0142amaniu do marketu Dino w P\u0142awnej Dolnej pisali\u015bmy wczoraj, przedstawiaj\u0105c pierwsze ustalenia dotycz\u0105ce zdarzenia, jakie mia\u0142o miejsce nad ranem 2 wrze\u015bnia oraz prowadzone przez policj\u0119 czynno\u015bci. Sam przypadek nie jest jednak odosobniony, je\u017celi spojrze\u0107 na ostatnie miesi\u0105ce w regionie.<\/p>\n<p style=\"text-align: justify;\">Tu warto podkre\u015bli\u0107, i\u017c sklepy Dino w ci\u0105gu kilkunastu lat sta\u0142y si\u0119 jednym z najwi\u0119kszych detalist\u00f3w w Polsce. Na koniec czerwca 2026 roku dzia\u0142a\u0142o ju\u017c 3176 market\u00f3w. W pierwszym p\u00f3\u0142roczu uruchomiono kolejnych 148 plac\u00f3wek. Tak du\u017ca liczba punkt\u00f3w sprzeda\u017cy ma znaczenie r\u00f3wnie\u017c z punktu widzenia bezpiecze\u0144stwa.<\/p>\n<p style=\"text-align: justify;\">Dino jest obecne nie tylko w du\u017cych miastach, ale przede wszystkim w mniejszych miejscowo\u015bciach i na terenach wiejskich. Charakterystyczny dla sieci jest powtarzalny format plac\u00f3wek, co powoduje, \u017ce osoba planuj\u0105ca kradzie\u017c mo\u017ce spodziewa\u0107 si\u0119 podobnych rozwi\u0105za\u0144 organizacyjnych i zabezpiecze\u0144 w ka\u017cdej z tych lokalizacji.<\/p>\n<p style=\"text-align: justify;\">Co wi\u0119cej, przest\u0119pcy zawsze ch\u0119tniej atakowali obiekty usytuowane w\u0142a\u015bnie w mniejszych miejscowo\u015bciach, wykorzystuj\u0105c nocn\u0105 por\u0119, znikomy ruch oraz czas potrzebny ochronie i policji na dojazd na miejsce. W\u015br\u00f3d stosowanych sposob\u00f3w pojawiaj\u0105 si\u0119 r\u00f3\u017cne metody dzia\u0142ania. Jedni wykorzystuj\u0105 samochody do staranowania drzwi wej\u015bciowych, w innych przypadkach dochodzi do pr\u00f3b wej\u015bcia przez otwory wentylacyjne, lub uszkadzania zabezpiecze\u0144 znajduj\u0105cych si\u0119 na dachu.<\/p>\n<p style=\"text-align: justify;\">Najwi\u0119ksz\u0105 pokus\u0105 dla przest\u0119pc\u00f3w s\u0105 towary o znacznej warto\u015bci, kt\u00f3re \u0142atwo b\u0119dzie spieni\u0119\u017cy\u0107. W\u015br\u00f3d najcz\u0119\u015bciej kradzionego asortymentu regularnie pojawiaj\u0105 si\u0119 papierosy, alkohol, s\u0142odycze.<\/p>\n<p style=\"text-align: justify;\">Tak te\u017c by\u0142o w tym tygodniu w P\u0142awnej, gdzie sprawcy dokonali kradzie\u017cy g\u0142\u00f3wnie wyrob\u00f3w tytoniowych. Co warto podkre\u015bli\u0107, sie\u0107 straty oszacowa\u0142a na bagatela, ponad 30 tysi\u0119cy z\u0142otych. W tej kwocie mie\u015bci si\u0119 nie tylko warto\u015b\u0107 skradzionego towaru, ale r\u00f3wnie\u017c zniszczenia zabezpiecze\u0144.<\/p>\n<p style=\"text-align: justify;\">Ta plac\u00f3wka by\u0142a kolejn\u0105 w ostatnim czasie, do kt\u00f3rej dokonano w\u0142amania. Wcze\u015bniej, na pocz\u0105tku sierpnia br. przest\u0119pcy sforsowali zabezpieczenia i weszli do marketu w Lubomierz, sk\u0105d r\u00f3wnie\u017c skradli wyroby tytoniowe.<\/p>\n","protected":false},"excerpt":{"rendered":"zdj\u0119cie pogl\u0105dowe O w\u0142amaniu do marketu Dino w P\u0142awnej Dolnej pisali\u015bmy wczoraj, przedstawiaj\u0105c pierwsze ustalenia dotycz\u0105ce zdarzenia, jakie&hellip;\n","protected":false},"author":2,"featured_media":666470,"comment_status":"","ping_status":"","sticky":false,"template":"","format":"standard","meta":{"footnotes":"","_share_on_mastodon":"0"},"categories":[52249],"tags":[857,41997,42,38,40,39,41],"class_list":["post-666469","post","type-post","status-publish","format-standard","has-post-thumbnail","category-dino-polska","tag-dino","tag-dino-polska","tag-pl","tag-poland","tag-polish","tag-polska","tag-polski"],"share_on_mastodon":{"url":"https:\/\/pubeurope.com\/@pl\/117211682513393415","error":""},"_links":{"self":[{"href":"https:\/\/www.europesays.com\/pl\/wp-json\/wp\/v2\/posts\/666469","targetHints":{"allow":["GET"]}}],"collection":[{"href":"https:\/\/www.europesays.com\/pl\/wp-json\/wp\/v2\/posts"}],"about":[{"href":"https:\/\/www.europesays.com\/pl\/wp-json\/wp\/v2\/types\/post"}],"author":[{"embeddable":true,"href":"https:\/\/www.europesays.com\/pl\/wp-json\/wp\/v2\/users\/2"}],"replies":[{"embeddable":true,"href":"https:\/\/www.europesays.com\/pl\/wp-json\/wp\/v2\/comments?post=666469"}],"version-history":[{"count":0,"href":"https:\/\/www.europesays.com\/pl\/wp-json\/wp\/v2\/posts\/666469\/revisions"}],"wp:featuredmedia":[{"embeddable":true,"href":"https:\/\/www.europesays.com\/pl\/wp-json\/wp\/v2\/media\/666470"}],"wp:attachment":[{"href":"https:\/\/www.europesays.com\/pl\/wp-json\/wp\/v2\/media?parent=666469"}],"wp:term":[{"taxonomy":"category","embeddable":true,"href":"https:\/\/www.europesays.com\/pl\/wp-json\/wp\/v2\/categories?post=666469"},{"taxonomy":"post_tag","embeddable":true,"href":"https:\/\/www.europesays.com\/pl\/wp-json\/wp\/v2\/tags?post=666469"}],"curies":[{"name":"wp","href":"https:\/\/api.w.org\/{rel}","templated":true}]}}