{"id":666477,"date":"2026-09-04T07:55:20","date_gmt":"2026-09-04T07:55:20","guid":{"rendered":"https:\/\/www.europesays.com\/pl\/666477\/"},"modified":"2026-09-04T07:55:20","modified_gmt":"2026-09-04T07:55:20","slug":"odkryj-czynne-kapieliska-w-bialymstoku-4-09-2026","status":"publish","type":"post","link":"https:\/\/www.europesays.com\/pl\/666477\/","title":{"rendered":"Odkryj czynne k\u0105pieliska w Bia\u0142ymstoku (4.09.2026)"},"content":{"rendered":"<p><img decoding=\"async\" loading=\"eager\" fetchpriority=\"high\" class=\"atomsArticleGalleryImage__mainImg\" src=\"https:\/\/www.europesays.com\/pl\/wp-content\/uploads\/2026\/09\/il20260528_967172483_medium.jpg\" alt=\"Sprawd&#x17A;, kt&#xF3;re k&#x105;pieliska s&#x105; czynne w Twoim mie&#x15B;cie, aby aktywnie odpocz&#x105;&#x107; na &#x15B;wie&#x17C;ym powietrzu.\" width=\"1920\" height=\"1280\"\/><\/p>\n<p>\n        Sprawd\u017a, kt\u00f3re k\u0105pieliska s\u0105 czynne w Twoim mie\u015bcie, aby aktywnie odpocz\u0105\u0107 na \u015bwie\u017cym powietrzu.<\/p>\n<p>          fot. The best photo is earned\/iStock\n        <\/p>\n<p>Otwarte k\u0105pieliska w Bia\u0142ymstoku 4.09.2026 kt\u00f3re to? W Polsce sezon na k\u0105pieliska trwa od 1 czerwca do 30 wrze\u015bnia. Czy Twoje ulubione k\u0105pielisko jest dzisiaj czynne? Sprawd\u017a, kt\u00f3re obiekty s\u0105 dzi\u015b czynne. Dowiedz si\u0119, jakie warunki panuj\u0105 na k\u0105pieliskachw Bia\u0142ymstoku. Podajemy wa\u017cne informacje dotycz\u0105ce k\u0105pielisk w Twojej okolicy. Sprawd\u017a na naszej li\u015bcie, kt\u00f3re k\u0105pieliska s\u0105 otwarte w Bia\u0142ymstoku.<\/p>\n","protected":false},"excerpt":{"rendered":"Sprawd\u017a, kt\u00f3re k\u0105pieliska s\u0105 czynne w Twoim mie\u015bcie, aby aktywnie odpocz\u0105\u0107 na \u015bwie\u017cym powietrzu. fot. The best photo&hellip;\n","protected":false},"author":2,"featured_media":666478,"comment_status":"","ping_status":"","sticky":false,"template":"","format":"standard","meta":{"footnotes":"","_share_on_mastodon":"0"},"categories":[51614],"tags":[2151,54929,42,6304,38,40,39,41],"class_list":["post-666477","post","type-post","status-publish","format-standard","has-post-thumbnail","category-bialystok","tag-bialystok","tag-kapielisko","tag-pl","tag-plaze","tag-poland","tag-polish","tag-polska","tag-polski"],"share_on_mastodon":{"url":"https:\/\/pubeurope.com\/@pl\/117211702213799765","error":""},"_links":{"self":[{"href":"https:\/\/www.europesays.com\/pl\/wp-json\/wp\/v2\/posts\/666477","targetHints":{"allow":["GET"]}}],"collection":[{"href":"https:\/\/www.europesays.com\/pl\/wp-json\/wp\/v2\/posts"}],"about":[{"href":"https:\/\/www.europesays.com\/pl\/wp-json\/wp\/v2\/types\/post"}],"author":[{"embeddable":true,"href":"https:\/\/www.europesays.com\/pl\/wp-json\/wp\/v2\/users\/2"}],"replies":[{"embeddable":true,"href":"https:\/\/www.europesays.com\/pl\/wp-json\/wp\/v2\/comments?post=666477"}],"version-history":[{"count":0,"href":"https:\/\/www.europesays.com\/pl\/wp-json\/wp\/v2\/posts\/666477\/revisions"}],"wp:featuredmedia":[{"embeddable":true,"href":"https:\/\/www.europesays.com\/pl\/wp-json\/wp\/v2\/media\/666478"}],"wp:attachment":[{"href":"https:\/\/www.europesays.com\/pl\/wp-json\/wp\/v2\/media?parent=666477"}],"wp:term":[{"taxonomy":"category","embeddable":true,"href":"https:\/\/www.europesays.com\/pl\/wp-json\/wp\/v2\/categories?post=666477"},{"taxonomy":"post_tag","embeddable":true,"href":"https:\/\/www.europesays.com\/pl\/wp-json\/wp\/v2\/tags?post=666477"}],"curies":[{"name":"wp","href":"https:\/\/api.w.org\/{rel}","templated":true}]}}