{"id":666485,"date":"2026-09-04T07:59:20","date_gmt":"2026-09-04T07:59:20","guid":{"rendered":"https:\/\/www.europesays.com\/pl\/666485\/"},"modified":"2026-09-04T07:59:20","modified_gmt":"2026-09-04T07:59:20","slug":"zaplanuj-wypoczynek-nad-woda-w-gdansku-sprawdz-kapieliska-4-09-2026","status":"publish","type":"post","link":"https:\/\/www.europesays.com\/pl\/666485\/","title":{"rendered":"Zaplanuj wypoczynek nad wod\u0105 w Gda\u0144sku. Sprawd\u017a k\u0105pieliska (4.09.2026)"},"content":{"rendered":"<p><img decoding=\"async\" loading=\"eager\" fetchpriority=\"high\" class=\"atomsArticleGalleryImage__mainImg\" src=\"https:\/\/www.europesays.com\/pl\/wp-content\/uploads\/2026\/09\/il20260528_967098237_medium.jpg\" alt=\"Sprawd&#x17A;, jakie otwarte k&#x105;pieliska znajdziesz w swoim mie&#x15B;cie i okolicy, aby aktywnie zrelaksowa&#x107; si&#x119; na &#x15B;wie&#x17C;ym powietrzu.\" width=\"1920\" height=\"1080\"\/><\/p>\n<p>\n        Sprawd\u017a, jakie otwarte k\u0105pieliska znajdziesz w swoim mie\u015bcie i okolicy, aby aktywnie zrelaksowa\u0107 si\u0119 na \u015bwie\u017cym powietrzu.<\/p>\n<p>          fot. Xurzon\/iStock\n        <\/p>\n<p>K\u0105pieliska otwarte w Gda\u0144sku 4.09.2026 kt\u00f3re to? W ca\u0142ej Polsce sezon na k\u0105pieliska trwa od 1 czerwca do 30 wrze\u015bnia. Chcesz wiedzie\u0107, czy dzisiaj otwarte Twoje ulubione k\u0105pielisko? Sprawd\u017a nasz\u0105 list\u0119 czynnych obiekt\u00f3w. Sprawd\u017a, jakie s\u0105 warunki na k\u0105pieliskach w Gda\u0144sku. W artykule podajemy wa\u017cne informacje o k\u0105pieliskach w Twojej okolicy. Sprawd\u017a w naszej li\u015bcie, gdzie mo\u017cna korzysta\u0107 z k\u0105pieliska w Gda\u0144sku.<\/p>\n","protected":false},"excerpt":{"rendered":"Sprawd\u017a, jakie otwarte k\u0105pieliska znajdziesz w swoim mie\u015bcie i okolicy, aby aktywnie zrelaksowa\u0107 si\u0119 na \u015bwie\u017cym powietrzu. fot.&hellip;\n","protected":false},"author":2,"featured_media":666486,"comment_status":"","ping_status":"","sticky":false,"template":"","format":"standard","meta":{"footnotes":"","_share_on_mastodon":"0"},"categories":[51610],"tags":[1048,54929,42,6304,38,40,39,41],"class_list":["post-666485","post","type-post","status-publish","format-standard","has-post-thumbnail","category-gdansk","tag-gdansk","tag-kapielisko","tag-pl","tag-plaze","tag-poland","tag-polish","tag-polska","tag-polski"],"share_on_mastodon":{"url":"https:\/\/pubeurope.com\/@pl\/117211717889217451","error":""},"_links":{"self":[{"href":"https:\/\/www.europesays.com\/pl\/wp-json\/wp\/v2\/posts\/666485","targetHints":{"allow":["GET"]}}],"collection":[{"href":"https:\/\/www.europesays.com\/pl\/wp-json\/wp\/v2\/posts"}],"about":[{"href":"https:\/\/www.europesays.com\/pl\/wp-json\/wp\/v2\/types\/post"}],"author":[{"embeddable":true,"href":"https:\/\/www.europesays.com\/pl\/wp-json\/wp\/v2\/users\/2"}],"replies":[{"embeddable":true,"href":"https:\/\/www.europesays.com\/pl\/wp-json\/wp\/v2\/comments?post=666485"}],"version-history":[{"count":0,"href":"https:\/\/www.europesays.com\/pl\/wp-json\/wp\/v2\/posts\/666485\/revisions"}],"wp:featuredmedia":[{"embeddable":true,"href":"https:\/\/www.europesays.com\/pl\/wp-json\/wp\/v2\/media\/666486"}],"wp:attachment":[{"href":"https:\/\/www.europesays.com\/pl\/wp-json\/wp\/v2\/media?parent=666485"}],"wp:term":[{"taxonomy":"category","embeddable":true,"href":"https:\/\/www.europesays.com\/pl\/wp-json\/wp\/v2\/categories?post=666485"},{"taxonomy":"post_tag","embeddable":true,"href":"https:\/\/www.europesays.com\/pl\/wp-json\/wp\/v2\/tags?post=666485"}],"curies":[{"name":"wp","href":"https:\/\/api.w.org\/{rel}","templated":true}]}}