{"id":666487,"date":"2026-09-04T08:00:12","date_gmt":"2026-09-04T08:00:12","guid":{"rendered":"https:\/\/www.europesays.com\/pl\/666487\/"},"modified":"2026-09-04T08:00:12","modified_gmt":"2026-09-04T08:00:12","slug":"nocna-prohibicja-obejmie-caly-poznan-jest-przelom-w-sprawie","status":"publish","type":"post","link":"https:\/\/www.europesays.com\/pl\/666487\/","title":{"rendered":"Nocna prohibicja obejmie ca\u0142y Pozna\u0144? Jest prze\u0142om w sprawie"},"content":{"rendered":"<p class=\"isSelectedEnd\">Dyskusja o obj\u0119ciu ca\u0142ego Poznania nocnym zakazem sprzeda\u017cy alkoholu trwa od d\u0142u\u017cszego czasu. W przeprowadzonych konsultacjach spo\u0142ecznych wi\u0119kszo\u015b\u0107 uczestnicz\u0105cych w nich mieszka\u0144c\u00f3w popar\u0142a takie rozwi\u0105zanie. Wcze\u015bniej pozytywnie do pomys\u0142u odnios\u0142a si\u0119 tak\u017ce wi\u0119kszo\u015b\u0107 pozna\u0144skich rad osiedli.<\/p>\n<p class=\"isSelectedEnd\">Teraz sprawa wchodzi w decyduj\u0105c\u0105 faz\u0119.<\/p>\n<p class=\"isSelectedEnd\">O przygotowywanych przepisach dyskutowano podczas czwartkowego posiedzenia Komisji Bezpiecze\u0144stwa i Porz\u0105dku Publicznego. Wydzia\u0142 Dzia\u0142alno\u015bci Gospodarczej i Rolnictwa przygotowa\u0142 ju\u017c wst\u0119pny projekt uchwa\u0142y. Zanim dokument formalnie trafi do Biura Rady Miasta, przedstawiono go cz\u0142onkom komisji.<\/p>\n<p class=\"isSelectedEnd\">Najwi\u0119ksze emocje wzbudzi\u0142a data rozpocz\u0119cia obowi\u0105zywania nowych zasad. Pierwotna propozycja zak\u0142ada\u0142a, \u017ce og\u00f3lnomiejski zakaz zacznie dzia\u0142a\u0107 1 kwietnia 2027 roku.<\/p>\n<p class=\"isSelectedEnd\">Radni uznali jednak, \u017ce to zdecydowanie zbyt p\u00f3\u017ano. Ich zdaniem nie ma potrzeby czeka\u0107 kilku miesi\u0119cy od momentu przyj\u0119cia uchwa\u0142y na wprowadzenie nowych regulacji.<\/p>\n<p class=\"isSelectedEnd\">Komisja jednog\u0142o\u015bnie opowiedzia\u0142a si\u0119 wi\u0119c za znacznie wcze\u015bniejszym terminem. Zgodnie z przyj\u0119tym stanowiskiem ograniczenie nocnej sprzeda\u017cy alkoholu mia\u0142oby obowi\u0105zywa\u0107 w ca\u0142ym Poznaniu ju\u017c od 1 stycznia 2027 roku. Urz\u0119dnicy maj\u0105 teraz uwzgl\u0119dni\u0107 t\u0119 zmian\u0119 w projekcie.<\/p>\n<p class=\"isSelectedEnd\">Nie oznacza to jeszcze, \u017ce decyzja zosta\u0142a ostatecznie podj\u0119ta. Kluczowe g\u0142osowanie ma odby\u0107 si\u0119 w pa\u017adzierniku podczas sesji Rady Miasta Poznania. To miejscy radni zdecyduj\u0105, czy nocne ograniczenie sprzeda\u017cy alkoholu zostanie rozszerzone na ca\u0142y Pozna\u0144.<\/p>\n<p class=\"isSelectedEnd\">Je\u017celi projekt uzyska wymagane poparcie, sylwestrowa noc mo\u017ce by\u0107 symboliczn\u0105 granic\u0105 mi\u0119dzy starymi i nowymi zasadami. Od Nowego Roku mieszka\u0144cy nie kupi\u0105 w godzinach obj\u0119tych zakazem alkoholu w sklepach i innych punktach sprzeda\u017cy detalicznej na terenie ca\u0142ego miasta.<\/p>\n<p>Pozna\u0144 ju\u017c wcze\u015bniej wprowadza\u0142 takie ograniczenia na wybranych obszarach. Teraz samorz\u0105d przygotowuje si\u0119 do znacznie wi\u0119kszej zmiany \u2013 obj\u0119cia nocnym zakazem sprzeda\u017cy alkoholu wszystkich osiedli miasta.<\/p>\n","protected":false},"excerpt":{"rendered":"Dyskusja o obj\u0119ciu ca\u0142ego Poznania nocnym zakazem sprzeda\u017cy alkoholu trwa od d\u0142u\u017cszego czasu. W przeprowadzonych konsultacjach spo\u0142ecznych wi\u0119kszo\u015b\u0107&hellip;\n","protected":false},"author":2,"featured_media":666488,"comment_status":"","ping_status":"","sticky":false,"template":"","format":"standard","meta":{"footnotes":"","_share_on_mastodon":"0"},"categories":[51609],"tags":[42,38,40,39,41,1817],"class_list":["post-666487","post","type-post","status-publish","format-standard","has-post-thumbnail","category-poznan","tag-pl","tag-poland","tag-polish","tag-polska","tag-polski","tag-poznan"],"share_on_mastodon":{"url":"https:\/\/pubeurope.com\/@pl\/117211721033299627","error":""},"_links":{"self":[{"href":"https:\/\/www.europesays.com\/pl\/wp-json\/wp\/v2\/posts\/666487","targetHints":{"allow":["GET"]}}],"collection":[{"href":"https:\/\/www.europesays.com\/pl\/wp-json\/wp\/v2\/posts"}],"about":[{"href":"https:\/\/www.europesays.com\/pl\/wp-json\/wp\/v2\/types\/post"}],"author":[{"embeddable":true,"href":"https:\/\/www.europesays.com\/pl\/wp-json\/wp\/v2\/users\/2"}],"replies":[{"embeddable":true,"href":"https:\/\/www.europesays.com\/pl\/wp-json\/wp\/v2\/comments?post=666487"}],"version-history":[{"count":0,"href":"https:\/\/www.europesays.com\/pl\/wp-json\/wp\/v2\/posts\/666487\/revisions"}],"wp:featuredmedia":[{"embeddable":true,"href":"https:\/\/www.europesays.com\/pl\/wp-json\/wp\/v2\/media\/666488"}],"wp:attachment":[{"href":"https:\/\/www.europesays.com\/pl\/wp-json\/wp\/v2\/media?parent=666487"}],"wp:term":[{"taxonomy":"category","embeddable":true,"href":"https:\/\/www.europesays.com\/pl\/wp-json\/wp\/v2\/categories?post=666487"},{"taxonomy":"post_tag","embeddable":true,"href":"https:\/\/www.europesays.com\/pl\/wp-json\/wp\/v2\/tags?post=666487"}],"curies":[{"name":"wp","href":"https:\/\/api.w.org\/{rel}","templated":true}]}}