{"id":666501,"date":"2026-09-04T08:07:13","date_gmt":"2026-09-04T08:07:13","guid":{"rendered":"https:\/\/www.europesays.com\/pl\/666501\/"},"modified":"2026-09-04T08:07:13","modified_gmt":"2026-09-04T08:07:13","slug":"na-rondzie-de-gaullea-powstanie-oaza-zieleni","status":"publish","type":"post","link":"https:\/\/www.europesays.com\/pl\/666501\/","title":{"rendered":"Na Rondzie de Gaulle\u2019a powstanie oaza zieleni"},"content":{"rendered":"<p>Ju\u017c nie na betonowej, a na zielonej \u2013 na takiej wyspie b\u0119dzie \u201erosn\u0105\u0107\u201d palma na Rondzie de Gaulle\u2019a. Jutro, tj. w pi\u0105tek, 4 wrze\u015bnia, rozpoczyna si\u0119 zapowiadane rozp\u0142ytowanie obszaru wok\u00f3\u0142 palmy. Planowane zako\u0144czenie prac ju\u017c w listopadzie. <\/p>\n<p>Palma ju\u017c jest. Teraz czas na reszt\u0119 zielonej oazy. Zarz\u0105d Dr\u00f3g Miejskich rozpoczyna rozp\u0142ytowanie betonowej \u201ewysypy\u201d na Rondzie de Gaulle\u2019a. Roboty w tym miejscu rozpoczn\u0105 si\u0119 ju\u017c w pi\u0105tek, 4 wrze\u015bnia. W czasie prac rondo b\u0119dzie w pe\u0142ni przejezdne. Inwestycja powinna zako\u0144czy\u0107 si\u0119 w listopadzie. O ile wykonawcy nie natrafi\u0105 na ukryte \u201eskarby\u201d \u2013 nale\u017cy pami\u0119ta\u0107, \u017ce \u015bcis\u0142e centrum Warszawy kryje wiele historycznych pami\u0105tek.<\/p>\n<p>Tropikalna oaza w sercu Warszawy<br \/>Dzi\u015b \u201eplac\u201d na \u015brodku ronda to jedna wielka szara przestrze\u0144. Dlatego ZDM rozkuje ok. 500 m kw. zb\u0119dnego betonu. Pozostawione zostan\u0105 tu jedynie zatoki dla s\u0142u\u017cb, np. policji, aby mog\u0142y pozostawi\u0107 tam swoje pojazdy w razie potrzeby. Rozp\u0142ytowana przestrze\u0144 zostanie zazieleniona. Nie b\u0119d\u0105 to jednak zwyk\u0142e nasadzenia \u2013 zmiany na rondzie przygotowywane zosta\u0142y wed\u0142ug konkretnej wizji, kt\u00f3ra konsultowana by\u0142a z Joann\u0105 Rajkowsk\u0105 \u2013 tw\u00f3rczyni\u0105 palmy oraz wielu innych dzie\u0142 zdobi\u0105cych sto\u0142eczne ulice.<\/p>\n<p>W ten spos\u00f3b powsta\u0142a wizja\u2026 tropik\u00f3w w centrum Warszawy. Dobrane zosta\u0142y odpowiednie gatunki ro\u015blin i zaplanowano aran\u017cacj\u0119 terenu. W efekcie zostan\u0105 tu usypane sztuczne wzniesienia, kt\u00f3re wykonawca obsadzi ostnic\u0105 i werben\u0105. Na pozosta\u0142ej cz\u0119\u015bci terenu pojawi si\u0119 kocimi\u0119tk\u0119 i sza\u0142wi\u0119. \u0141\u0105cznie a\u017c 7 tys. bylin i ro\u015blin cebulowych \u2013 w kolorze niebieskim, kt\u00f3ry b\u0119dzie imitowa\u0107\u2026 wyspy na oceanie.<\/p>\n<p>Zielone Centrum Warszawy<br \/>Ziele\u0144 to nie tylko kwestia estetyki, kt\u00f3ra sama w sobie tak\u017ce jest bardzo wa\u017cna. Znacznie przyjemniej spaceruje si\u0119 wzd\u0142u\u017c zadrzewionych ulic, s\u0142uchaj\u0105c \u015bpiewu ptak\u00f3w chowaj\u0105cych si\u0119 w li\u015bciach np. krzew\u00f3w. Jednak opr\u00f3cz tego ziele\u0144 daje nam cie\u0144, odgradza od py\u0142u i ha\u0142asu, poprawia retencj\u0119 wody oraz pomaga niwelowa\u0107 efekt tzw. miejskich wysp ciep\u0142a.<\/p>\n<p>Dlatego wi\u0119kszo\u015b\u0107 prowadzonych przez ZDM miejskich modernizacji przewiduje rozp\u0142ytowania zb\u0119dnego betonu i asfaltu. Najlepszymi przyk\u0142adami s\u0105 te w ramach projektu Nowe Centrum Warszawy. Zaledwie miesi\u0105c temu otwarta zosta\u0142a odmieniona i zielona ul. Z\u0142ota. Niegdy\u015b podporz\u0105dkowana niemal ca\u0142kowicie samochodom ulica w \u015bcis\u0142ym sercu miasta z miejsca sta\u0142a si\u0119 \u201ehitem\u201d lata w Warszawie.<\/p>\n<p>T\u0142umy, jakie przesz\u0142y Z\u0142ot\u0105 podczas pomiar\u00f3w to ponad 12,3 tys. os\u00f3b w zaledwie 13 godzin. Jest to dow\u00f3d, jak bardzo zielona przestrze\u0144 jest potrzebna mieszka\u0144com stolicy. Zw\u0142aszcza w centrum Warszawy, kt\u00f3re staje si\u0119 \u2013 dzi\u0119ki konsekwentnym dzia\u0142aniom w ramach projektu Nowe Centrum Warszawy \u2013 miastem dla wszystkich.<\/p>\n","protected":false},"excerpt":{"rendered":"Ju\u017c nie na betonowej, a na zielonej \u2013 na takiej wyspie b\u0119dzie \u201erosn\u0105\u0107\u201d palma na Rondzie de Gaulle\u2019a.&hellip;\n","protected":false},"author":2,"featured_media":666502,"comment_status":"","ping_status":"","sticky":false,"template":"","format":"standard","meta":{"footnotes":"","_share_on_mastodon":"0"},"categories":[51605],"tags":[7648,7650,2624,7651,2995,7649,7653,2801,42,38,40,39,41,6228,7647,66231,7646,7652,13188,435,56267,66753,64306],"class_list":["post-666501","post","type-post","status-publish","format-standard","has-post-thumbnail","category-warszawa","tag-autostrada","tag-cieplownictwo","tag-energetyka","tag-linie-kolejowe","tag-lotnisko","tag-obwodnica","tag-operatorzy","tag-pkp-plk","tag-pl","tag-poland","tag-polish","tag-polska","tag-polski","tag-porty","tag-porty-lotnicze","tag-rewitalizacja-obszarowa","tag-stocznie","tag-telekomunikacja","tag-um-warszawa","tag-warszawa","tag-zdm-warszawa","tag-zielen-w-miescie","tag-zielen-miejska"],"share_on_mastodon":{"url":"https:\/\/pubeurope.com\/@pl\/117211748412026393","error":""},"_links":{"self":[{"href":"https:\/\/www.europesays.com\/pl\/wp-json\/wp\/v2\/posts\/666501","targetHints":{"allow":["GET"]}}],"collection":[{"href":"https:\/\/www.europesays.com\/pl\/wp-json\/wp\/v2\/posts"}],"about":[{"href":"https:\/\/www.europesays.com\/pl\/wp-json\/wp\/v2\/types\/post"}],"author":[{"embeddable":true,"href":"https:\/\/www.europesays.com\/pl\/wp-json\/wp\/v2\/users\/2"}],"replies":[{"embeddable":true,"href":"https:\/\/www.europesays.com\/pl\/wp-json\/wp\/v2\/comments?post=666501"}],"version-history":[{"count":0,"href":"https:\/\/www.europesays.com\/pl\/wp-json\/wp\/v2\/posts\/666501\/revisions"}],"wp:featuredmedia":[{"embeddable":true,"href":"https:\/\/www.europesays.com\/pl\/wp-json\/wp\/v2\/media\/666502"}],"wp:attachment":[{"href":"https:\/\/www.europesays.com\/pl\/wp-json\/wp\/v2\/media?parent=666501"}],"wp:term":[{"taxonomy":"category","embeddable":true,"href":"https:\/\/www.europesays.com\/pl\/wp-json\/wp\/v2\/categories?post=666501"},{"taxonomy":"post_tag","embeddable":true,"href":"https:\/\/www.europesays.com\/pl\/wp-json\/wp\/v2\/tags?post=666501"}],"curies":[{"name":"wp","href":"https:\/\/api.w.org\/{rel}","templated":true}]}}