{"id":666505,"date":"2026-09-04T08:09:14","date_gmt":"2026-09-04T08:09:14","guid":{"rendered":"https:\/\/www.europesays.com\/pl\/666505\/"},"modified":"2026-09-04T08:09:14","modified_gmt":"2026-09-04T08:09:14","slug":"joanna-jablczynska-cytuje-tresc-pisma-od-grocholi-w-tresci-dwa-zadania","status":"publish","type":"post","link":"https:\/\/www.europesays.com\/pl\/666505\/","title":{"rendered":"Joanna Jab\u0142czy\u0144ska cytuje tre\u015b\u0107 pisma od Grocholi. W tre\u015bci dwa \u017c\u0105dania"},"content":{"rendered":"<p>Sprawa dotycz\u0105ca nowej ods\u0142ony &#8222;Nigdy w \u017cyciu&#8221;, czyli ekranizacji powie\u015bci <a href=\"https:\/\/plejada.pl\/temat\/katarzyna-grochola\/bk35m6e\" id=\"03622465-82da-43a3-9b27-763d3003a1d5\" rel=\"nofollow noopener\" target=\"_blank\">Katarzyny Grocholi<\/a> &#8222;A w\u0142asnie, \u017ce tak! Nigdy w \u017cyciu 20 lat p\u00f3\u017aniej&#8221; od kilku dni wzbudza ogromne emocje. Wszystko zacz\u0119\u0142o si\u0119 od decyzji, \u017ce <a href=\"https:\/\/plejada.pl\/newsy\/joanna-jablczynska-gorzko-o-kontynuacji-nigdy-w-zyciu-nie-kryje-emocji\/q0fsjnd\" id=\"65a30054-0128-44fd-af2d-7e1539c484d0\" rel=\"nofollow noopener\" target=\"_blank\">Joanna Jab\u0142czy\u0144ska nie powr\u00f3ci do roli Tosi<\/a>. W kontynuacji bohaterk\u0119 zagra Agnieszka \u017bulewska.Jab\u0142czy\u0144ska publicznie opowiedzia\u0142a o swoich odczuciach zwi\u0105zanych z brakiem anga\u017cu, a jej s\u0142owa wywo\u0142a\u0142y szerok\u0105 dyskusj\u0119. <a href=\"https:\/\/plejada.pl\/newsy\/katarzyna-grochola-zarzuca-joannie-jablczynskiej-klamstwo-jest-odpowiedz-aktorki\/sh5qzmg\" id=\"3ebb87e9-4059-4bb5-b641-57a9eaf59e87\" rel=\"nofollow noopener\" target=\"_blank\">Do sprawy odnios\u0142a si\u0119 Katarzyna Grochola<\/a>, wsp\u00f3\u0142producentka nowej produkcji. Pisarka zarzuci\u0142a aktorce rozpowszechnianie nieprawdziwych informacji i zapowiedzia\u0142a podj\u0119cie krok\u00f3w prawnych. Teraz wiadomo ju\u017c, \u017ce na zapowiedziach si\u0119 nie sko\u0144czy\u0142o.<a href=\"https:\/\/www.onet.pl\/\" title=\"Strona G\u0142\u00f3wna\" aria-label=\"Strona G\u0142\u00f3wna\" data-astro-prefetch=\"tap\" class=\"ods-a-logo-main-desktop\" rel=\"nofollow noopener\" target=\"_blank\"><img src=\"https:\/\/cdn.plejada.pl\/img\/Logo_desktop_Onet.svg\" class=\"ods-a-logo-main-desktop__image\" alt=\"Logo\" width=\"107\" height=\"60\" fetchpriority=\"high\" decoding=\"sync\" style=\"height:60px\"\/><\/a><\/p>\n<p class=\"ods-m-google-article__text\">Czytaj nas cz\u0119\u015bciej w Google<\/p>\n<p><a href=\"https:\/\/google.com\/preferences\/source?q=plejada.pl\" target=\"_blank\" rel=\"noopener noreferrer nofollow\" aria-label=\"Dodaj w Google\" title=\"Dodaj w Google\" class=\"ods-a-button ods-a-button__primary ods-a-button__default ods-a-button-l\">Dodaj w Google<\/a>Dalszy ci\u0105g artyku\u0142u pod materia\u0142em wideoJoanna Jab\u0142czy\u0144ska dosta\u0142a pismo od prawnika Katarzyny Grocholi. Ujawni\u0142a jego tre\u015b\u0107<\/p>\n<p>Joanna Jab\u0142czy\u0144ska w czwartek 4 wrze\u015bnia poinformowa\u0142a za po\u015brednictwem medi\u00f3w spo\u0142eczno\u015bciowych, \u017ce otrzyma\u0142a pismo od pe\u0142nomocnika Katarzyny Grocholi, w kt\u00f3rym znalaz\u0142y si\u0119 konkretne \u017c\u0105dania dotycz\u0105ce jej wcze\u015bniejszych wypowiedzi i publikacji.<\/p>\n<p>\u2014 Domy\u015blam si\u0119, \u017ce wi\u0119kszo\u015b\u0107 z was jest ju\u017c bardzo zm\u0119czona kolejnymi publikacjami na temat sytuacji, w kt\u00f3rej si\u0119 znalaz\u0142am, ale obieca\u0142am informowa\u0107 na bie\u017c\u0105co o ewentualnych podj\u0119tych krokach prawnych wobec mnie i dzisiaj w\u0142a\u015bnie do mnie przysz\u0142o przeds\u0105dowe wezwanie do zaprzestania i usuni\u0119cia skutk\u00f3w narusze\u0144 d\u00f3br osobistych oraz zap\u0142aty na wskazany cel spo\u0142eczny. W imieniu pani Anny Katarzyny Grocholi wysy\u0142a to wezwanie do mnie profesjonalny pe\u0142nomocnik \u2014 m\u00f3wi\u0142a na wst\u0119pie Jab\u0142czy\u0144ska.<\/p>\n<p><img class=\"ods-a-photo ods-a-photo--background\" src=\"https:\/\/www.europesays.com\/pl\/wp-content\/uploads\/2026\/09\/1788509354_220_e-ik9lBaHR0cHM6Ly9vY2RuLmV1L3B1bHNjbXMvTURBXy8xMTc0MzE5NGVhMzM4ODk1ZmIwZWJiNzA1YTUyMWE1YS5qcGeRlQLNA.jpeg\" height=\"299\" width=\"450\" alt=\"Katarzyna Grochola\" loading=\"lazy\" fetchpriority=\"low\" decoding=\"async\"\/><\/p>\n<p>Aktorka postanowi\u0142a nie pokazywa\u0107 pisma, by nie narazi\u0107 si\u0119 na kolejne kroki prawne. Jak wyjawi\u0142a, w tre\u015bci wezwania znalaz\u0142 si\u0119 wniosek o opublikowanie przeprosin o konkretnej tre\u015bci oraz wp\u0142at\u0119 kwoty 5 tys. z\u0142 na fundacj\u0119 Rak and Roll.<\/p>\n<blockquote class=\"ods-o-quote\">\n<p class=\"ods-o-quote__paragraph\">Bardzo chcia\u0142abym unikn\u0105\u0107 spotkania na sali s\u0105dowej. Niezale\u017cnie od tego, kto by wygra\u0142, takie post\u0119powanie narazi\u0142oby nas na niepotrzebny stres i koszty. Chc\u0105c tego unikn\u0105\u0107, za chwil\u0119 zobaczycie na moich profilach na Instagramie oraz na Facebooku stosowne przeprosiny, o kt\u00f3re pani Anna Katarzyna Grochola prosi\u0142a. B\u0119d\u0105 one przez 14 dni na moich profilach i chcia\u0142am wskaza\u0107 potwierdzenie wp\u0142aty na fundacj\u0119 Rak And Roll kwoty 5000 z\u0142 z mojego konta<\/p>\n<\/blockquote>\n<p>\u2014 kontynuowa\u0142a Jab\u0142czy\u0144ska.<\/p>\n<p>Jak zapowiedzia\u0142a, tak te\u017c zrobi\u0142a. Chwil\u0119 p\u00f3\u017aniej <a href=\"https:\/\/plejada.pl\/newsy\/joanna-jablczynska-przeprasza-katarzyne-grochole-z-wyrazami-ubolewania\/d2lw6em\" id=\"49b9c1f8-e04e-40e8-8585-a1f011fa4839\" rel=\"nofollow noopener\" target=\"_blank\">w social mediach Jab\u0142czy\u0144skiej pojawi\u0142y si\u0119 przeprosiny<\/a> wystosowane pod adresem Katarzyny Grocholi.<\/p>\n<p>\u2014 Przepraszam pani\u0105 Ann\u0119 Katarzyn\u0119 Grochol\u0119 za naruszenie d\u00f3br osobistych w postaci czci, dobrego imienia, godno\u015bci osobistej, autorytetu zawodowego i reputacji w \u015brodowisku filmowym oraz renomy jako producenta filmowego, a tak\u017ce tajemnicy korespondencji w zwi\u0105zku z moimi wypowiedziami i publikacjami w mediach spo\u0142eczno\u015bciowych \u2014 napisa\u0142a.<\/p>\n<p>Joanna Jab\u0142czy\u0144ska zapowiedzia\u0142a r\u00f3wnie\u017c, \u017ce chc\u0105c wykorzysta\u0107 &#8222;drama zasi\u0119gi&#8221;, <a href=\"https:\/\/kobieta.onet.pl\/celebryci\/joanna-jablczynska-dostala-pismo-od-prawnikow-katarzyny-grocholi-zalozyla-zbiorke\/xjvjpeq\" id=\"eba577d1-62e3-4ff2-a12e-38895d060f3c\" rel=\"nofollow noopener\" target=\"_blank\">za\u0142o\u017cy\u0142a na portalu pomagam.pl zbi\u00f3rk\u0119<\/a> na fundacj\u0119 Rak and Roll. Rankiem w pi\u0105tek 4 wrze\u015bnia licznik (jak na razie) przekroczy\u0142 ju\u017c 136 tys. z\u0142 i wspar\u0142o j\u0105 ponad 5,6 tys. os\u00f3b. Oznacza to, \u017ce kwota jest niemal trzykrotnie wy\u017csza od zak\u0142adanych 50 tys. z\u0142, a akcja wci\u0105\u017c pozostaje aktywna.<\/p>\n<p>Na koniec nagrania Jab\u0142czy\u0144ska postanowi\u0142a si\u0119 zwr\u00f3ci\u0107 do internaut\u00f3w z pro\u015bb\u0105:<\/p>\n<blockquote class=\"ods-o-quote\">\n<p class=\"ods-o-quote__paragraph\">Na koniec prosz\u0119, aby w komentarzach do tej rolki, jak i do umieszczonych przeprosin, nie publikowa\u0107 komentarzy, kt\u00f3re by mog\u0142y narusza\u0107 czyjekolwiek dobra osobiste. Ja ju\u017c nie chc\u0119 przeprasza\u0107 za przeprosiny. Dzi\u0119kuj\u0119.<\/p>\n<\/blockquote>\n<p>Dzi\u0119kujemy, \u017ce przeczyta\u0142a\u015b\/e\u015b nasz artyku\u0142 do ko\u0144ca. W serwisie Plejada.pl ka\u017cdego dnia piszemy o najwa\u017cniejszych wydarzeniach show-biznesowych. B\u0105d\u017a na bie\u017c\u0105co!<a rel=\"nofollow noopener\" href=\"https:\/\/profile.google.com\/cp\/Cg0vZy8xMWJ6X19wdHBx\" id=\"7790cb27-23d6-41e6-84a4-f2a1cb9fe2d3\" target=\"_blank\"> Obserwuj<\/a> Plejad\u0119 w Google. Odwied\u017a nas tak\u017ce na<a rel=\"nofollow noopener\" href=\"https:\/\/www.facebook.com\/plejadapl\" id=\"f80d0190-e3c9-406a-94d5-5617c5eec4c8\" target=\"_blank\"> Facebooku<\/a>,<a rel=\"nofollow noopener\" href=\"https:\/\/www.instagram.com\/plejadapl\/\" id=\"b4db5f41-08be-414f-a243-83cc324e7f7a\" target=\"_blank\"> Instagramie<\/a>,<a rel=\"nofollow noopener\" href=\"https:\/\/www.youtube.com\/c\/plejada\" id=\"9b9dbafb-c77a-4f95-8c7f-bc4e6d5001e3\" target=\"_blank\"> YouTubie<\/a> oraz<a rel=\"nofollow noopener\" href=\"https:\/\/www.tiktok.com\/@plejada_pl\" id=\"6e171265-0e40-453f-b943-27abbf328e54\" target=\"_blank\"> TikToku<\/a>.Chcesz podzieli\u0107 si\u0119 ciekawym newsem lub zaproponowa\u0107 temat? Skontaktuj si\u0119 z nami, pisz\u0105c maila na adres: <a rel=\"nofollow noopener\" href=\"https:\/\/plejada.pl\/newsy\/joanna-jablczynska-ujawnila-tresc-pisma-od-grocholi-w-tresci-dwa-zadania\/mailto:plejada@redakcjaonet.pl\" id=\"239a2fd9-2341-43d6-bb7a-afcadd2ab53a\" target=\"_blank\">plejada@redakcjaonet.pl<\/a>.<script async src=\"\/\/www.instagram.com\/embed.js\"><\/script><script async src=\"\/\/www.tiktok.com\/embed.js\"><\/script><\/p>\n","protected":false},"excerpt":{"rendered":"Sprawa dotycz\u0105ca nowej ods\u0142ony &#8222;Nigdy w \u017cyciu&#8221;, czyli ekranizacji powie\u015bci Katarzyny Grocholi &#8222;A w\u0142asnie, \u017ce tak! Nigdy w&hellip;\n","protected":false},"author":2,"featured_media":666506,"comment_status":"","ping_status":"","sticky":false,"template":"","format":"standard","meta":{"footnotes":"","_share_on_mastodon":"0"},"categories":[22],"tags":[61195,122,816,1900,16015,26832,48,125,46,42,38,40,39,41,412,123,47],"class_list":["post-666505","post","type-post","status-publish","format-standard","has-post-thumbnail","category-rozrywka","tag-bottomfeed_styl","tag-entertainment","tag-film","tag-instagram_aplikacja","tag-joanna_jablczynska","tag-katarzyna_grochola","tag-nat_styl","tag-newsy","tag-omp","tag-pl","tag-poland","tag-polish","tag-polska","tag-polski","tag-prawo_sady_prawnicy","tag-rozrywka","tag-screening_general"],"share_on_mastodon":{"url":"https:\/\/pubeurope.com\/@pl\/117211757278080136","error":""},"_links":{"self":[{"href":"https:\/\/www.europesays.com\/pl\/wp-json\/wp\/v2\/posts\/666505","targetHints":{"allow":["GET"]}}],"collection":[{"href":"https:\/\/www.europesays.com\/pl\/wp-json\/wp\/v2\/posts"}],"about":[{"href":"https:\/\/www.europesays.com\/pl\/wp-json\/wp\/v2\/types\/post"}],"author":[{"embeddable":true,"href":"https:\/\/www.europesays.com\/pl\/wp-json\/wp\/v2\/users\/2"}],"replies":[{"embeddable":true,"href":"https:\/\/www.europesays.com\/pl\/wp-json\/wp\/v2\/comments?post=666505"}],"version-history":[{"count":0,"href":"https:\/\/www.europesays.com\/pl\/wp-json\/wp\/v2\/posts\/666505\/revisions"}],"wp:featuredmedia":[{"embeddable":true,"href":"https:\/\/www.europesays.com\/pl\/wp-json\/wp\/v2\/media\/666506"}],"wp:attachment":[{"href":"https:\/\/www.europesays.com\/pl\/wp-json\/wp\/v2\/media?parent=666505"}],"wp:term":[{"taxonomy":"category","embeddable":true,"href":"https:\/\/www.europesays.com\/pl\/wp-json\/wp\/v2\/categories?post=666505"},{"taxonomy":"post_tag","embeddable":true,"href":"https:\/\/www.europesays.com\/pl\/wp-json\/wp\/v2\/tags?post=666505"}],"curies":[{"name":"wp","href":"https:\/\/api.w.org\/{rel}","templated":true}]}}