{"id":66651,"date":"2025-10-24T17:31:11","date_gmt":"2025-10-24T17:31:11","guid":{"rendered":"https:\/\/www.europesays.com\/pl\/66651\/"},"modified":"2025-10-24T17:31:11","modified_gmt":"2025-10-24T17:31:11","slug":"grazyna-wolszczak-o-tragedii-ktora-na-zawsze-odmienila-jej-zycie-to-byl-cios","status":"publish","type":"post","link":"https:\/\/www.europesays.com\/pl\/66651\/","title":{"rendered":"Gra\u017cyna Wolszczak o tragedii, kt\u00f3ra na zawsze odmieni\u0142a jej \u017cycie. &#8222;To by\u0142 cios&#8221;"},"content":{"rendered":"<p class=\"ods-c-paragraph \"><a href=\"https:\/\/plejada.pl\/grazyna-wolszczak-aktorka\" id=\"0693dba4-a0a8-4baa-b2ef-d2dae085c16b\" rel=\"nofollow noopener\" target=\"_blank\">Gra\u017cyna Wolszczak<\/a> od lat nale\u017cy do grona najpopularniejszych polskich aktorek. Sukces zawodowy nie zawsze jednak szed\u0142 w parze ze szcz\u0119\u015bciem w \u017cyciu prywatnym. Wiele lat temu \u017cycie aktorki odmieni\u0142o si\u0119 na zawsze za spraw\u0105 strasznej tragedii, kt\u00f3ra dotkn\u0119\u0142a jej rodzin\u0119. <\/p>\n<p>Dalszy ci\u0105g artyku\u0142u pod materia\u0142em wideo<\/p>\n<p> Co si\u0119 sta\u0142o z m\u0119\u017cem Gra\u017cyny Wolszczak? <\/p>\n<p> Ile lat mia\u0142a Gra\u017cyna Wolszczak, gdy straci\u0142a m\u0119\u017ca? <\/p>\n<p> Jak Gra\u017cyna Wolszczak poradzi\u0142a sobie po stracie m\u0119\u017ca? <\/p>\n<p> Kto pom\u00f3g\u0142 Gra\u017cynie Wolszczak otworzy\u0107 si\u0119 na now\u0105 relacj\u0119? <\/p>\n<p>  Gra\u017cyna Wolszczak prze\u017cy\u0142a tragedi\u0119, kt\u00f3ra odmieni\u0142a jej \u017cycie. Jej m\u0105\u017c odszed\u0142, gdy mia\u0142a 38 lat<\/p>\n<p class=\"ods-c-paragraph \">Gra\u017cyna Wolszczak 1986 r. po\u015blubi\u0142a aktora Marka Sikor\u0119, znanego m.in. z r\u00f3l w serialach &#8222;Szale\u0144stwo Majki Skowron&#8221; i &#8222;Pogranicze w ogniu&#8221;. Trzy lata p\u00f3\u017aniej para doczeka\u0142a si\u0119 syna, Filipa. Ich szcz\u0119\u015bcie nie trwa\u0142o jednak d\u0142ugo. W 1996 r. los zada\u0142 Gra\u017cynie Wolszczak pot\u0119\u017cny cios. Jej ukochany m\u0105\u017c zmar\u0142 nagle na rozleg\u0142y wylew, maj\u0105c niespe\u0142na 37 lat. Aktorka zosta\u0142a wdow\u0105 w wieku 38 lat. <\/p>\n<blockquote class=\"ods-o-quota\">\n<p class=\"ods-o-quota__paragraph\">To by\u0142a dla nas co\u015b niesamowitego. To by\u0142 cios. To jest przede wszystkim taki moment, kiedy traci si\u0119 poczucie bezpiecze\u0144stwa. No bo kto bierze co\u015b takiego pod uwag\u0119? To jest tak, jakby kto\u015b wykopa\u0142 ci spod n\u00f3g pod\u0142og\u0119 i nie wiesz, co si\u0119 dzieje w og\u00f3le<\/p>\n<\/blockquote>\n<p class=\"ods-c-paragraph \">\u2013 powiedzia\u0142a aktorka w niedawnej rozmowie z Mariol\u0105 Bojarsk\u0105-Ferenc dla magazynu &#8222;Viva!&#8221;.<\/p>\n<p><img decoding=\"async\" src=\"https:\/\/www.europesays.com\/pl\/wp-content\/uploads\/2025\/10\/Kj7k9lBaHR0cHM6Ly9vY2RuLmV1L3B1bHNjbXMvTURBXy84NmY4Y2MzYTI0MjM1NzI4MTEwZWQzNzI5OGFlYTBhNy5qcGeRlQLNB.jpeg\" height=\"729\" width=\"940\" alt=\"Marek Sikora w serialu &quot;Szale\u0144stwo Majki Skowron&quot;\" loading=\"lazy\" class=\"ods-c-image__img ods-c-image__img--viewport-width\"\/><\/p>\n<p>Marek Sikora w serialu &#8222;Szale\u0144stwo Majki Skowron&#8221;vod.tvp.pl<\/p>\n<p class=\"ods-c-paragraph \">Mimo b\u00f3lu i \u017ca\u0142oby Gra\u017cyna Wolszczak musia\u0142a znale\u017a\u0107 w sobie si\u0142\u0119, by przetrwa\u0107 ten trudny czas, przede wszystkim dla swojego dziecka. <\/p>\n<blockquote class=\"ods-o-quota\">\n<p class=\"ods-o-quota__paragraph\">Powiedzia\u0142, \u017ce chce, \u017ceby by\u0142o normalnie. I ja m\u00f3wi\u0119: &#8222;aha, ma by\u0107 normalnie, okej. Zatem robi\u0119 wszystko, \u017ceby by\u0142o normalnie&#8221;. Wi\u0119c w jednym momencie sama siebie na to ukierunkowa\u0142am, \u017ceby zbudowa\u0107 wok\u00f3\u0142 niego ten normalny \u015bwiat. Najbardziej normalny, jaki m\u00f3g\u0142 by\u0107 w tych okoliczno\u015bciach. Jestem zadaniowa, tak to potraktowa\u0142am<\/p>\n<\/blockquote>\n<p class=\"ods-c-paragraph \">\u2013 wyzna\u0142a.<\/p>\n<p><img decoding=\"async\" src=\"https:\/\/www.europesays.com\/pl\/wp-content\/uploads\/2025\/10\/fuek9lBaHR0cHM6Ly9vY2RuLmV1L3B1bHNjbXMvTURBXy9hN2ZhZTMyNGMyNzA4NjU5MDEzY2ZiZjgzODEzY2ZjNy5qcGeRlQLNB.jpeg\" height=\"549\" width=\"940\" alt=\"Marek Sikora w serialu &quot;Szale\u0144stwo Majki Skowron&quot;\" loading=\"lazy\" class=\"ods-c-image__img ods-c-image__img--viewport-width\"\/><\/p>\n<p>Marek Sikora w serialu &#8222;Szale\u0144stwo Majki Skowron&#8221;vod.tvp.pl<\/p>\n<p class=\"ods-c-paragraph \">Cho\u0107 wiele kobiet po takiej stracie zamyka si\u0119 na mi\u0142o\u015b\u0107, Gra\u017cyna Wolszczak przyzna\u0142a, \u017ce nigdy nie straci\u0142a nadziei. <\/p>\n<blockquote class=\"ods-o-quota\">\n<p class=\"ods-o-quota__paragraph\">Nie my\u015bla\u0142am o kolejnym partnerze; my\u015bla\u0142am, jak ogarn\u0105\u0107 to takie podstawowe \u017cycie. Ale te\u017c nigdy nie przesz\u0142o mi przez my\u015bl, \u017ce ju\u017c mi si\u0119 nic dobrego w \u017cyciu nie trafi. \u017be moje \u017cycie si\u0119 sko\u0144czy\u0142o, \u017ce nic dobrego nie spotka. Nie<\/p>\n<\/blockquote>\n<p class=\"ods-c-paragraph \">\u2013 m\u00f3wi\u0142a szczerze.<\/p>\n<p class=\"ods-c-paragraph \">Jak si\u0119 okaza\u0142o, to w\u0142a\u015bnie jej syn pom\u00f3g\u0142 jej otworzy\u0107 si\u0119 na now\u0105 relacj\u0119. \u2013 Co ciekawe, tak naprawd\u0119 to moje dziecko mi znalaz\u0142o wtedy ch\u0142opaka. On zacz\u0105\u0142 si\u0119 wyra\u017anie kr\u0119ci\u0107 ko\u0142o jednego mojego kolegi i ja m\u00f3wi\u0119: &#8222;aha,  po prostu dziecko bez ojca szuka m\u0119skiego wsparcia&#8221;. Potraktowa\u0142am to jako syndrom sieroctwa. A to by\u0142 faktycznie fajny m\u0119\u017cczyzna \u2013 opowiada\u0142a aktorka.<\/p>\n<p class=\"ods-c-paragraph \">Cho\u0107 zwi\u0105zek ten nie przetrwa\u0142, pom\u00f3g\u0142 jej stan\u0105\u0107 na nogi.\u2013 To nie on, to jeszcze wcze\u015bniej. To by\u0142 taki kr\u00f3tki zwi\u0105zek, ale rzeczywi\u015bcie to mi bardzo pomog\u0142o wyj\u015b\u0107 w tamtej sytuacji, w jak\u0105\u015b relacj\u0119 wej\u015b\u0107 romantyczn\u0105 \u2013 doda\u0142a Gra\u017cyna Wolszczak. <\/p>\n<p><img decoding=\"async\" src=\"https:\/\/www.europesays.com\/pl\/wp-content\/uploads\/2025\/10\/i73k9lBaHR0cHM6Ly9vY2RuLmV1L3B1bHNjbXMvTURBXy80Njg5ZGNkZTk5YzE0MzQ5YTMyNzNhYjBmN2M5N2I1OS5qcGeRlQLNB.jpeg\" height=\"627\" width=\"940\" alt=\"Gra\u017cyna Wolszczak\" loading=\"lazy\" class=\"ods-c-image__img ods-c-image__img--viewport-width\"\/><\/p>\n<p>Gra\u017cyna WolszczakAndras Szilagyi \/ MW Media<\/p>\n<p class=\"ods-c-paragraph \">Dzi\u0119kujemy, \u017ce przeczyta\u0142a\u015b\/e\u015b nasz artyku\u0142 do ko\u0144ca.\u202fW serwisie Plejada.pl ka\u017cdego dnia piszemy o najwa\u017cniejszych wydarzeniach show-biznesowych.\u202fB\u0105d\u017a na bie\u017c\u0105co!\u202f<a rel=\"nofollow noopener\" href=\"https:\/\/news.google.com\/publications\/CAAiEF0PeAlb7W1llpV_mwV2rL4qFAgKIhBdD3gJW-1tZZaVf5sFdqy-?hl=pl&amp;gl=PL&amp;ceid=PL%3Apl\" id=\"823970fa-cc1b-472c-b0cf-63ed70c8cd02\" target=\"_blank\">Obserwuj<\/a>\u202fPlejad\u0119 w Wiadomo\u015bciach Google. Odwied\u017a nas tak\u017ce na\u202f<a rel=\"nofollow noopener\" href=\"https:\/\/www.facebook.com\/plejadapl\" id=\"8701dbf3-5adb-418d-90ee-a8d069d336ab\" target=\"_blank\">Facebooku<\/a>,\u202f<a rel=\"nofollow noopener\" href=\"https:\/\/www.instagram.com\/plejadapl\/\" id=\"2238cc22-82ca-4b12-945b-7eefe8bd1954\" target=\"_blank\">Instagramie<\/a>,\u202f<a rel=\"nofollow noopener\" href=\"https:\/\/www.youtube.com\/c\/plejada\" id=\"cedbb44d-b391-44fa-a1a5-e0ee33883d7d\" target=\"_blank\">YouTubie<\/a>\u202foraz\u202f<a rel=\"nofollow noopener\" href=\"https:\/\/www.tiktok.com\/@plejada_pl\" id=\"c4d2fd82-a5b9-4146-86d7-1ab21fb0a9f9\" target=\"_blank\">TikToku<\/a>.<\/p>\n<p class=\"ods-c-paragraph \">Chcesz podzieli\u0107 si\u0119 ciekawym newsem lub zaproponowa\u0107 temat? Skontaktuj si\u0119 z nami, pisz\u0105c maila na adres:\u202f<a rel=\"nofollow noopener\" href=\"https:\/\/plejada.pl\/newsy\/grazyna-wolszczak-o-tragedii-ktora-na-zawsze-odmienila-jej-zycie-to-byl-cios\/mailto:plejada@redakcjaonet.pl\" id=\"e8fcb808-acc4-4f56-94c7-19ec9a7f589e\" target=\"_blank\">plejada@redakcjaonet.pl<\/a>.<\/p>\n<p><script async src=\"\/\/www.instagram.com\/embed.js\"><\/script><script async src=\"\/\/www.tiktok.com\/embed.js\"><\/script><\/p>\n","protected":false},"excerpt":{"rendered":"Gra\u017cyna Wolszczak od lat nale\u017cy do grona najpopularniejszych polskich aktorek. Sukces zawodowy nie zawsze jednak szed\u0142 w parze&hellip;\n","protected":false},"author":2,"featured_media":66652,"comment_status":"","ping_status":"","sticky":false,"template":"","format":"standard","meta":{"footnotes":""},"categories":[22],"tags":[122,16879,16880,48,125,46,4887,42,38,40,39,41,123,47],"class_list":{"0":"post-66651","1":"post","2":"type-post","3":"status-publish","4":"format-standard","5":"has-post-thumbnail","7":"category-rozrywka","8":"tag-entertainment","9":"tag-grazyna_wolszczak","10":"tag-marek_sikora","11":"tag-nat_styl","12":"tag-newsy","13":"tag-omp","14":"tag-perso_tst1","15":"tag-pl","16":"tag-poland","17":"tag-polish","18":"tag-polska","19":"tag-polski","20":"tag-rozrywka","21":"tag-screening_general"},"share_on_mastodon":{"url":"https:\/\/pubeurope.com\/@pl\/115430338319406550","error":""},"_links":{"self":[{"href":"https:\/\/www.europesays.com\/pl\/wp-json\/wp\/v2\/posts\/66651","targetHints":{"allow":["GET"]}}],"collection":[{"href":"https:\/\/www.europesays.com\/pl\/wp-json\/wp\/v2\/posts"}],"about":[{"href":"https:\/\/www.europesays.com\/pl\/wp-json\/wp\/v2\/types\/post"}],"author":[{"embeddable":true,"href":"https:\/\/www.europesays.com\/pl\/wp-json\/wp\/v2\/users\/2"}],"replies":[{"embeddable":true,"href":"https:\/\/www.europesays.com\/pl\/wp-json\/wp\/v2\/comments?post=66651"}],"version-history":[{"count":0,"href":"https:\/\/www.europesays.com\/pl\/wp-json\/wp\/v2\/posts\/66651\/revisions"}],"wp:featuredmedia":[{"embeddable":true,"href":"https:\/\/www.europesays.com\/pl\/wp-json\/wp\/v2\/media\/66652"}],"wp:attachment":[{"href":"https:\/\/www.europesays.com\/pl\/wp-json\/wp\/v2\/media?parent=66651"}],"wp:term":[{"taxonomy":"category","embeddable":true,"href":"https:\/\/www.europesays.com\/pl\/wp-json\/wp\/v2\/categories?post=66651"},{"taxonomy":"post_tag","embeddable":true,"href":"https:\/\/www.europesays.com\/pl\/wp-json\/wp\/v2\/tags?post=66651"}],"curies":[{"name":"wp","href":"https:\/\/api.w.org\/{rel}","templated":true}]}}