{"id":666519,"date":"2026-09-04T08:17:17","date_gmt":"2026-09-04T08:17:17","guid":{"rendered":"https:\/\/www.europesays.com\/pl\/666519\/"},"modified":"2026-09-04T08:17:17","modified_gmt":"2026-09-04T08:17:17","slug":"czarzasty-ma-rade-dla-nawrockiego-powinien-przemyslec","status":"publish","type":"post","link":"https:\/\/www.europesays.com\/pl\/666519\/","title":{"rendered":"Czarzasty ma rad\u0119 dla Nawrockiego. &#8222;Powinien przemy\u015ble\u0107&#8221;"},"content":{"rendered":"\n<p>&#13;<br \/>\nRzecznik prasowa Prokuratora Generalnego prok. Anna Adamiak przekaza\u0142a w\u00a0czwartek, \u017ce\u00a0prokurator zwr\u00f3ci\u0142 si\u0119 do\u00a0prezydenta Karola Nawrockiego o\u00a0wskazanie dogodnego terminu i\u00a0miejsca, w\u00a0kt\u00f3rym mo\u017cliwe b\u0119dzie przeprowadzenie jego <a href=\"https:\/\/dorzeczy.pl\/kraj\/937681\/prokuratura-chce-przesluchac-prezydenta-nawrockiego.html\" rel=\"nofollow noopener\" target=\"_blank\">przes\u0142uchania w\u00a0charakterze \u015bwiadka<\/a> w\u00a0\u015bledztwie dotycz\u0105cym niedopuszczenia wybranych przez Sejm s\u0119dzi\u00f3w TK do\u00a0orzekania. Chodzi o\u00a0czworo spo\u015br\u00f3d sze\u015bciorga wybranych w\u00a0marcu przez Sejm na\u00a0s\u0119dzi\u00f3w Trybuna\u0142u Konstytucyjnego: Marcina Dziurd\u0119, Krystiana Markiewicza, Anny Korwin-Piotrowskiej oraz\u00a0Macieja Taborowskiego. &#13;\n<\/p>\n<p>Prezydent zostanie przes\u0142uchany w\u00a0sprawie nieodebrania \u015blubowania od\u00a0os\u00f3b wybranych na\u00a0s\u0119dzi\u00f3w TK<\/p>\n<p>&#13;<br \/>\nWaldemar \u017burek, minister sprawiedliwo\u015bci i\u00a0prokurator generalny, napisa\u0142 nast\u0119pnie na\u00a0platformie X, \u017ce\u00a0&#8222;w\u00a0\u015bledztwie dotycz\u0105cym niedopuszczenia do\u00a0orzekania legalnie wybranych s\u0119dzi\u00f3w TK prokuratura przes\u0142ucha\u0142a ju\u017c ponad 40 \u015bwiadk\u00f3w i\u00a0zabezpieczy\u0142a kluczowe dokumenty&#8221;. &#13;\n<\/p>\n<p>&#13;<br \/>\n&#8222;Kolejnym, niezb\u0119dnym krokiem jest przes\u0142uchanie Prezydenta RP. Prokurator zwr\u00f3ci\u0142 si\u0119 do\u00a0Karola Nawrockiego o\u00a0wskazanie dogodnego terminu i\u00a0miejsca. Sprawa musi zosta\u0107 wyja\u015bniona do\u00a0spodu \u2013\u00a0bez unik\u00f3w i\u00a0bez politycznych immunitet\u00f3w od\u00a0prawdy&#8221; \u2013\u00a0doda\u0142 Waldemar \u017burek. &#13;\n<\/p>\n<p>Nawrocki: Zaprosz\u0119 prokuratora na\u00a0przes\u0142uchanie <\/p>\n<p>&#13;<br \/>\nPrezydent Karol Nawrocki, pytany o\u00a0przes\u0142uchanie przez dziennikarzy, powiedzia\u0142 w\u00a0czwartek, i\u017c\u00a0my\u015bli, \u017ce\u00a0&#8222;z\u00a0tym ju\u017c obecna w\u0142adza i\u00a0obecni rz\u0105dz\u0105cy zostan\u0105 w\u00a0polskiej historii, bo\u00a0by\u0107 mo\u017ce \u2013\u00a0jak wylicza mi si\u0119 rekordy r\u00f3\u017cne jako prezydentowi Polski \u2013\u00a0(\u2026) chyba b\u0119d\u0119 bi\u0142 te\u017c rekordy w\u00a0byciu przes\u0142uchiwanym przez prokuratur\u0119&#8221;. &#13;\n<\/p>\n<p>&#13;<br \/>\n\u2013 Niedawno by\u0142em przes\u0142uchiwany przez prokuratur\u0119 w\u00a0innej sprawie, kt\u00f3ra zosta\u0142a umorzona. Sp\u0119dzi\u0142em mi\u0142e dwie godziny albo ponad dwie godziny z\u00a0pani\u0105 komisarz i\u00a0z\u00a0pani\u0105 prokurator. Odpowiedzia\u0142em na\u00a0wszystkie pytania. To\u00a0post\u0119powanie zosta\u0142o, jak pa\u0144stwo wiecie, umorzone. Jestem obywatelem, jak ka\u017cdy inny obywatel RP \u2013\u00a0m\u00f3wi\u0142. &#13;\n<\/p>\n<p>&#13;<br \/>\nKarol Nawrocki podkre\u015bli\u0142, \u017ce\u00a0prezydent ma\u00a0&#8222;du\u017co wi\u0119cej bardzo wa\u017cnych zagadnie\u0144 w\u00a0Polsce i\u00a0na arenie mi\u0119dzynarodowej ni\u017c\u00a0odpowiadanie na\u00a0pewne jednak urojenia ministra sprawiedliwo\u015bci w\u00a0tym kontek\u015bcie&#8221;. &#13;\n<\/p>\n<p>&#13;<br \/>\n\u2013 Ale\u00a0oczywi\u015bcie zaprosz\u0119 pani\u0105 prokurator czy\u00a0pana prokuratora <a href=\"https:\/\/dorzeczy.pl\/opinie\/937783\/prokuratura-chce-przesluchac-prezydenta-jest-odpowiedz-nawrockiego.html\" rel=\"nofollow noopener\" target=\"_blank\">na przes\u0142uchanie i\u00a0us\u0142yszy ode mnie,<\/a> \u017ce\u00a0wszystkie decyzje podejmuj\u0119 osobi\u015bcie. Wi\u0119c dojdzie z\u00a0ca\u0142\u0105 pewno\u015bci\u0105 do\u00a0takiego przes\u0142uchania. Mo\u017cecie by\u0107 pa\u0144stwo spokojni. Ju\u017c dzisiaj zapraszam \u015bledczych, natomiast uznaj\u0119, \u017ce\u00a0jest to\u00a0obci\u0105\u017caj\u0105ce dla\u00a0obecnej w\u0142adzy, bo\u00a0tych post\u0119powa\u0144 prokuratorskich wobec mojej osoby czy\u00a0pr\u00f3ba przes\u0142uchania mnie jako \u015bwiadka, jest naprawd\u0119 du\u017co. To\u00a0nie jest powa\u017cne dla\u00a0pa\u0144stwa polskiego, ale\u00a0oczywi\u015bcie poddam si\u0119 przes\u0142uchaniu \u2013\u00a0wyja\u015bni\u0142. &#13;\n<\/p>\n<p>Czarzasty: Prezydent powinien przemy\u015ble\u0107 swoje dzia\u0142ania<\/p>\n<p>&#13;<br \/>\nW\u0142odzimierz Czarzasty, marsza\u0142ek Sejmu i\u00a0lider Nowej Lewicy, powiedzia\u0142 w\u00a0pi\u0105tek dziennikarzom, \u017ce\u00a0&#8222;pan prezydent nie\u00a0przyj\u0105\u0142 \u015blubowania od\u00a0czterech z\u00a0sze\u015bciu s\u0119dzi\u00f3w&#8221;. &#13;\n<\/p>\n<p>&#13;<br \/>\n\u2013 Z\u00a0tego, co\u00a0wiem, zaj\u0119\u0142a si\u0119 t\u0105\u00a0spraw\u0105 prokuratura. W\u00a0zwi\u0105zku z\u00a0tym my\u015bl\u0119, \u017ce\u00a0pan prezydent powinien przemy\u015ble\u0107 swoje dzia\u0142ania, je\u017celi prezydent naszego kraju, Polski, potencjalnie nie\u00a0dzia\u0142a zgodnie z\u00a0prawem, to\u00a0wydaje mi si\u0119, \u017ce\u00a0wymiar sprawiedliwo\u015bci podejmie we\u00a0w\u0142a\u015bciwym czasie w\u0142a\u015bciwe decyzje. Radzi\u0142bym panu prezydentowi wi\u0119cej spokoju i\u00a0wi\u0119cej rozs\u0105dku w\u00a0tych sprawach, chocia\u017c wiem, \u017ce\u00a0nerwy u\u00a0pana prezydenta, co\u00a0wida\u0107 codziennie, dzia\u0142aj\u0105 coraz mocniej \u2013\u00a0doda\u0142 W\u0142odzimierz Czarzasty. &#13;\n<\/p>\n<p>&#13;<br \/>\n   Czytaj te\u017c:<br \/><a href=\"https:\/\/dorzeczy.pl\/opinie\/937783\/prokuratura-chce-przesluchac-prezydenta-jest-odpowiedz-nawrockiego.html\" rel=\"follow nofollow noopener\" data-schema=\"DORZECZY\" data-image=\"https:\/\/img.dorzeczy.pl\/_thumb\/ee\/ce\/a46290579263a8a94dce14973c54.jpeg\" target=\"_blank\">Prokuratura chce przes\u0142ucha\u0107 prezydenta. Jednoznaczna odpowied\u017a Nawrockiego<\/a>   Czytaj te\u017c:<br \/><a href=\"https:\/\/dorzeczy.pl\/kraj\/937681\/prokuratura-chce-przesluchac-prezydenta-nawrockiego.html\" rel=\"follow nofollow noopener\" data-schema=\"DORZECZY\" data-image=\"https:\/\/img.dorzeczy.pl\/_thumb\/f7\/95\/0855773813a55d93d58a4240f04b.jpeg\" target=\"_blank\">Prokuratura zwr\u00f3ci\u0142a si\u0119 do\u00a0prezydenta. Chce go\u00a0przes\u0142ucha\u0107<\/a>&#13;<\/p>\n","protected":false},"excerpt":{"rendered":"&#13; Rzecznik prasowa Prokuratora Generalnego prok. Anna Adamiak przekaza\u0142a w\u00a0czwartek, \u017ce\u00a0prokurator zwr\u00f3ci\u0142 si\u0119 do\u00a0prezydenta Karola Nawrockiego o\u00a0wskazanie dogodnego&hellip;\n","protected":false},"author":2,"featured_media":666520,"comment_status":"","ping_status":"","sticky":false,"template":"","format":"standard","meta":{"footnotes":"","_share_on_mastodon":"0"},"categories":[62712],"tags":[129483,98,690,49,11947,102,1005,1627,3992,8233,2558,22820],"class_list":["post-666519","post","type-post","status-publish","format-standard","has-post-thumbnail","category-karol-nawrocki","tag-anna-adamiak","tag-dorzeczy","tag-karol-nawrocki","tag-kraj","tag-marszalek-sejmu","tag-opinie","tag-prezydent","tag-prokuratura","tag-przesluchanie","tag-tk","tag-waldemar-zurek","tag-wlodzimierz-czarzasty"],"share_on_mastodon":{"url":"https:\/\/pubeurope.com\/@pl\/117211787700053276","error":""},"_links":{"self":[{"href":"https:\/\/www.europesays.com\/pl\/wp-json\/wp\/v2\/posts\/666519","targetHints":{"allow":["GET"]}}],"collection":[{"href":"https:\/\/www.europesays.com\/pl\/wp-json\/wp\/v2\/posts"}],"about":[{"href":"https:\/\/www.europesays.com\/pl\/wp-json\/wp\/v2\/types\/post"}],"author":[{"embeddable":true,"href":"https:\/\/www.europesays.com\/pl\/wp-json\/wp\/v2\/users\/2"}],"replies":[{"embeddable":true,"href":"https:\/\/www.europesays.com\/pl\/wp-json\/wp\/v2\/comments?post=666519"}],"version-history":[{"count":0,"href":"https:\/\/www.europesays.com\/pl\/wp-json\/wp\/v2\/posts\/666519\/revisions"}],"wp:featuredmedia":[{"embeddable":true,"href":"https:\/\/www.europesays.com\/pl\/wp-json\/wp\/v2\/media\/666520"}],"wp:attachment":[{"href":"https:\/\/www.europesays.com\/pl\/wp-json\/wp\/v2\/media?parent=666519"}],"wp:term":[{"taxonomy":"category","embeddable":true,"href":"https:\/\/www.europesays.com\/pl\/wp-json\/wp\/v2\/categories?post=666519"},{"taxonomy":"post_tag","embeddable":true,"href":"https:\/\/www.europesays.com\/pl\/wp-json\/wp\/v2\/tags?post=666519"}],"curies":[{"name":"wp","href":"https:\/\/api.w.org\/{rel}","templated":true}]}}