{"id":666539,"date":"2026-09-04T08:28:16","date_gmt":"2026-09-04T08:28:16","guid":{"rendered":"https:\/\/www.europesays.com\/pl\/666539\/"},"modified":"2026-09-04T08:28:16","modified_gmt":"2026-09-04T08:28:16","slug":"japonska-fala-w-muzeum-sztuk-uzytkowych","status":"publish","type":"post","link":"https:\/\/www.europesays.com\/pl\/666539\/","title":{"rendered":"Japo\u0144ska Fala w Muzeum Sztuk U\u017cytkowych"},"content":{"rendered":"<p>&#8211; Promowana b\u0119dzie przede wszystkim tradycyjna japo\u0144ska muzyka i drzeworyty &#8211; m\u00f3wi\u00a0 organizatorka wydarzenia Karolina Aszurkiewicz.\u00a0<\/p>\n<p>&#13;<\/p>\n<p>B\u0119d\u0105 dwa wyk\u0142ady, jeden w sobot\u0119, drugi w niedziel\u0119. Sobot\u0119 sp\u0119dzimy przygl\u0105daj\u0105c si\u0119 japo\u0144skim drzeworytom, o kt\u00f3rych opowie Danuta Ro\u015bciszewska z Gabinetu Rycin i Rysunk\u00f3w. Z kolei w niedziel\u0119 przeniesiemy si\u0119 do muzycznych krajobraz\u00f3w Japonii &#8211; tak zatytu\u0142owany jest wyk\u0142ad Patryka Frankowskiego. Przejdziemy od tej tradycyjnej muzyki, towarzysz\u0105cej przedstawieniom teatralnym, a sko\u0144czymy nasz\u0105 podr\u00f3\u017c na japo\u0144skich filmach animowanych.\u00a0<\/p>\n<p>&#13;<\/p>\n<p>Japo\u0144ska Fala to nie tylko weekendowe wyk\u0142ady. Przez pierwszy tydzie\u0144 wrze\u015bnia w Muzeum Sztuk U\u017cytkowych dost\u0119pny jest pokaz japo\u0144skich drzeworyt\u00f3w.\u00a0<\/p>\n","protected":false},"excerpt":{"rendered":"&#8211; Promowana b\u0119dzie przede wszystkim tradycyjna japo\u0144ska muzyka i drzeworyty &#8211; m\u00f3wi\u00a0 organizatorka wydarzenia Karolina Aszurkiewicz.\u00a0 &#13; B\u0119d\u0105&hellip;\n","protected":false},"author":2,"featured_media":666540,"comment_status":"","ping_status":"","sticky":false,"template":"","format":"standard","meta":{"footnotes":"","_share_on_mastodon":"0"},"categories":[51609],"tags":[129488,42,38,40,39,41,1817],"class_list":["post-666539","post","type-post","status-publish","format-standard","has-post-thumbnail","category-poznan","tag-najblizszy-weekend-poznanskim-muzeum-sztuk-uzytkowych-bedzie-poswiecony-trzeciej-odslonie-japonskiej-fali","tag-pl","tag-poland","tag-polish","tag-polska","tag-polski","tag-poznan"],"share_on_mastodon":{"url":"https:\/\/pubeurope.com\/@pl\/117211830976183262","error":""},"_links":{"self":[{"href":"https:\/\/www.europesays.com\/pl\/wp-json\/wp\/v2\/posts\/666539","targetHints":{"allow":["GET"]}}],"collection":[{"href":"https:\/\/www.europesays.com\/pl\/wp-json\/wp\/v2\/posts"}],"about":[{"href":"https:\/\/www.europesays.com\/pl\/wp-json\/wp\/v2\/types\/post"}],"author":[{"embeddable":true,"href":"https:\/\/www.europesays.com\/pl\/wp-json\/wp\/v2\/users\/2"}],"replies":[{"embeddable":true,"href":"https:\/\/www.europesays.com\/pl\/wp-json\/wp\/v2\/comments?post=666539"}],"version-history":[{"count":0,"href":"https:\/\/www.europesays.com\/pl\/wp-json\/wp\/v2\/posts\/666539\/revisions"}],"wp:featuredmedia":[{"embeddable":true,"href":"https:\/\/www.europesays.com\/pl\/wp-json\/wp\/v2\/media\/666540"}],"wp:attachment":[{"href":"https:\/\/www.europesays.com\/pl\/wp-json\/wp\/v2\/media?parent=666539"}],"wp:term":[{"taxonomy":"category","embeddable":true,"href":"https:\/\/www.europesays.com\/pl\/wp-json\/wp\/v2\/categories?post=666539"},{"taxonomy":"post_tag","embeddable":true,"href":"https:\/\/www.europesays.com\/pl\/wp-json\/wp\/v2\/tags?post=666539"}],"curies":[{"name":"wp","href":"https:\/\/api.w.org\/{rel}","templated":true}]}}