{"id":666541,"date":"2026-09-04T08:29:39","date_gmt":"2026-09-04T08:29:39","guid":{"rendered":"https:\/\/www.europesays.com\/pl\/666541\/"},"modified":"2026-09-04T08:29:39","modified_gmt":"2026-09-04T08:29:39","slug":"ktore-kapieliska-dzialaja-w-lodzi-zobacz-liste-z-dnia-4-09-2026","status":"publish","type":"post","link":"https:\/\/www.europesays.com\/pl\/666541\/","title":{"rendered":"Kt\u00f3re k\u0105pieliska dzia\u0142aj\u0105 w \u0141odzi? Zobacz list\u0119 z dnia 4.09.2026"},"content":{"rendered":"<p><img decoding=\"async\" loading=\"eager\" fetchpriority=\"high\" class=\"atomsArticleGalleryImage__mainImg\" src=\"https:\/\/www.europesays.com\/pl\/wp-content\/uploads\/2026\/09\/il20260528_967098177_medium.jpg\" alt=\"K&#x105;pielisko to odpowiednie miejsce na relaks na &#x15B;wie&#x17C;ym powietrzu oraz sp&#x119;dzenie czasu ze znajomymi.\" width=\"1920\" height=\"1280\"\/><\/p>\n<p>\n        K\u0105pielisko to odpowiednie miejsce na relaks na \u015bwie\u017cym powietrzu oraz sp\u0119dzenie czasu ze znajomymi.<\/p>\n<p>          fot. DutchScenery\/iStock\n        <\/p>\n<p>K\u0105pieliska otwarte w \u0141odzi 4.09.2026 kt\u00f3re? W ca\u0142ym kraju sezon k\u0105pielowy trwa od 1 czerwca do 30 wrze\u015bnia. Chcesz mie\u0107 pewno\u015b\u0107, \u017ce Twoje ulubione k\u0105pielisko jest dzi\u015b otwarte? Sprawd\u017a, czy znajduje si\u0119 na naszej li\u015bcie czynnych obiekt\u00f3w. Sprawd\u017a, jaka jest ocena wody na k\u0105pieliskach w \u0141odzi. Wskazujemy wa\u017cne informacje, kt\u00f3re dotycz\u0105 k\u0105pielisk w Twojej okolicy. Sprawd\u017a list\u0119 otwartych k\u0105pielisk w \u0141odzi i okolicy, aby mi\u0142o sp\u0119dzi\u0107 wolny czas.<\/p>\n","protected":false},"excerpt":{"rendered":"K\u0105pielisko to odpowiednie miejsce na relaks na \u015bwie\u017cym powietrzu oraz sp\u0119dzenie czasu ze znajomymi. fot. DutchScenery\/iStock K\u0105pieliska otwarte&hellip;\n","protected":false},"author":2,"featured_media":666542,"comment_status":"","ping_status":"","sticky":false,"template":"","format":"standard","meta":{"footnotes":"","_share_on_mastodon":"0"},"categories":[51608],"tags":[54929,3652,42,6304,38,40,39,41],"class_list":["post-666541","post","type-post","status-publish","format-standard","has-post-thumbnail","category-lodz","tag-kapielisko","tag-lodz","tag-pl","tag-plaze","tag-poland","tag-polish","tag-polska","tag-polski"],"share_on_mastodon":{"url":"https:\/\/pubeurope.com\/@pl\/117211835989183802","error":""},"_links":{"self":[{"href":"https:\/\/www.europesays.com\/pl\/wp-json\/wp\/v2\/posts\/666541","targetHints":{"allow":["GET"]}}],"collection":[{"href":"https:\/\/www.europesays.com\/pl\/wp-json\/wp\/v2\/posts"}],"about":[{"href":"https:\/\/www.europesays.com\/pl\/wp-json\/wp\/v2\/types\/post"}],"author":[{"embeddable":true,"href":"https:\/\/www.europesays.com\/pl\/wp-json\/wp\/v2\/users\/2"}],"replies":[{"embeddable":true,"href":"https:\/\/www.europesays.com\/pl\/wp-json\/wp\/v2\/comments?post=666541"}],"version-history":[{"count":0,"href":"https:\/\/www.europesays.com\/pl\/wp-json\/wp\/v2\/posts\/666541\/revisions"}],"wp:featuredmedia":[{"embeddable":true,"href":"https:\/\/www.europesays.com\/pl\/wp-json\/wp\/v2\/media\/666542"}],"wp:attachment":[{"href":"https:\/\/www.europesays.com\/pl\/wp-json\/wp\/v2\/media?parent=666541"}],"wp:term":[{"taxonomy":"category","embeddable":true,"href":"https:\/\/www.europesays.com\/pl\/wp-json\/wp\/v2\/categories?post=666541"},{"taxonomy":"post_tag","embeddable":true,"href":"https:\/\/www.europesays.com\/pl\/wp-json\/wp\/v2\/tags?post=666541"}],"curies":[{"name":"wp","href":"https:\/\/api.w.org\/{rel}","templated":true}]}}