{"id":666557,"date":"2026-09-04T08:37:16","date_gmt":"2026-09-04T08:37:16","guid":{"rendered":"https:\/\/www.europesays.com\/pl\/666557\/"},"modified":"2026-09-04T08:37:16","modified_gmt":"2026-09-04T08:37:16","slug":"wystrojona-w-krwistoczerwona-sukienke-z-dekoltem-jennifer-lopez-opuszcza-knajpe-zdjecia","status":"publish","type":"post","link":"https:\/\/www.europesays.com\/pl\/666557\/","title":{"rendered":"Wystrojona w krwistoczerwon\u0105 sukienk\u0119 z dekoltem Jennifer Lopez opuszcza knajp\u0119 (ZDJ\u0118CIA)"},"content":{"rendered":"<p>Artystka zosta\u0142a sfotografowana na ulicach Nowego Jorku, gdy zmierza\u0142a na uroczyst\u0105 kolacj\u0119 do modnej restauracji w\u00a0West Village. U\u00a0jej boku pojawi\u0142 si\u0119 wieloletni mened\u017cer oraz bliski przyjaciel, Benny Medina, z\u00a0kt\u00f3rym gwiazda ch\u0119tnie sp\u0119dza wolny czas. Ca\u0142\u0105 uwag\u0119 skrad\u0142a jednak jej stylizacja. <\/p>\n<p>Jennifer Lopez postawi\u0142a na dopasowan\u0105, krwistoczerwon\u0105 sukienk\u0119 maxi na cienkich rami\u0105czkach. Gorsetowa g\u00f3ra z\u00a0mocno wyci\u0119tym dekoltem idealnie podkre\u015bli\u0142a jej wypracowan\u0105 na si\u0142owni sylwetk\u0119, a\u00a0zwiewny d\u00f3\u0142 dodawa\u0142 ca\u0142o\u015bci lekko\u015bci i\u00a0szyku. Ognisty outfit piosenkarka uzupe\u0142ni\u0142a plecion\u0105 kopert\u00f3wk\u0105 od Saint Laurent z\u00a0charakterystycznym fr\u0119dzlem, przezroczystymi klapkami na wysokiej szpilce oraz z\u0142ot\u0105 bi\u017cuteri\u0105.<\/p>\n","protected":false},"excerpt":{"rendered":"Artystka zosta\u0142a sfotografowana na ulicach Nowego Jorku, gdy zmierza\u0142a na uroczyst\u0105 kolacj\u0119 do modnej restauracji w\u00a0West Village. U\u00a0jej&hellip;\n","protected":false},"author":2,"featured_media":666558,"comment_status":"","ping_status":"","sticky":false,"template":"","format":"standard","meta":{"footnotes":"","_share_on_mastodon":"0"},"categories":[22],"tags":[122,42,38,40,39,41,123],"class_list":["post-666557","post","type-post","status-publish","format-standard","has-post-thumbnail","category-rozrywka","tag-entertainment","tag-pl","tag-poland","tag-polish","tag-polska","tag-polski","tag-rozrywka"],"share_on_mastodon":{"url":"https:\/\/pubeurope.com\/@pl\/117211866610021683","error":""},"_links":{"self":[{"href":"https:\/\/www.europesays.com\/pl\/wp-json\/wp\/v2\/posts\/666557","targetHints":{"allow":["GET"]}}],"collection":[{"href":"https:\/\/www.europesays.com\/pl\/wp-json\/wp\/v2\/posts"}],"about":[{"href":"https:\/\/www.europesays.com\/pl\/wp-json\/wp\/v2\/types\/post"}],"author":[{"embeddable":true,"href":"https:\/\/www.europesays.com\/pl\/wp-json\/wp\/v2\/users\/2"}],"replies":[{"embeddable":true,"href":"https:\/\/www.europesays.com\/pl\/wp-json\/wp\/v2\/comments?post=666557"}],"version-history":[{"count":0,"href":"https:\/\/www.europesays.com\/pl\/wp-json\/wp\/v2\/posts\/666557\/revisions"}],"wp:featuredmedia":[{"embeddable":true,"href":"https:\/\/www.europesays.com\/pl\/wp-json\/wp\/v2\/media\/666558"}],"wp:attachment":[{"href":"https:\/\/www.europesays.com\/pl\/wp-json\/wp\/v2\/media?parent=666557"}],"wp:term":[{"taxonomy":"category","embeddable":true,"href":"https:\/\/www.europesays.com\/pl\/wp-json\/wp\/v2\/categories?post=666557"},{"taxonomy":"post_tag","embeddable":true,"href":"https:\/\/www.europesays.com\/pl\/wp-json\/wp\/v2\/tags?post=666557"}],"curies":[{"name":"wp","href":"https:\/\/api.w.org\/{rel}","templated":true}]}}