{"id":666589,"date":"2026-09-04T08:56:09","date_gmt":"2026-09-04T08:56:09","guid":{"rendered":"https:\/\/www.europesays.com\/pl\/666589\/"},"modified":"2026-09-04T08:56:09","modified_gmt":"2026-09-04T08:56:09","slug":"jaskowiak-ostro-o-sprawie-osiedla-maltanskiego-chec-robienia-zadymy","status":"publish","type":"post","link":"https:\/\/www.europesays.com\/pl\/666589\/","title":{"rendered":"Ja\u015bkowiak ostro o sprawie Osiedla Malta\u0144skiego. \u201eCh\u0119\u0107 robienia zadymy\u201d"},"content":{"rendered":"<p class=\"isSelectedEnd\">Sprawa Osiedla Malta\u0144skiego od d\u0142u\u017cszego czasu wywo\u0142uje w Poznaniu du\u017ce emocje. Jacek Ja\u015bkowiak przekonuje, \u017ce miasto od lat anga\u017cuje si\u0119 w pomoc mieszkaj\u0105cym tam osobom, a przeprowadzka cz\u0119\u015bci rodzin do lokali komunalnych lub socjalnych mo\u017ce oznacza\u0107 dla nich popraw\u0119 warunk\u00f3w \u017cycia.<\/p>\n<p class=\"isSelectedEnd\">\u2013 Te warunki, w kt\u00f3rych te osoby mieszka\u0142y, w wielu przypadkach ulegaj\u0105 poprawie, gdy nast\u0119puje przeprowadzka do lokalu komunalnego czy socjalnego \u2013 m\u00f3wi\u0142 na antenie Radia Pozna\u0144.<\/p>\n<p class=\"isSelectedEnd\">Prezydent jednocze\u015bnie oceni\u0142, \u017ce wok\u00f3\u0142 problemu pojawi\u0142y si\u0119 osoby i \u015brodowiska, kt\u00f3re wykorzystuj\u0105 emocje zwi\u0105zane z przysz\u0142o\u015bci\u0105 mieszka\u0144c\u00f3w do prowadzenia dzia\u0142alno\u015bci politycznej.<\/p>\n<p class=\"isSelectedEnd\">Ja\u015bkowiak szczeg\u00f3lnie krytycznie odni\u00f3s\u0142 si\u0119 do zaanga\u017cowania cz\u0119\u015bci \u015brodowisk lewicowych. W rozmowie z rozg\u0142o\u015bni\u0105 u\u017cy\u0142 mocnych sformu\u0142owa\u0144, m\u00f3wi\u0105c m.in. o \u201eboj\u00f3wkach RAZEM\u201d. Odwo\u0142a\u0142 si\u0119 przy tym do wcze\u015bniejszego incydentu, podczas kt\u00f3rego sam zosta\u0142 uderzony.<\/p>\n<p class=\"isSelectedEnd\">\u2013 Przecie\u017c to nie jest absolutnie \u017cadna ch\u0119\u0107 kompromisu, to jest ch\u0119\u0107 w\u0142a\u015bnie robienia zadymy. Porozumienie nie jest celem dzia\u0142ania niekt\u00f3rych \u015brodowisk zaanga\u017cowanych w spraw\u0119 Osiedla Malta\u0144skiego \u2013 stwierdzi\u0142 prezydent Poznania.<\/p>\n<p class=\"isSelectedEnd\">W jego ocenie trudno oczekiwa\u0107, by w takich okoliczno\u015bciach zwraca\u0142 si\u0119 do arcybiskupa z pro\u015bb\u0105 o spotkanie z osobami, kt\u00f3rych dzia\u0142a\u0144 nie postrzega jako zmierzaj\u0105cych do osi\u0105gni\u0119cia kompromisu.<\/p>\n<p class=\"isSelectedEnd\">Prezydent odni\u00f3s\u0142 si\u0119 r\u00f3wnie\u017c do kwestii praw do nieruchomo\u015bci zajmowanych przez mieszka\u0144c\u00f3w. Zwr\u00f3ci\u0142 uwag\u0119, \u017ce wieloletnie zamieszkiwanie na danym terenie nie jest r\u00f3wnoznaczne z uzyskaniem prawa w\u0142asno\u015bci.<\/p>\n<p class=\"isSelectedEnd\">\u2013 To, \u017ce kto\u015b dokona samowoli budowlanej, to, \u017ce kto\u015b korzysta z tego, \u017ce Ko\u015bci\u00f3\u0142 pozwala\u0142 tak naprawd\u0119 tam mieszka\u0107, no, to nie oznacza tak naprawd\u0119 tego, \u017ce ten Ko\u015bci\u00f3\u0142 przekaza\u0142 prawo w\u0142asno\u015bci tym osobom \u2013 powiedzia\u0142 Ja\u015bkowiak.<\/p>\n<p class=\"isSelectedEnd\">Prezydent zaapelowa\u0142 tak\u017ce do medi\u00f3w, by relacjonuj\u0105c konflikt, nie podsyca\u0142y dodatkowo emocji. Jego zdaniem zainteresowanie sytuacj\u0105 mieszka\u0144c\u00f3w jest uzasadnione, jednak przekaz nie powinien prowadzi\u0107 do budowania sensacyjnej narracji czy atakowania zaanga\u017cowanych w spraw\u0119 instytucji.<\/p>\n<p>Wypowied\u017a Ja\u015bkowiaka pokazuje, \u017ce konflikt dotycz\u0105cy przysz\u0142o\u015bci Osiedla Malta\u0144skiego wykracza ju\u017c daleko poza kwestie mieszkaniowe i w\u0142asno\u015bciowe. Sp\u00f3r coraz mocniej przenosi si\u0119 r\u00f3wnie\u017c na poziom polityczny, a ostre s\u0142owa prezydenta Poznania mog\u0105 wywo\u0142a\u0107 kolejn\u0105 fal\u0119 dyskusji wok\u00f3\u0142 jednej z najbardziej emocjonuj\u0105cych lokalnych spraw ostatnich miesi\u0119cy.<\/p>\n","protected":false},"excerpt":{"rendered":"Sprawa Osiedla Malta\u0144skiego od d\u0142u\u017cszego czasu wywo\u0142uje w Poznaniu du\u017ce emocje. Jacek Ja\u015bkowiak przekonuje, \u017ce miasto od lat&hellip;\n","protected":false},"author":2,"featured_media":666590,"comment_status":"","ping_status":"","sticky":false,"template":"","format":"standard","meta":{"footnotes":"","_share_on_mastodon":"0"},"categories":[51609],"tags":[42,38,40,39,41,1817],"class_list":["post-666589","post","type-post","status-publish","format-standard","has-post-thumbnail","category-poznan","tag-pl","tag-poland","tag-polish","tag-polska","tag-polski","tag-poznan"],"share_on_mastodon":{"url":"https:\/\/pubeurope.com\/@pl\/117211941176480950","error":""},"_links":{"self":[{"href":"https:\/\/www.europesays.com\/pl\/wp-json\/wp\/v2\/posts\/666589","targetHints":{"allow":["GET"]}}],"collection":[{"href":"https:\/\/www.europesays.com\/pl\/wp-json\/wp\/v2\/posts"}],"about":[{"href":"https:\/\/www.europesays.com\/pl\/wp-json\/wp\/v2\/types\/post"}],"author":[{"embeddable":true,"href":"https:\/\/www.europesays.com\/pl\/wp-json\/wp\/v2\/users\/2"}],"replies":[{"embeddable":true,"href":"https:\/\/www.europesays.com\/pl\/wp-json\/wp\/v2\/comments?post=666589"}],"version-history":[{"count":0,"href":"https:\/\/www.europesays.com\/pl\/wp-json\/wp\/v2\/posts\/666589\/revisions"}],"wp:featuredmedia":[{"embeddable":true,"href":"https:\/\/www.europesays.com\/pl\/wp-json\/wp\/v2\/media\/666590"}],"wp:attachment":[{"href":"https:\/\/www.europesays.com\/pl\/wp-json\/wp\/v2\/media?parent=666589"}],"wp:term":[{"taxonomy":"category","embeddable":true,"href":"https:\/\/www.europesays.com\/pl\/wp-json\/wp\/v2\/categories?post=666589"},{"taxonomy":"post_tag","embeddable":true,"href":"https:\/\/www.europesays.com\/pl\/wp-json\/wp\/v2\/tags?post=666589"}],"curies":[{"name":"wp","href":"https:\/\/api.w.org\/{rel}","templated":true}]}}