{"id":666603,"date":"2026-09-04T09:03:15","date_gmt":"2026-09-04T09:03:15","guid":{"rendered":"https:\/\/www.europesays.com\/pl\/666603\/"},"modified":"2026-09-04T09:03:15","modified_gmt":"2026-09-04T09:03:15","slug":"warszawa-premiera-spektaklu-moviestar-w-teatrze-kwadrat","status":"publish","type":"post","link":"https:\/\/www.europesays.com\/pl\/666603\/","title":{"rendered":"Warszawa. Premiera spektaklu \u201eMoviestar\u201d w Teatrze Kwadrat"},"content":{"rendered":"<p>18 wrze\u015bnia w Teatrze Kwadrat odb\u0119dzie si\u0119 premiera spektaklu \u201eMoviestar\u201d Petera Quiltera, w re\u017c. Tomasza Sapryka.<\/p>\n<p>            <a data-lightbox=\"article-gallery\" href=\"https:\/\/e-teatr.pl\/files\/multimedias\/181061\/Moviestar_-_plakat.png\" rel=\"nofollow noopener\" target=\"_blank\">&#13;<br \/>\n        <img loading=\"lazy\" decoding=\"async\" src=\"https:\/\/www.europesays.com\/pl\/wp-content\/uploads\/2026\/09\/thumb_Moviestar_-_plakat.png\" alt=\"\" title=\"\" width=\"1080\" height=\"1350\"\/>      <\/a><\/p>\n<p>fot. mat. teatru<\/p>\n<p>Co zostaje z cz\u0142owieka, kiedy znika jego wizerunek?<\/p>\n<p>\u201eMoviestar\u201d to inteligentna, b\u0142yskotliwa komedia Petera Quiltera o \u015bwiecie, w kt\u00f3rym s\u0142awa daje wszystko ale mo\u017ce te\u017c wszystko odebra\u0107.\u00a0<\/p>\n<p>Spotkanie dw\u00f3ch m\u0119\u017cczyzn przy hotelowym basenie staje si\u0119 pretekstem do zderzenia dw\u00f3ch rzeczywisto\u015bci: s\u0142ynnego celebryty i zwyczajnego cz\u0142owieka.\u00a0<\/p>\n<p>Tyler jest gwiazd\u0105 kina. Ma wszystko \u2014 s\u0142aw\u0119, pieni\u0105dze i twarz, kt\u00f3r\u0105 zna ca\u0142y \u015bwiat. Ale jedno niefortunne zdarzenie powoduje, \u017ce z dnia na dzie\u0144 staje si\u0119 najbardziej znienawidzonym cz\u0142owiekiem na ziemi.\u00a0<\/p>\n<p>Justin to piekarz z Bronxu. Zwyczajny cz\u0142owiek ze zwyk\u0142ymi problemami. Czy ci dwaj ludzie s\u0105 w stanie w og\u00f3le si\u0119 porozumie\u0107?<\/p>\n<p>Ta pe\u0142na ironii i celnego humoru opowie\u015b\u0107 buduje na scenie zabawny ale te\u017c nieco przera\u017caj\u0105cy \u015bwiat, w kt\u00f3rym granica mi\u0119dzy prywatno\u015bci\u0105 a publicznym wizerunkiem dawno ju\u017c przesta\u0142a istnie\u0107; gdzie ka\u017cdy ruch mo\u017ce sta\u0107 si\u0119 nag\u0142\u00f3wkiem i coraz trudniej rozpozna\u0107 r\u00f3\u017cnic\u0119 mi\u0119dzy tym co prawdziwe, a tym co tylko tak wygl\u0105da.\u00a0<\/p>\n<p>Bo kiedy wszystko zaczyna si\u0119 chwia\u0107, zostaje jedno wa\u017cne pytanie: kim jeste\u015b, kiedy nikt nie patrzy?<\/p>\n<p>***<\/p>\n<p>Aktorzy<\/p>\n<p>\u00a0 \u00a0 Ashley: Katarzyna Zieli\u0144ska, Katarzyna Glinka<br \/>\u00a0 \u00a0 Tyler: Grzegorz Daukszewicz<br \/>\u00a0 \u00a0 Justin: Aleksander Sajewski<\/p>\n<p>Tw\u00f3rcy<\/p>\n<p>\u00a0 \u00a0 Re\u017cyseria i oprawa muzyczna: Tomasz Sapryk<br \/>\u00a0 \u00a0 Przek\u0142ad: El\u017cbieta Wo\u017aniak<br \/>\u00a0 \u00a0 Scenografia: Wojciech Stefaniak<br \/>\u00a0 \u00a0 Kostiumy: Aneta Suskiewicz<br \/>\u00a0 \u00a0 Re\u017cyseria \u015bwiate\u0142: Maciej Iwa\u0144czyk<br \/>\u00a0 \u00a0 Wizualizacje multimedialne: Hektor Werios<br \/>\u00a0 \u00a0 Produkcja: Joanna Wysocka<br \/>\u00a0 \u00a0 Asystentka re\u017cysera: El\u017cbieta Kozak<\/p>\n","protected":false},"excerpt":{"rendered":"18 wrze\u015bnia w Teatrze Kwadrat odb\u0119dzie si\u0119 premiera spektaklu \u201eMoviestar\u201d Petera Quiltera, w re\u017c. Tomasza Sapryka. &#13; fot.&hellip;\n","protected":false},"author":2,"featured_media":666604,"comment_status":"","ping_status":"","sticky":false,"template":"","format":"standard","meta":{"footnotes":"","_share_on_mastodon":"0"},"categories":[51605],"tags":[2434,8588,6588,17490,16331,51630,42,38,40,39,41,649,650,11541,51629,8815,51631,8767,51628,800,8816,435],"class_list":["post-666603","post","type-post","status-publish","format-standard","has-post-thumbnail","category-warszawa","tag-aktor","tag-aktorzy","tag-festiwal","tag-festiwale","tag-kariera","tag-kariery","tag-pl","tag-poland","tag-polish","tag-polska","tag-polski","tag-premiera","tag-premiery","tag-realizacja","tag-realizacje","tag-repertuar","tag-ruch-teatralny","tag-sztuka","tag-sztuki","tag-teatr","tag-teatry","tag-warszawa"],"share_on_mastodon":{"url":"https:\/\/pubeurope.com\/@pl\/117211969840673243","error":""},"_links":{"self":[{"href":"https:\/\/www.europesays.com\/pl\/wp-json\/wp\/v2\/posts\/666603","targetHints":{"allow":["GET"]}}],"collection":[{"href":"https:\/\/www.europesays.com\/pl\/wp-json\/wp\/v2\/posts"}],"about":[{"href":"https:\/\/www.europesays.com\/pl\/wp-json\/wp\/v2\/types\/post"}],"author":[{"embeddable":true,"href":"https:\/\/www.europesays.com\/pl\/wp-json\/wp\/v2\/users\/2"}],"replies":[{"embeddable":true,"href":"https:\/\/www.europesays.com\/pl\/wp-json\/wp\/v2\/comments?post=666603"}],"version-history":[{"count":0,"href":"https:\/\/www.europesays.com\/pl\/wp-json\/wp\/v2\/posts\/666603\/revisions"}],"wp:featuredmedia":[{"embeddable":true,"href":"https:\/\/www.europesays.com\/pl\/wp-json\/wp\/v2\/media\/666604"}],"wp:attachment":[{"href":"https:\/\/www.europesays.com\/pl\/wp-json\/wp\/v2\/media?parent=666603"}],"wp:term":[{"taxonomy":"category","embeddable":true,"href":"https:\/\/www.europesays.com\/pl\/wp-json\/wp\/v2\/categories?post=666603"},{"taxonomy":"post_tag","embeddable":true,"href":"https:\/\/www.europesays.com\/pl\/wp-json\/wp\/v2\/tags?post=666603"}],"curies":[{"name":"wp","href":"https:\/\/api.w.org\/{rel}","templated":true}]}}