{"id":666607,"date":"2026-09-04T09:05:13","date_gmt":"2026-09-04T09:05:13","guid":{"rendered":"https:\/\/www.europesays.com\/pl\/666607\/"},"modified":"2026-09-04T09:05:13","modified_gmt":"2026-09-04T09:05:13","slug":"sydney-sweeney-tradycyjnie-swieci-golizna-tym-razem-na-festiwalu-filmowym-w-wenecji-zdjecia","status":"publish","type":"post","link":"https:\/\/www.europesays.com\/pl\/666607\/","title":{"rendered":"Sydney Sweeney tradycyjnie \u015aWIECI GOLIZN\u0104, tym razem na Festiwalu Filmowym w Wenecji (ZDJ\u0118CIA)"},"content":{"rendered":"<p>Sydney Sweeney po raz kolejny da\u0142a popis modowej odwagi i\u00a0udowodni\u0142a, \u017ce na czerwonym dywanie czuje si\u0119 jak ryba w\u00a0wodzie. Podczas presti\u017cowego wydarzenia marka Armani postawi\u0142a na ameryka\u0144sk\u0105 gwiazd\u0119, a\u00a0ta odp\u0142aci\u0142a si\u0119 stylizacj\u0105, obok kt\u00f3rej po prostu nie da\u0142o si\u0119 przej\u015b\u0107 oboj\u0119tnie. B\u0142yszcz\u0105ca, bogato zdobiona misternymi koralikami suknia na cienkich rami\u0105czkach subtelnie prze\u015bwitywa\u0142a w\u00a0b\u0142ysku dziesi\u0105tek fleszy, tworz\u0105c spektakularny i\u00a0niezwykle luksusowy efekt.<\/p>\n<p>Gwiazda &#8222;Euforii&#8221; przyzwyczai\u0142a ju\u017c fan\u00f3w do tego, \u017ce nie boi si\u0119 odwa\u017cnych kroj\u00f3w i\u00a0z\u00a0dum\u0105 prezentuje swoje atuty. Tym razem nie by\u0142o inaczej. G\u0142\u0119boki, zaokr\u0105glony dekolt oraz dopasowany kr\u00f3j kreacji jak zwykle perfekcyjnie wyeksponowa\u0142y jej imponuj\u0105ce &#8222;walory&#8221; i\u00a0kobiec\u0105 sylwetk\u0119.<\/p>\n<p>Dope\u0142nieniem tej zmys\u0142owej stylizacji by\u0142 dopracowany makija\u017c i\u00a0fryzura, kt\u00f3re idealnie dope\u0142ni\u0142y \u015bmia\u0142y &#8222;look&#8221;. 26-letnia aktorka zdecydowa\u0142a si\u0119 na swobodnie opadaj\u0105ce na ramiona, z\u0142ociste fale z\u00a0przedzia\u0142kiem na \u015brodku oraz promienny &#8222;make up&#8221; w\u00a0odcieniach nude. Ca\u0142o\u015b\u0107 uzupe\u0142ni\u0142a dyskretna bi\u017cuteria i\u00a0elegancka, czarna r\u00f3\u017cyczka przy rami\u0105czku, co doda\u0142o wieczorowemu wydaniu szyku godnego najwi\u0119kszej gwiazdy kina.<\/p>\n<p>Jak Wam si\u0119 podoba Sydney w\u00a0tej ods\u0142onie? Znowu skrad\u0142a ca\u0142e show?<\/p>\n","protected":false},"excerpt":{"rendered":"Sydney Sweeney po raz kolejny da\u0142a popis modowej odwagi i\u00a0udowodni\u0142a, \u017ce na czerwonym dywanie czuje si\u0119 jak ryba&hellip;\n","protected":false},"author":2,"featured_media":666608,"comment_status":"","ping_status":"","sticky":false,"template":"","format":"standard","meta":{"footnotes":"","_share_on_mastodon":"0"},"categories":[22],"tags":[122,42,38,40,39,41,123],"class_list":["post-666607","post","type-post","status-publish","format-standard","has-post-thumbnail","category-rozrywka","tag-entertainment","tag-pl","tag-poland","tag-polish","tag-polska","tag-polski","tag-rozrywka"],"share_on_mastodon":{"url":"","error":""},"_links":{"self":[{"href":"https:\/\/www.europesays.com\/pl\/wp-json\/wp\/v2\/posts\/666607","targetHints":{"allow":["GET"]}}],"collection":[{"href":"https:\/\/www.europesays.com\/pl\/wp-json\/wp\/v2\/posts"}],"about":[{"href":"https:\/\/www.europesays.com\/pl\/wp-json\/wp\/v2\/types\/post"}],"author":[{"embeddable":true,"href":"https:\/\/www.europesays.com\/pl\/wp-json\/wp\/v2\/users\/2"}],"replies":[{"embeddable":true,"href":"https:\/\/www.europesays.com\/pl\/wp-json\/wp\/v2\/comments?post=666607"}],"version-history":[{"count":0,"href":"https:\/\/www.europesays.com\/pl\/wp-json\/wp\/v2\/posts\/666607\/revisions"}],"wp:featuredmedia":[{"embeddable":true,"href":"https:\/\/www.europesays.com\/pl\/wp-json\/wp\/v2\/media\/666608"}],"wp:attachment":[{"href":"https:\/\/www.europesays.com\/pl\/wp-json\/wp\/v2\/media?parent=666607"}],"wp:term":[{"taxonomy":"category","embeddable":true,"href":"https:\/\/www.europesays.com\/pl\/wp-json\/wp\/v2\/categories?post=666607"},{"taxonomy":"post_tag","embeddable":true,"href":"https:\/\/www.europesays.com\/pl\/wp-json\/wp\/v2\/tags?post=666607"}],"curies":[{"name":"wp","href":"https:\/\/api.w.org\/{rel}","templated":true}]}}