{"id":666621,"date":"2026-09-04T09:12:13","date_gmt":"2026-09-04T09:12:13","guid":{"rendered":"https:\/\/www.europesays.com\/pl\/666621\/"},"modified":"2026-09-04T09:12:13","modified_gmt":"2026-09-04T09:12:13","slug":"prezydent-karol-nawrocki-mowil-o-tk-konstytucjonalista-odpowiada","status":"publish","type":"post","link":"https:\/\/www.europesays.com\/pl\/666621\/","title":{"rendered":"Prezydent Karol Nawrocki m\u00f3wi\u0142 o TK. Konstytucjonalista odpowiada"},"content":{"rendered":"<p>Przypomnijmy, prezydent Karol Nawrocki podczas konferencji prasowej 3 wrze\u015bnia na Krakowskim Przedmie\u015bciu m\u00f3wi\u0142 o sytuacji w Trybunale Konstytucyjnym. Odni\u00f3s\u0142 si\u0119 mi\u0119dzy innymi do czw\u00f3rki s\u0119dzi\u00f3w wybranych przez Sejm w marcu do TK, od kt\u00f3rych nie przyj\u0105\u0142 \u015blubowania. Ceremonia odby\u0142a si\u0119 nast\u0119pnie w Sejmie, bez udzia\u0142u Karola Nawrockiego.<\/p>\n<p>Czytaj te\u017c: <a href=\"https:\/\/www.fakt.pl\/polityka\/sejm-poparl-kandydature-macieja-berka-na-sedziego-trybunalu-konstytucyjnego\/db5xm7w\" id=\"037822dd-73d4-4087-a55d-5c105842ccce\" rel=\"nofollow noopener\" target=\"_blank\">Sejm zdecydowa\u0142 o kandydaturze Berka do Trybuna\u0142u Konstytucyjnego.<\/a><a href=\"https:\/\/www.fakt.pl\/\" title=\"Strona G\u0142\u00f3wna\" aria-label=\"Strona G\u0142\u00f3wna\" data-astro-prefetch=\"tap\" class=\"ods-a-logo-main-desktop\" rel=\"nofollow noopener\" target=\"_blank\"><img src=\"https:\/\/cdn.fakt.pl\/img\/Logo_desktop_Fakt.svg\" class=\"ods-a-logo-main-desktop__image\" alt=\"Logo\" width=\"107\" height=\"86\" fetchpriority=\"high\" decoding=\"sync\" style=\"height:86px\"\/><\/a><\/p>\n<p class=\"ods-m-google-article__text\">Czytaj nas cz\u0119\u015bciej w Google<\/p>\n<p><a href=\"https:\/\/google.com\/preferences\/source?q=fakt.pl\" target=\"_blank\" rel=\"noopener noreferrer nofollow\" aria-label=\"Dodaj w Google\" title=\"Dodaj w Google\" class=\"ods-a-button ods-a-button__primary ods-a-button__default ods-a-button-l\">Dodaj w Google<\/a>Dalszy ci\u0105g artyku\u0142u pod materia\u0142em wideoPrezydent Nawrocki o sytuacji w Trybunale Konstytucyjnym<\/p>\n<p>\u2014 Wpadli w pu\u0142apk\u0119 marsza\u0142ka Czarzastego ci s\u0119dziowie i polityki. S\u0119dziowie, kt\u00f3rzy chc\u0105 na najwy\u017cszym szczeblu, czyli w Trybunale Konstytucyjnym, wykonywa\u0107 obowi\u0105zki, musz\u0105 przede wszystkim wykazywa\u0107 si\u0119 wyj\u0105tkow\u0105 wiedz\u0105 prawnicz\u0105, a je\u015bli czterech kandydat\u00f3w do Trybuna\u0142u Konstytucyjnego nie ma podstawowej informacji, \u017ce aby zyska\u0107 nominacj\u0119, musz\u0105 spotka\u0107 si\u0119 z prezydentem RP, to mam prawo mie\u0107 obawy co do ich kwalifikacji prawnych. Nie ma takiego mechanizmu, w kt\u00f3rym mo\u017cna powo\u0142a\u0107 s\u0119dzi\u00f3w bez udzia\u0142u prezydenta RP. Ci pa\u0144stwo wzi\u0119li udzia\u0142 w wydarzeniu, kt\u00f3re ich eliminuje z mo\u017cliwo\u015bci, za spraw\u0105 mojej decyzji, zasiadania w Trybunale \u2014 powiedzia\u0142 Nawrocki.<\/p>\n<p>Zobacz: <a href=\"https:\/\/www.onet.pl\/informacje\/newsweek\/palac-szuka-powodu-aby-utracic-macieja-berka-pis-liczy-na-nawrockiego\/hj7qgx7,452ad802\" id=\"71c4c887-6180-40f3-b3b3-58287c1e207f\" rel=\"nofollow noopener\" target=\"_blank\">Gra w Berka. Pa\u0142ac szuka powodu, by utr\u0105ci\u0107 cz\u0142owieka Tuska<\/a><\/p>\n<p>W dalszej cz\u0119\u015bci wyst\u0105pienia prezydent odni\u00f3s\u0142 si\u0119 tak\u017ce do s\u0119dzi\u00f3w, od kt\u00f3rych przyj\u0105\u0142 \u015blubowanie.<\/p>\n<p>\u2014 Dowiaduj\u0119 si\u0119, \u017ce ci s\u0119dziowie, kt\u00f3rych powo\u0142a\u0142em, nie wykonuj\u0105 swoich obowi\u0105zk\u00f3w, a ju\u017c od miesi\u0105ca pobieraj\u0105 publiczne \u015brodki finansowe za to, \u017ce nie wykonuj\u0105 swojej pracy. (&#8230;) Czemu kto\u015b, kogo powo\u0142a\u0142 prezydent, nie wydaje orzecze\u0144, nie pracuje, a pobiera \u015brodki finansowe? \u2014 pyta\u0142 Nawrocki, krytykuj\u0105c prawnik\u00f3w.<\/p>\n<p>Konstytucjonalista odpowiada na s\u0142owa prezydenta<\/p>\n<p>Do s\u0142\u00f3w prezydenta odni\u00f3s\u0142 si\u0119 w &#8222;Fakcie&#8221; prof. Adam Sulikowski. Zdaniem konstytucjonalisty &#8222;prezydent konsekwentnie powiela swoj\u0105 narracj\u0119&#8221;.<\/p>\n<p class=\"ods-o-quote__paragraph\">Uwa\u017ca, \u017ce ma prawo decydowa\u0107 o tym, od kt\u00f3rego s\u0119dziego przyjmie \u015blubowanie. Z prawnego punktu widzenia nie ma jednak mo\u017cliwo\u015bci zablokowania wynagrodze\u0144 s\u0119dzi\u00f3w Trybuna\u0142u Konstytucyjnego. Wynagrodzenie jest im nale\u017cne z tytu\u0142u sprawowania funkcji i zosta\u0142o zagwarantowane ustawowo<\/p>\n<p>\u2014 s\u0142yszymy.<\/p>\n<p>\u2014 Oczywi\u015bcie w normalnych warunkach istnieje mo\u017cliwo\u015b\u0107 wszcz\u0119cia post\u0119powania dyscyplinarnego i rozpatrzenia sprawy ewentualnego ukarania s\u0119dziego, tak\u017ce kar\u0105 finansow\u0105. Obecna sytuacja w Trybunale Konstytucyjnym nie pozwala jednak na przeprowadzenie takiej procedury \u2014 m\u00f3wi prof. Sulikowski.<\/p>\n<p>Konstytucjonalista ocenia, \u017ce prezydent mo\u017ce si\u0119 oburza\u0107, i\u017c cz\u0119\u015b\u0107 s\u0119dzi\u00f3w nie chce uczestniczy\u0107 w pracach Trybuna\u0142u, poniewa\u017c oznacza\u0142oby to \u2014 w ich ocenie \u2014 legitymizowanie kierownictwa prezesa Bogdana \u015awi\u0119czkowskiego. \u2014 Z tego oburzenia nie wynikaj\u0105 jednak \u017cadne konkretne konsekwencje \u2014 zauwa\u017ca.<\/p>\n<p>\u2014 S\u0119dziowie, od kt\u00f3rych prezydent Karol Nawrocki przyj\u0105\u0142 \u015blubowanie, w praktyce solidaryzuj\u0105 si\u0119 z tymi, z kt\u00f3rymi prezydent nie chcia\u0142 spotka\u0107 si\u0119 podczas ceremonii. Jednocze\u015bnie uwa\u017cam, \u017ce osoby wybrane przez Sejm s\u0105 s\u0119dziami Trybuna\u0142u Konstytucyjnego i do obj\u0119cia tej funkcji nie jest konieczne osobiste spotkanie z prezydentem ani z\u0142o\u017cenie przed nim \u015blubowania. Samo z\u0142o\u017cenie \u015blubowania w Sejmie mo\u017ce oczywi\u015bcie budzi\u0107 kontrowersje, ale nie zmienia to faktu, \u017ce osoby te powinny zosta\u0107 dopuszczone do pracy w Trybunale Konstytucyjnym przez jego prezesa, Bogdana \u015awi\u0119czkowskiego \u2014 m\u00f3wi konstytucjonalista z Uniwersytetu Wroc\u0142awskiego.<\/p>\n<p><a href=\"https:\/\/www.fakt.pl\/polityka\/nowe-badanie-poparcia-ko-przed-pis-tak-wygladaly-podzial-mandatow\/fs335fn\" id=\"72235fbb-b922-43da-86de-e396e84ad945\" rel=\"nofollow noopener\" target=\"_blank\">Sonda\u017c: KO wygrywa, ale prawica bierze wi\u0119kszo\u015b\u0107 w Sejmie<\/a><a href=\"https:\/\/www.fakt.pl\/polityka\/sylwester-ziemkiewicz-ma-blokade-alkoholowa-wp-tak-starosta-z-psl-uratowal-stanowisko\/5yts4wg\" id=\"d1a037b3-dfd1-4dd5-8f9e-6ef9880fbf29\" rel=\"nofollow noopener\" target=\"_blank\">Polityk PSL ma blokad\u0119 alkoholow\u0105. Media: uratowa\u0142 stanowisko dzi\u0119ki kolegom<\/a><a href=\"https:\/\/www.fakt.pl\/polityka\/zondacrypto-poszkodowani-walcza-o-pieniadze-jest-wazny-termin\/tm9yx8w\" id=\"d58e08dc-1314-492e-ad4b-15113572f034\" rel=\"nofollow noopener\" target=\"_blank\">Setki klient\u00f3w Zondacrypto walcz\u0105 o pieni\u0105dze. &#8222;To b\u0142\u0105d, kt\u00f3ry kosztuje&#8221;<\/a><\/p>\n","protected":false},"excerpt":{"rendered":"Przypomnijmy, prezydent Karol Nawrocki podczas konferencji prasowej 3 wrze\u015bnia na Krakowskim Przedmie\u015bciu m\u00f3wi\u0142 o sytuacji w Trybunale Konstytucyjnym.&hellip;\n","protected":false},"author":2,"featured_media":666622,"comment_status":"","ping_status":"","sticky":false,"template":"","format":"standard","meta":{"footnotes":"","_share_on_mastodon":"0"},"categories":[62712],"tags":[61195,690,43,46,129381,907,383,1005,47,111182,4057],"class_list":["post-666621","post","type-post","status-publish","format-standard","has-post-thumbnail","category-karol-nawrocki","tag-bottomfeed_styl","tag-karol-nawrocki","tag-karol_nawrocki","tag-omp","tag-omp_tst4","tag-polityka","tag-prawo","tag-prezydent","tag-screening_general","tag-topbar_tst1","tag-trybunal_konstytucyjny"],"share_on_mastodon":{"url":"https:\/\/pubeurope.com\/@pl\/117212005160727980","error":""},"_links":{"self":[{"href":"https:\/\/www.europesays.com\/pl\/wp-json\/wp\/v2\/posts\/666621","targetHints":{"allow":["GET"]}}],"collection":[{"href":"https:\/\/www.europesays.com\/pl\/wp-json\/wp\/v2\/posts"}],"about":[{"href":"https:\/\/www.europesays.com\/pl\/wp-json\/wp\/v2\/types\/post"}],"author":[{"embeddable":true,"href":"https:\/\/www.europesays.com\/pl\/wp-json\/wp\/v2\/users\/2"}],"replies":[{"embeddable":true,"href":"https:\/\/www.europesays.com\/pl\/wp-json\/wp\/v2\/comments?post=666621"}],"version-history":[{"count":0,"href":"https:\/\/www.europesays.com\/pl\/wp-json\/wp\/v2\/posts\/666621\/revisions"}],"wp:featuredmedia":[{"embeddable":true,"href":"https:\/\/www.europesays.com\/pl\/wp-json\/wp\/v2\/media\/666622"}],"wp:attachment":[{"href":"https:\/\/www.europesays.com\/pl\/wp-json\/wp\/v2\/media?parent=666621"}],"wp:term":[{"taxonomy":"category","embeddable":true,"href":"https:\/\/www.europesays.com\/pl\/wp-json\/wp\/v2\/categories?post=666621"},{"taxonomy":"post_tag","embeddable":true,"href":"https:\/\/www.europesays.com\/pl\/wp-json\/wp\/v2\/tags?post=666621"}],"curies":[{"name":"wp","href":"https:\/\/api.w.org\/{rel}","templated":true}]}}