{"id":666633,"date":"2026-09-04T09:19:37","date_gmt":"2026-09-04T09:19:37","guid":{"rendered":"https:\/\/www.europesays.com\/pl\/666633\/"},"modified":"2026-09-04T09:19:37","modified_gmt":"2026-09-04T09:19:37","slug":"jakie-sa-najnowsze-dane-dotyczace-powietrza-w-bydgoszczy-zobacz-odczyty-z-4-09-2026-2","status":"publish","type":"post","link":"https:\/\/www.europesays.com\/pl\/666633\/","title":{"rendered":"Jakie s\u0105 najnowsze dane dotycz\u0105ce powietrza w Bydgoszczy? Zobacz odczyty z 4.09.2026"},"content":{"rendered":"<p><img decoding=\"async\" loading=\"eager\" fetchpriority=\"high\" class=\"atomsArticleGalleryImage__mainImg\" src=\"https:\/\/www.europesays.com\/pl\/wp-content\/uploads\/2026\/09\/1788513577_913_il20251203_951545811_medium.jpg\" alt=\"Sprawd&#x17A; stan jako&#x15B;ci powietrza w Bydgoszczy\" width=\"1600\" height=\"1062\"\/><\/p>\n<p>\n        Sprawd\u017a stan jako\u015bci powietrza w Bydgoszczy<\/p>\n<p>          fot. Adam Wojnar\n        <\/p>\n<p>Smog Bydgoszcz: 4.09.2026. Sprawd\u017a aktualny poziom PM10 i PM2.5. Sprawd\u017a, czy w pi\u0105tek przebywanie na zewn\u0105trz jest bezpieczne dla zdrowia. Por\u00f3wnaj, jakie by\u0142o powietrze w Bydgoszczy w ostatnich dniach. Nudno\u015bci to cz\u0119sty objaw zbyt d\u0142ugiego wdychania zanieczyszczonego powietrza.<\/p>\n","protected":false},"excerpt":{"rendered":"Sprawd\u017a stan jako\u015bci powietrza w Bydgoszczy fot. Adam Wojnar Smog Bydgoszcz: 4.09.2026. Sprawd\u017a aktualny poziom PM10 i PM2.5.&hellip;\n","protected":false},"author":2,"featured_media":666634,"comment_status":"","ping_status":"","sticky":false,"template":"","format":"standard","meta":{"footnotes":"","_share_on_mastodon":"0"},"categories":[51613],"tags":[7132,42,78,38,40,39,41,101840,43824],"class_list":["post-666633","post","type-post","status-publish","format-standard","has-post-thumbnail","category-bydgoszcz","tag-bydgoszcz","tag-pl","tag-pogoda","tag-poland","tag-polish","tag-polska","tag-polski","tag-smog-bydgoszcz","tag-zanieczyszczenie-powietrza"],"share_on_mastodon":{"url":"https:\/\/pubeurope.com\/@pl\/117212032560717056","error":""},"_links":{"self":[{"href":"https:\/\/www.europesays.com\/pl\/wp-json\/wp\/v2\/posts\/666633","targetHints":{"allow":["GET"]}}],"collection":[{"href":"https:\/\/www.europesays.com\/pl\/wp-json\/wp\/v2\/posts"}],"about":[{"href":"https:\/\/www.europesays.com\/pl\/wp-json\/wp\/v2\/types\/post"}],"author":[{"embeddable":true,"href":"https:\/\/www.europesays.com\/pl\/wp-json\/wp\/v2\/users\/2"}],"replies":[{"embeddable":true,"href":"https:\/\/www.europesays.com\/pl\/wp-json\/wp\/v2\/comments?post=666633"}],"version-history":[{"count":0,"href":"https:\/\/www.europesays.com\/pl\/wp-json\/wp\/v2\/posts\/666633\/revisions"}],"wp:featuredmedia":[{"embeddable":true,"href":"https:\/\/www.europesays.com\/pl\/wp-json\/wp\/v2\/media\/666634"}],"wp:attachment":[{"href":"https:\/\/www.europesays.com\/pl\/wp-json\/wp\/v2\/media?parent=666633"}],"wp:term":[{"taxonomy":"category","embeddable":true,"href":"https:\/\/www.europesays.com\/pl\/wp-json\/wp\/v2\/categories?post=666633"},{"taxonomy":"post_tag","embeddable":true,"href":"https:\/\/www.europesays.com\/pl\/wp-json\/wp\/v2\/tags?post=666633"}],"curies":[{"name":"wp","href":"https:\/\/api.w.org\/{rel}","templated":true}]}}