{"id":666641,"date":"2026-09-04T09:23:16","date_gmt":"2026-09-04T09:23:16","guid":{"rendered":"https:\/\/www.europesays.com\/pl\/666641\/"},"modified":"2026-09-04T09:23:16","modified_gmt":"2026-09-04T09:23:16","slug":"jesien-bez-infekcji-specjalisci-zachecaja-do-szczepien-i-badan-profilaktycznych","status":"publish","type":"post","link":"https:\/\/www.europesays.com\/pl\/666641\/","title":{"rendered":"\u201eJesie\u0144 bez infekcji\u201d. Specjali\u015bci zach\u0119caj\u0105 do szczepie\u0144 i bada\u0144 profilaktycznych"},"content":{"rendered":"<p>Zaszczep si\u0119, zanim rozpocznie si\u0119 sezon infekcyjny \u2013 zach\u0119caj\u0105 specjali\u015bci. Ruszy\u0142a og\u00f3lnopolska kampania Jesie\u0144 bez infekcji. Z\u0142ota jesie\u0144 zaczyna si\u0119 od profilaktyki, kt\u00f3rej celem jest przypomnienie o szczepieniach ochronnych oraz badaniach profilaktycznych.<\/p>\n<p>Jesie\u0144 i zima to okres, w kt\u00f3rym cz\u0119\u015bciej mierzymy si\u0119 z infekcjami dr\u00f3g oddechowych. Ni\u017csze temperatury, cz\u0119stsze przebywanie w zamkni\u0119tych pomieszczeniach i wi\u0119ksza liczba kontakt\u00f3w sprzyjaj\u0105 rozprzestrzenianiu si\u0119 wirus\u00f3w. Dlatego specjali\u015bci zach\u0119caj\u0105, by o ochronie pomy\u015ble\u0107 jeszcze przed rozpocz\u0119ciem sezonu zachorowa\u0144.<\/p>\n<p>Szczepienia szczeg\u00f3lnie wa\u017cne dla senior\u00f3w<\/p>\n<p>Kampania zwraca uwag\u0119 przede wszystkim na szczepienia przeciwko grypie i RSV. Szczeg\u00f3ln\u0105 ochron\u0105 powinny zosta\u0107 obj\u0119te osoby starsze.<\/p>\n<p>&#13;<\/p>\n<p>Te osoby najbardziej nara\u017cone s\u0105 na powik\u0142ania. Kampania te\u017c podkre\u015bla prost\u0105 drog\u0119 do szczepie\u0144, jak\u0105 zapewniaj\u0105 nam w tej chwili punkty apteczne, kt\u00f3re maj\u0105 mo\u017cliwo\u015b\u0107 szczepienia<\/p>\n<p>&#13;<\/p>\n<p>\u2013 m\u00f3wi rzecznik wielkopolskiego Sanepidu Wies\u0142awa Kostuj.<\/p>\n<p>Kampania jest efektem wsp\u00f3\u0142pracy inspekcji sanitarnej z farmaceutami. Jednym z jej za\u0142o\u017ce\u0144 jest tak\u017ce przypominanie o mo\u017cliwo\u015bci skorzystania ze szczepie\u0144 w punktach aptecznych.<\/p>\n","protected":false},"excerpt":{"rendered":"Zaszczep si\u0119, zanim rozpocznie si\u0119 sezon infekcyjny \u2013 zach\u0119caj\u0105 specjali\u015bci. Ruszy\u0142a og\u00f3lnopolska kampania Jesie\u0144 bez infekcji. Z\u0142ota jesie\u0144&hellip;\n","protected":false},"author":2,"featured_media":666642,"comment_status":"","ping_status":"","sticky":false,"template":"","format":"standard","meta":{"footnotes":"","_share_on_mastodon":"0"},"categories":[51609],"tags":[129496,42,38,40,39,41,1817],"class_list":["post-666641","post","type-post","status-publish","format-standard","has-post-thumbnail","category-poznan","tag-jesien-coraz-blizej-wraz-sezon-infekcyjny-sanepid-zacheca-szczepien-przeciwko-grypie-przypomina-bezplatnych-badaniach-profilaktycznych-ktorych-polacy-wciaz-korzystaja-zbyt-rzadko","tag-pl","tag-poland","tag-polish","tag-polska","tag-polski","tag-poznan"],"share_on_mastodon":{"url":"https:\/\/pubeurope.com\/@pl\/117212047466364743","error":""},"_links":{"self":[{"href":"https:\/\/www.europesays.com\/pl\/wp-json\/wp\/v2\/posts\/666641","targetHints":{"allow":["GET"]}}],"collection":[{"href":"https:\/\/www.europesays.com\/pl\/wp-json\/wp\/v2\/posts"}],"about":[{"href":"https:\/\/www.europesays.com\/pl\/wp-json\/wp\/v2\/types\/post"}],"author":[{"embeddable":true,"href":"https:\/\/www.europesays.com\/pl\/wp-json\/wp\/v2\/users\/2"}],"replies":[{"embeddable":true,"href":"https:\/\/www.europesays.com\/pl\/wp-json\/wp\/v2\/comments?post=666641"}],"version-history":[{"count":0,"href":"https:\/\/www.europesays.com\/pl\/wp-json\/wp\/v2\/posts\/666641\/revisions"}],"wp:featuredmedia":[{"embeddable":true,"href":"https:\/\/www.europesays.com\/pl\/wp-json\/wp\/v2\/media\/666642"}],"wp:attachment":[{"href":"https:\/\/www.europesays.com\/pl\/wp-json\/wp\/v2\/media?parent=666641"}],"wp:term":[{"taxonomy":"category","embeddable":true,"href":"https:\/\/www.europesays.com\/pl\/wp-json\/wp\/v2\/categories?post=666641"},{"taxonomy":"post_tag","embeddable":true,"href":"https:\/\/www.europesays.com\/pl\/wp-json\/wp\/v2\/tags?post=666641"}],"curies":[{"name":"wp","href":"https:\/\/api.w.org\/{rel}","templated":true}]}}