{"id":666643,"date":"2026-09-04T09:24:14","date_gmt":"2026-09-04T09:24:14","guid":{"rendered":"https:\/\/www.europesays.com\/pl\/666643\/"},"modified":"2026-09-04T09:24:14","modified_gmt":"2026-09-04T09:24:14","slug":"lodz-s%c2%b7plot-wobec-wyzwan-od-akademickiej-debaty-po-pierwsza-pomoc-emocjonalna","status":"publish","type":"post","link":"https:\/\/www.europesays.com\/pl\/666643\/","title":{"rendered":"\u0141\u00f3d\u017a. S\u00b7PLOT wobec wyzwa\u0144: od akademickiej debaty po pierwsz\u0105 pomoc emocjonaln\u0105"},"content":{"rendered":"<p>&#13;<br \/>\n        Kszta\u0142tuje wra\u017cliwo\u015b\u0107, pomaga nazwa\u0107 emocje i budowa\u0107 poczucie wsp\u00f3lnoty \u2013 jak\u0105 jeszcze rol\u0119 w \u017cyciu m\u0142odego widza mo\u017ce odgrywa\u0107 teatr? Na to pytanie spr\u00f3buj\u0105 odpowiedzie\u0107 badacze, edukatorzy i producenci, kt\u00f3rych Teatr Pinokio w \u0141odzi zaprasza do udzia\u0142u w Festiwalu S\u00b7PLOT. W programie pa\u017adziernikowego wydarzenia, opr\u00f3cz znakomitych spektakli ze \u015bwiata, znalaz\u0142a si\u0119 mi\u0119dzynarodowa konferencja naukowa, panele dyskusyjne i blok tematyczny \u201eZjednoczeni wobec kryzysu zdrowia psychicznego dzieci i m\u0142odzie\u017cy\u201d.\u00a0    <\/p>\n<p>S\u00b7PLOT \u2013 Mi\u0119dzynarodowy Festiwal Sztuk Performatywnych dla Dzieci i M\u0142odzie\u017cy, kt\u00f3ry odb\u0119dzie si\u0119 w dniach 5-11 pa\u017adziernika to niecodzienna szansa dla \u0142\u00f3dzkiej publiczno\u015bci, by na scenach Teatru Pinokio w \u0141odzi obejrze\u0107 znakomite spektakle europejskich grup teatralnych, \u015bwi\u0119c\u0105cych tryumfy na mi\u0119dzynarodowych festiwalach. Z kolei dla tw\u00f3rc\u00f3w teatru i jego badaczy to czas naukowej debaty i namys\u0142u nad rol\u0105 teatru w \u017cyciu m\u0142odych widz\u00f3w.\u00a0<\/p>\n<p>\u2013 Chcemy splata\u0107 ze sob\u0105 ludzi, pogl\u0105dy, r\u00f3\u017cne formy sceniczne i r\u00f3\u017cne formy ekspresji, dlatego przygotowany przez nas program dla delegat\u00f3w wyr\u00f3s\u0142 z potrzeby budowania trwa\u0142ych most\u00f3w pomi\u0119dzy praktyk\u0105 sceniczn\u0105 a refleksj\u0105 akademick\u0105 oraz wypracowania realnych narz\u0119dzi wsparcia dla m\u0142odzie\u017cy w czasach kryzys\u00f3w \u2013 t\u0142umaczy Bartosz Kurowski, kurator S\u00b7PLOTU.<\/p>\n<p>Filarem programu dla delegat\u00f3w jest Mi\u0119dzynarodowa Konferencja Naukowa \u201eSztuki performatywne dla dzieci i m\u0142odzie\u017cy: aktualne wyzwania\u201d, organizowana we wsp\u00f3\u0142pracy z Uniwersytetem \u0141\u00f3dzkim oraz Uniwersytetem Miko\u0142aja Kopernika w Toruniu.\u00a0 Badacze i praktycy skupi\u0105 si\u0119 na pytaniach o to, jak teatr reaguje na wsp\u00f3\u0142czesne wstrz\u0105sy \u2013 od pandemii po wojny i migracje. Wyk\u0142ady mistrzowskie wyg\u0142osz\u0105 uznane badaczki: Ellinor Viktoria Lid\u00e9n ze Szwecji przeanalizuje paradoks tworzenia teatru dla dzieci niemal wy\u0142\u0105cznie przez doros\u0142ych, z kolei Rezan Saleh z Belgii \u2013 bazuj\u0105c na swoich do\u015bwiadczeniach z pracy w obozach dla uchod\u017ac\u00f3w \u2013 opowie o teatrze jako przestrzeni schronienia i oporu. Wyst\u0105pienia konferencyjne zg\u0142osi\u0142o blisko trzydziestu m\u00f3wc\u00f3w z Polski, W\u0119gier, Ukrainy, Niemiec,\u00a0 Wielkiej Brytanii, Danii, Serbii czy Albanii.<\/p>\n<p>Opr\u00f3cz konferencji w programie festiwalu znalaz\u0142 si\u0119 blok tematyczny \u201eZjednoczeni wobec kryzysu zdrowia psychicznego dzieci i m\u0142odzie\u017cy\u201d zaplanowany w dniach 10\u201311 pa\u017adziernika.\u00a0<\/p>\n<p>\u2013 My\u015bl\u0105c o wyzwaniach, o kt\u00f3rych m\u00f3wimy te\u017c na konferencji, postanowili\u015bmy po\u015bwi\u0119ci\u0107 wi\u0119cej uwagi dojmuj\u0105cemu problemowi coraz bardziej powszechnego kryzysu zdrowia psychicznego w\u015br\u00f3d dzieci i m\u0142odzie\u017cy. Jako tw\u00f3rcy sztuk performatywnych doszli\u015bmy do wniosku, \u017ce potrzebujemy wi\u0119cej wiedzy na temat tego, czym ten kryzys jest, a chc\u0105c wyposa\u017cy\u0107 ludzi kultury w specjalistyczne instrumentarium, do rozmowy zaprosili\u015bmy przedstawicieli \u015brodowiska psychiatrii \u2013 t\u0142umaczy Bartosz Kurowski, zapowiadaj\u0105c udzia\u0142 ekspertek z Wojew\u00f3dzkiego Szpitala Psychiatrycznego we Wroc\u0142awiu oraz Wroc\u0142awskiego Teatru Lalek. Trzonem bloku stanie si\u0119 dwudniowy warsztat \u201ePierwsza pomoc emocjonalna\u201d, prowadzony przez suicydolo\u017ck\u0119 Lucyn\u0119 Kici\u0144sk\u0105. Uczestnicy poznaj\u0105 zasady odpowiedzialnego poruszania trudnych w\u0105tk\u00f3w na scenie oraz adekwatnego i bezpiecznego reagowania na sytuacje kryzysowe u widza lub w zespole artystycznym.<\/p>\n<p>W programie dla delegat\u00f3w zaplanowano r\u00f3wnie\u017c interdyscyplinarne panele dyskusyjne po\u015bwi\u0119cone m.in. wp\u0142ywowi program\u00f3w grantowych na produkcj\u0119 wydarze\u0144 oraz nieformalne sesje sieciuj\u0105ce \u201eCoffee to Get to Know Each Other\u201d i \u201eCoffee to Know How\u201d. Za przyk\u0142ad tego, jak tworzy\u0107 spektakle w \u015bcis\u0142ej wsp\u00f3\u0142pracy z m\u0142odzie\u017c\u0105 pos\u0142u\u017c\u0105 prezentowane na festiwalu spektakle \u2013 takie jak \u201eTRASHedy\u201d niemieckiej performing:group czy \u201eCh\u0142opcy\u201d Fundacji Horyzont Sztuki. Festiwal zwie\u0144czy \u201eDialog Otwarty\u201d prowadzony przez Eliz\u0119 Gaust i Barbar\u0119 Michalsk\u0105. Ta wywodz\u0105ca si\u0119 z fi\u0144skiej psychoterapii \u015brodowiskowej metoda umo\u017cliwi wszystkim uczestnikom \u2013 bez wzgl\u0119du na wiek, pochodzenie czy do\u015bwiadczenie zawodowe \u2013 swobodn\u0105 wymian\u0119 emocji, opinii i refleksji po festiwalu.\u00a0<\/p>\n<p>Szczeg\u00f3\u0142owe informacje na temat warunk\u00f3w zg\u0142oszenia uczestnictwa znale\u017a\u0107 mo\u017cna na stronie internetowej Teatru Pinokio w \u0141odzi.\u00a0<\/p>\n<p>S\u00b7PLOT Mi\u0119dzynarodowy Festiwal Sztuk Performatywnych dla Dzieci i M\u0142odzie\u017cy jest dofinansowany ze \u015brodk\u00f3w Ministra Kultury i Dziedzictwa Narodowego oraz Miasta \u0141odzi.<\/p>\n","protected":false},"excerpt":{"rendered":"&#13; Kszta\u0142tuje wra\u017cliwo\u015b\u0107, pomaga nazwa\u0107 emocje i budowa\u0107 poczucie wsp\u00f3lnoty \u2013 jak\u0105 jeszcze rol\u0119 w \u017cyciu m\u0142odego widza&hellip;\n","protected":false},"author":2,"featured_media":666644,"comment_status":"","ping_status":"","sticky":false,"template":"","format":"standard","meta":{"footnotes":"","_share_on_mastodon":"0"},"categories":[51608],"tags":[2434,8588,6588,17490,16331,51630,3652,42,38,40,39,41,649,650,11541,51629,8815,51631,8767,51628,800,8816],"class_list":["post-666643","post","type-post","status-publish","format-standard","has-post-thumbnail","category-lodz","tag-aktor","tag-aktorzy","tag-festiwal","tag-festiwale","tag-kariera","tag-kariery","tag-lodz","tag-pl","tag-poland","tag-polish","tag-polska","tag-polski","tag-premiera","tag-premiery","tag-realizacja","tag-realizacje","tag-repertuar","tag-ruch-teatralny","tag-sztuka","tag-sztuki","tag-teatr","tag-teatry"],"share_on_mastodon":{"url":"https:\/\/pubeurope.com\/@pl\/117212051321788273","error":""},"_links":{"self":[{"href":"https:\/\/www.europesays.com\/pl\/wp-json\/wp\/v2\/posts\/666643","targetHints":{"allow":["GET"]}}],"collection":[{"href":"https:\/\/www.europesays.com\/pl\/wp-json\/wp\/v2\/posts"}],"about":[{"href":"https:\/\/www.europesays.com\/pl\/wp-json\/wp\/v2\/types\/post"}],"author":[{"embeddable":true,"href":"https:\/\/www.europesays.com\/pl\/wp-json\/wp\/v2\/users\/2"}],"replies":[{"embeddable":true,"href":"https:\/\/www.europesays.com\/pl\/wp-json\/wp\/v2\/comments?post=666643"}],"version-history":[{"count":0,"href":"https:\/\/www.europesays.com\/pl\/wp-json\/wp\/v2\/posts\/666643\/revisions"}],"wp:featuredmedia":[{"embeddable":true,"href":"https:\/\/www.europesays.com\/pl\/wp-json\/wp\/v2\/media\/666644"}],"wp:attachment":[{"href":"https:\/\/www.europesays.com\/pl\/wp-json\/wp\/v2\/media?parent=666643"}],"wp:term":[{"taxonomy":"category","embeddable":true,"href":"https:\/\/www.europesays.com\/pl\/wp-json\/wp\/v2\/categories?post=666643"},{"taxonomy":"post_tag","embeddable":true,"href":"https:\/\/www.europesays.com\/pl\/wp-json\/wp\/v2\/tags?post=666643"}],"curies":[{"name":"wp","href":"https:\/\/api.w.org\/{rel}","templated":true}]}}