{"id":666659,"date":"2026-09-04T09:33:18","date_gmt":"2026-09-04T09:33:18","guid":{"rendered":"https:\/\/www.europesays.com\/pl\/666659\/"},"modified":"2026-09-04T09:33:18","modified_gmt":"2026-09-04T09:33:18","slug":"borys-szyc-o-uzaleznieniu-od-alkoholu-pilem-przy-dziecku","status":"publish","type":"post","link":"https:\/\/www.europesays.com\/pl\/666659\/","title":{"rendered":"Borys Szyc o uzale\u017cnieniu od alkoholu. \u201ePi\u0142em przy dziecku\u201d"},"content":{"rendered":"<p><a href=\"https:\/\/www.wp.pl\/?wplivetab=entertainment\" class=\"entertainment-banner\" id=\"entertainment-banner\" rel=\"nofollow noopener\" target=\"_blank\">  <\/p>\n<p class=\"entertainment-banner-title\">Klikaj, zanim wszyscy zaczn\u0105 o tym m\u00f3wi\u0107!<\/p>\n<p class=\"entertainment-banner-subtitle\">Gwiazdy, skandale i momenty, o kt\u00f3rych jutro b\u0119dzie g\u0142o\u015bno.<\/p>\n<p><\/a> <\/p>\n<p>Borys Szyc otwarcie m\u00f3wi dzi\u015b o\u00a0sobie jako o\u00a0trze\u017awym alkoholiku. Aktor przyznaje, \u017ce jego problemy z\u00a0alkoholem zacz\u0119\u0142y si\u0119 ju\u017c w\u00a0czasach studenckich, gdy razem z\u00a0kolegami zdarza\u0142o mu si\u0119 wypija\u0107 nawet sze\u015b\u0107 butelek wina na osob\u0119. Z\u00a0czasem uzale\u017cnienie zacz\u0119\u0142o coraz mocniej wp\u0142ywa\u0107 na jego \u017cycie. Szyc dostrzeg\u0142 skal\u0119 problemu dopiero w\u00a0wieku 36\u00a0lat, kiedy mia\u0142 ju\u017c opini\u0119 imprezowicza i\u00a0sytuacj\u0119 z\u00a0prowadzeniem samochodu. O\u00a0swojej drodze do trze\u017awo\u015bci opowiedzia\u0142 w\u00a0szczerym wywiadzie.<\/p>\n<p>ZOBACZ: <a href=\"https:\/\/www.pudelek.pl\/wpatrzony-w-ekran-telefonu-borys-szyc-zmierza-do-swojego-audi-za-prawie-pol-miliona-zlotych-zdjecia-7324318980507680g\" rel=\"noopener noreferrer nofollow\" target=\"_blank\">Wpatrzony w\u00a0ekran telefonu Borys Szyc zmierza do swojego Audi za prawie P\u00d3\u0141 MILIONA Z\u0141OTYCH (ZDJ\u0118CIA)<\/a><\/p>\n<p>Mnie te\u017c si\u0119 tak wydawa\u0142o [\u017ce nie da si\u0119 \u017cy\u0107 bez alkoholu przyp. red.]. Tobie pewnie te\u017c &#8211; m\u00f3wi\u0142 w\u00a0rozmowie z\u00a0Markiem Sekielskim. <\/p>\n<p> <img role=\"presentation\" class=\"absolute left-1\/2 top-1\/2 max-h-[80%] max-w-[100px] -translate-x-1\/2 -translate-y-1\/2\" src=\"https:\/\/v.wpimg.pl\/ZXJfd3AudTkrBBIAbg54LGhcRlAxHQUrPgJGH2MAeGJoSQ1eIBI_K2UHAEVuBTY5KQMMXC0RPyoVERQdMgM9ejc\" loading=\"lazy\" decoding=\"async\"\/><\/p>\n<p>Borys Szyc przez lata pr\u00f3bowa\u0142 rzuci\u0107 na\u0142\u00f3g. &#8222;Zdarza\u0142o mi si\u0119 le\u017ce\u0107 na ulicy&#8221;<\/p>\n<p>Szyc rozprawi\u0142 si\u0119 w\u00a0wywiadzie ze stereotypem alkoholika, kt\u00f3ry zazwyczaj kojarzony jest z\u00a0osob\u0105 bezdomn\u0105. Jednak, jak sam przyzna\u0142, nawet jemu zdarza\u0142o si\u0119 znale\u017a\u0107 w\u00a0upokarzaj\u0105cych okoliczno\u015bciach.<\/p>\n<p>Nawet alkoholikom tak si\u0119 alkoholicy kojarz\u0105, wiesz? Dlatego cz\u0119sto sobie t\u0142umaczymy, \u017ce ja jeszcze nie mam problemu, bo nie le\u017c\u0119 na ulicy. Chocia\u017c mnie si\u0119 zdarza\u0142o le\u017ce\u0107 na ulicy. Albo wiesz, \u017ce nie straci\u0142em domu. Chocia\u017c wed\u0142ug mnie by\u0142em blisko. W\u00a0og\u00f3le by\u0142em blisko \u015bmierci par\u0119 razy. Mam niez\u0142ego farta, \u017ce mia\u0142em wytrzyma\u0142y organizm. I\u00a0to wszystko prze\u017cy\u0142em &#8211; wyzna\u0142. <\/p>\n<p> Rozenek o\u00a0zarzutach dotycz\u0105cych hejtu i\u00a0alkoholu w\u00a0&#8222;Kr\u00f3lowej przetrwania&#8221;  <img role=\"presentation\" class=\"absolute left-1\/2 top-1\/2 max-h-[80%] max-w-[100px] -translate-x-1\/2 -translate-y-1\/2\" src=\"https:\/\/v.wpimg.pl\/ZXJfd3AudTkrBBIAbg54LGhcRlAxHQUrPgJGH2MAeGJoSQ1eIBI_K2UHAEVuBTY5KQMMXC0RPyoVERQdMgM9ejc\" loading=\"lazy\" decoding=\"async\"\/> <\/p>\n<p>Aktor nie ukrywa\u0142 te\u017c, \u017ce jego zerwanie z\u00a0na\u0142ogiem nie by\u0142o \u0142atw\u0105 drog\u0105. Borys tu\u017c po narodzinach swojej <a href=\"https:\/\/www.pudelek.pl\/dorosla-corka-borysa-szyca-pojawila-sie-w-halo-tu-polsat-podobna-do-taty-foto-7269278618810464a\" rel=\"noopener noreferrer nofollow\" target=\"_blank\">c\u00f3rki Soni<\/a> pr\u00f3bowa\u0142 rzuci\u0107 alkohol, jednak jak sam przyzna\u0142 nie by\u0142 wtedy \u015bwiadomy skali swojego problemu. <\/p>\n<p>Nie \u017ce w\u00f3da, nie \u017ce na piwsko idziemy\u2026 No wi\u0119c pierwszy raz by\u0142em u\u00a0Woronowicza te na\u015bcie lat temu i\u00a0on od razu wychwyci\u0142, \u017ce jeszcze nie jestem gotowy. M\u00f3wi: &#8222;Pan jest chory? Panu si\u0119 wydaje, \u017ce pan jest chory?&#8221; &#8222;W\u0142a\u015bnie, chyba nie jestem&#8221;\u2026 &#8222;To po co pan do mnie przychodzi? Pan idzie si\u0119 nachleje. Pan najwy\u017cej zdechnie na ulicy&#8221;. Pomy\u015bla\u0142em, \u017ce to jaki\u015b cham. Jak on si\u0119 mo\u017ce w\u00a0og\u00f3le tak odzywa\u0107? Wiesz, do wielkiej gwiazdy, jak on \u015bmie tak si\u0119 odezwa\u0107? &#8211; t\u0142umaczy\u0142.<\/p>\n<p>Szyc pod wp\u0142ywem alkoholu doprowadzi\u0142 do wypadku<\/p>\n<p>W\u00a02008\u00a0r. Szyc, prowadz\u0105c auto pod wp\u0142ywem, doprowadzi\u0142 do wypadku. Nawet to nie sk\u0142oni\u0142o go do refleksji na temat swojego uzale\u017cnienia.<\/p>\n<p> <img role=\"presentation\" class=\"absolute left-1\/2 top-1\/2 max-h-[80%] max-w-[100px] -translate-x-1\/2 -translate-y-1\/2\" src=\"https:\/\/v.wpimg.pl\/ZXJfd3AudTkrBBIAbg54LGhcRlAxHQUrPgJGH2MAeGJoSQ1eIBI_K2UHAEVuBTY5KQMMXC0RPyoVERQdMgM9ejc\" loading=\"lazy\" decoding=\"async\"\/> <\/p>\n<p>Zosta\u0142em zatrzymany, jak po pijaku prowadzi\u0142em auto. Zabrali mi prawo jazdy. Wiesz, to ju\u017c powinno by\u0107 takie otrz\u0105\u015bni\u0119cie. W\u00a0og\u00f3le fart, \u017ce nikomu nic nie zrobi\u0142em. To jest jakie\u015b szcz\u0119\u015bcie w\u00a0nieszcz\u0119\u015bciu. Ale nadal mnie to nie otrze\u017awi\u0142o. Pomy\u015bla\u0142em: A, no to w\u00a0takim razie nie powinienem je\u017adzi\u0107. Kupi\u0142em auto, wynaj\u0105\u0142em kierowc\u0119, zrobi\u0142em sobie z\u00a0ty\u0142u barek i\u00a0je\u017adzi\u0142em z\u00a0kierowc\u0105 &#8211; t\u0142umaczy\u0142.<\/p>\n<p>Aktor przesta\u0142 pi\u0107 dla swojej c\u00f3rki<\/p>\n<p>Prawdziwa ch\u0119\u0107 podj\u0119cia leczenia pojawi\u0142a si\u0119 u\u00a0artysty z\u00a0czasem. G\u0142\u00f3wnymi zapalnikami by\u0142y ukochana c\u00f3rka i\u00a0zawodzenie w\u00a0roli ojca.<\/p>\n<p>ZOBACZ TAK\u017bE: <a href=\"https:\/\/www.pudelek.pl\/zanim-wzial-slub-z-justyna-naglowska-borys-szyc-byl-niezlym-casanova-oto-lista-jego-wszystkich-zwiazkow-zdjecia-7325705242470496g\" rel=\"noopener noreferrer nofollow\" target=\"_blank\">Zanim wzi\u0105\u0142 \u015blub z\u00a0Justyn\u0105 Nag\u0142owsk\u0105, Borys Szyc by\u0142 niez\u0142ym CASANOV\u0104. Oto lista jego WSZYSTKICH zwi\u0105zk\u00f3w (ZDJ\u0118CIA)<\/a><\/p>\n<p> <img role=\"presentation\" class=\"absolute left-1\/2 top-1\/2 max-h-[80%] max-w-[100px] -translate-x-1\/2 -translate-y-1\/2\" src=\"https:\/\/v.wpimg.pl\/ZXJfd3AudTkrBBIAbg54LGhcRlAxHQUrPgJGH2MAeGJoSQ1eIBI_K2UHAEVuBTY5KQMMXC0RPyoVERQdMgM9ejc\" loading=\"lazy\" decoding=\"async\"\/> <\/p>\n<p>No wi\u0119c naprawd\u0119 trzeba chyba co\u015b wa\u017cnego straci\u0107, prze\u017cy\u0107\u2026 Moj\u0105 g\u0142\u00f3wn\u0105 my\u015bl\u0105 by\u0142a ch\u0119\u0107 odzyskania szacunku do siebie. I\u00a0taki strach, \u017ceby moje dziecko ju\u017c nigdy nie zobaczy\u0142o pijanego ojca. Oczywi\u015bcie to, \u017ce ja nie by\u0142em wtedy z\u00a0moj\u0105 partnerk\u0105 i\u00a0Sonia wychowywa\u0142a si\u0119 osobno, te\u017c u\u0142atwia\u0142o mi picie. To znaczy jak mia\u0142em si\u0119 z\u00a0Soni\u0105 spotka\u0107, doprowadza\u0142em si\u0119 do porz\u0105dku. Ale czasami si\u0119 nie doprowadza\u0142em. Czasami by\u0142em tak wczorajszy, \u017ce nie sp\u0119dza\u0142em czasu z\u00a0ni\u0105, tylko my\u015bla\u0142em o\u00a0tym, kiedy wreszcie b\u0119dzie mo\u017cna si\u0119 napi\u0107, albo\u2026 pi\u0142em przy dziecku. To by\u0142o dla mnie najgorsze upodlenie. Wiesz, wozi\u0142em j\u0105 autem na kacu. Dopiero po latach si\u0119 orientujesz, \u017ce by\u0142e\u015b o\u00a0krok od takiej tragedii, kt\u00f3rej nie da\u0142oby si\u0119 ju\u017c odwr\u00f3ci\u0107 opowiadaniem o\u00a0tym, wywiadem, czymkolwiek. M\u00f3g\u0142bym ju\u017c tylko zako\u0144czy\u0107 \u017cycie &#8211; podsumowa\u0142.<\/p>\n<p> <img role=\"presentation\" class=\"absolute left-1\/2 top-1\/2 max-h-[80%] max-w-[100px] -translate-x-1\/2 -translate-y-1\/2\" src=\"https:\/\/v.wpimg.pl\/ZXJfd3AudTkrBBIAbg54LGhcRlAxHQUrPgJGH2MAeGJoSQ1eIBI_K2UHAEVuBTY5KQMMXC0RPyoVERQdMgM9ejc\" loading=\"lazy\" decoding=\"async\"\/> <\/p>\n<p>Gdzie szuka\u0107 pomocy? Je\u015bli znajdujesz si\u0119 w\u00a0trudnej sytuacji i\u00a0chcesz porozmawia\u0107 z\u00a0psychologiem, dzwo\u0144 pod bezp\u0142atny numer 116\u00a0123\u00a0lub 22\u00a0484\u00a088\u00a001. List\u0119 miejsc, w\u00a0kt\u00f3rych mo\u017cesz szuka\u0107 pomocy, znajdziesz te\u017c <a href=\"https:\/\/portal.abczdrowie.pl\/depresja-mysli-samobojcze-kryzys-psychiczny-gdzie-szukac-bezplatnej-pomocy\/6955696872917536a\" rel=\"noopener noreferrer nofollow\" target=\"_blank\">TUTAJ<\/a>. <\/p>\n<p>     <img decoding=\"async\" src=\"https:\/\/www.europesays.com\/pl\/wp-content\/uploads\/2026\/09\/OWVhYTcwYDY3Ci9nTAxtI3RSez0KVWN1I0pjdkwUYGVjW2ssUEJ2ZnkOMDgGBSonOUY-JhYHLiAmRik4TBY_PnkeaHsHHjwnOgkg.jpeg\" width=\"2532\" height=\"3591\" loading=\"lazy\" class=\"wp-media-image\" alt=\"Borys Szyc\" data-lightbox=\"true\" data-source=\"\u00a9 KAPiF\" data-caption=\"Borys Szyc\"\/>Borys Szyc \u00a9 KAPiF     <img decoding=\"async\" src=\"https:\/\/www.europesays.com\/pl\/wp-content\/uploads\/2026\/09\/MTc0NTdlYjUCUjhnSxdvIEEKbD0NTmF2FhJ0dksPYmdTAHwsUFl9ZExWJzgBHigkDB4pJhEcLCMTHj44Sw09PUxGf3sABT4kD1E3.jpeg\" width=\"3002\" height=\"4500\" loading=\"lazy\" class=\"wp-media-image\" alt=\"Borys Szyc\" data-lightbox=\"true\" data-source=\"\u00a9 KAPiF\" data-caption=\"Borys Szyc\"\/>Borys Szyc \u00a9 KAPiF <img role=\"presentation\" class=\"absolute left-1\/2 top-1\/2 max-h-[80%] max-w-[100px] -translate-x-1\/2 -translate-y-1\/2\" src=\"https:\/\/v.wpimg.pl\/ZXJfd3AudTkrBBIAbg54LGhcRlAxHQUrPgJGH2MAeGJoSQ1eIBI_K2UHAEVuBTY5KQMMXC0RPyoVERQdMgM9ejc\" loading=\"lazy\" decoding=\"async\"\/>     <img decoding=\"async\" src=\"https:\/\/www.europesays.com\/pl\/wp-content\/uploads\/2026\/09\/ZGFkMjQ3dSYnCTtZfkh4M2RRbwM4EXZlM0l3SH5QdXVyWn4SYgVrcGkNJAY0QT83KUUqGCRDOzA2RT0GflIqLmkdfEU1Wik3Kgo0.jpeg\" width=\"2413\" height=\"3617\" loading=\"lazy\" class=\"wp-media-image\" alt=\"Borys Szyc\" data-lightbox=\"true\" data-source=\"\u00a9 KAPiF\" data-caption=\"Borys Szyc\"\/>Borys Szyc \u00a9 KAPiF<\/p>\n","protected":false},"excerpt":{"rendered":"Klikaj, zanim wszyscy zaczn\u0105 o tym m\u00f3wi\u0107! Gwiazdy, skandale i momenty, o kt\u00f3rych jutro b\u0119dzie g\u0142o\u015bno. Borys Szyc&hellip;\n","protected":false},"author":2,"featured_media":666660,"comment_status":"","ping_status":"","sticky":false,"template":"","format":"standard","meta":{"footnotes":"","_share_on_mastodon":"0"},"categories":[22],"tags":[122,42,38,40,39,41,123],"class_list":["post-666659","post","type-post","status-publish","format-standard","has-post-thumbnail","category-rozrywka","tag-entertainment","tag-pl","tag-poland","tag-polish","tag-polska","tag-polski","tag-rozrywka"],"share_on_mastodon":{"url":"https:\/\/pubeurope.com\/@pl\/117212087772846866","error":""},"_links":{"self":[{"href":"https:\/\/www.europesays.com\/pl\/wp-json\/wp\/v2\/posts\/666659","targetHints":{"allow":["GET"]}}],"collection":[{"href":"https:\/\/www.europesays.com\/pl\/wp-json\/wp\/v2\/posts"}],"about":[{"href":"https:\/\/www.europesays.com\/pl\/wp-json\/wp\/v2\/types\/post"}],"author":[{"embeddable":true,"href":"https:\/\/www.europesays.com\/pl\/wp-json\/wp\/v2\/users\/2"}],"replies":[{"embeddable":true,"href":"https:\/\/www.europesays.com\/pl\/wp-json\/wp\/v2\/comments?post=666659"}],"version-history":[{"count":0,"href":"https:\/\/www.europesays.com\/pl\/wp-json\/wp\/v2\/posts\/666659\/revisions"}],"wp:featuredmedia":[{"embeddable":true,"href":"https:\/\/www.europesays.com\/pl\/wp-json\/wp\/v2\/media\/666660"}],"wp:attachment":[{"href":"https:\/\/www.europesays.com\/pl\/wp-json\/wp\/v2\/media?parent=666659"}],"wp:term":[{"taxonomy":"category","embeddable":true,"href":"https:\/\/www.europesays.com\/pl\/wp-json\/wp\/v2\/categories?post=666659"},{"taxonomy":"post_tag","embeddable":true,"href":"https:\/\/www.europesays.com\/pl\/wp-json\/wp\/v2\/tags?post=666659"}],"curies":[{"name":"wp","href":"https:\/\/api.w.org\/{rel}","templated":true}]}}