{"id":66667,"date":"2025-10-24T17:40:08","date_gmt":"2025-10-24T17:40:08","guid":{"rendered":"https:\/\/www.europesays.com\/pl\/66667\/"},"modified":"2025-10-24T17:40:08","modified_gmt":"2025-10-24T17:40:08","slug":"akcje-tauronu-przekroczyly-10-zl-to-najwyzszy-poziom-od-debiutu-gieldowego","status":"publish","type":"post","link":"https:\/\/www.europesays.com\/pl\/66667\/","title":{"rendered":"Akcje Tauronu przekroczy\u0142y 10 z\u0142. To najwy\u017cszy poziom od debiutu gie\u0142dowego"},"content":{"rendered":"<p>2025-10-24 15:24<\/p>\n<p>publikacja<br \/>2025-10-24 15:24<\/p>\n<p>Podziel si\u0119<\/p>\n<p>Kurs akcji Tauronu na pi\u0105tkowej sesji przekroczy\u0142 10 z\u0142, to najwy\u017csza cena od czasu debiutu gie\u0142dowego tej sp\u00f3\u0142ki w czerwcu 2010 r. Od pocz\u0105tku br. cena akcji wzros\u0142a o 160 proc. \u2013 podali przedstawiciele energetycznej firmy. Gie\u0142dowa wycena sp\u00f3\u0142ki zbli\u017ca si\u0119 do 18 mld z\u0142.<\/p>\n<p><img decoding=\"async\" class=\"o-graphics-multiobject__inner-blurry-picture-img\" src=\"https:\/\/www.europesays.com\/pl\/wp-content\/uploads\/2025\/10\/da6feccbb6930d-948-568-57-0-1715-1029.jpg\" width=\"948\" height=\"568\" alt=\"Akcje Tauronu przekroczy\u0142y 10 z\u0142. To najwy\u017cszy poziom od debiutu gie\u0142dowego\" loading=\"lazy\"\/><img decoding=\"async\" class=\"o-graphics-multiobject__item webfeedsFeaturedVisual\" src=\"https:\/\/www.europesays.com\/pl\/wp-content\/uploads\/2025\/10\/da6feccbb6930d-948-568-57-0-1715-1029.jpg\" width=\"948\" height=\"568\" alt=\"Akcje Tauronu przekroczy\u0142y 10 z\u0142. To najwy\u017cszy poziom od debiutu gie\u0142dowego\" loading=\"lazy\"\/>fot. Longfin Media \/ \/\u00a0Shutterstock<\/p>\n<p>Jak napisali przedstawiciele Tauronu w komunikacie prasowym, wysoki wzrost warto\u015bci rynkowej w tak kr\u00f3tkim czasie to efekt \u201esystematycznej pracy zarz\u0105du, rady nadzorczej oraz wszystkich pracowniczek i pracownik\u00f3w Grupy Tauron\u201d.<\/p>\n<p>S\u0142u\u017cby prasowe koncernu przypomnia\u0142y, \u017ce w ci\u0105gu ostatniego roku sp\u00f3\u0142ka zaprezentowa\u0142a now\u0105 strategi\u0119 rozwoju, pozyska\u0142a rekordowe finansowanie z Krajowego Planu Odbudowy w wysoko\u015bci ponad 16 mld z\u0142 i przygotowa\u0142a szereg innowacyjnych rozwi\u0105za\u0144. Stabiln\u0105 sytuacj\u0119 finansow\u0105 i dzia\u0142anie podejmowane przez Grup\u0119 w ostatnich tygodniach doceni\u0142a r\u00f3wnie\u017c agencja ratingowa Fitch zmieniaj\u0105c perspektyw\u0119 rating\u00f3w dla sp\u00f3\u0142ki ze stabilnej na pozytywn\u0105 \u2013 zaznaczyli przedstawiciele Tauronu.<\/p>\n<p><img decoding=\"async\" alt=\"\" class=\"o-graphics-multiobject__inner-blurry-picture-img\" height=\"515\" loading=\"lazy\" src=\"https:\/\/www.europesays.com\/pl\/wp-content\/uploads\/2025\/10\/1150668361a3a5-948-515-0-0-974-530.jpg\" width=\"948\"\/><\/p>\n<p><a href=\"https:\/\/www.bankier.pl\/inwestowanie\/profile\/quote.html?symbol=TAURONPE\" rel=\"nofollow noopener\" target=\"_blank\"><\/p>\n<p><img decoding=\"async\" alt=\"\" class=\"o-graphics-multiobject__item webfeedsFeaturedVisual\" height=\"515\" loading=\"lazy\" src=\"https:\/\/www.europesays.com\/pl\/wp-content\/uploads\/2025\/10\/1150668361a3a5-948-515-0-0-974-530.jpg\" width=\"948\"\/><\/p>\n<p><\/a><\/p>\n<p> Bankier.pl<\/p>\n<p>Cytowany w komunikacie prezes Tauron Polska Energia Grzegorz Lot zwr\u00f3ci\u0142 uwag\u0119, \u017ce przekroczenie poziomu 10 z\u0142 za akcj\u0119 oznacza ponad 160-procentowy wzrost od pocz\u0105tku roku, kiedy kurs akcji kszta\u0142towa\u0142 si\u0119 na poziomie 3,80 z\u0142. Od czasu rozpocz\u0119cia pracy obecnego zarz\u0105du &#8211; od marca 2024 r. &#8211; wzrost kursu akcji wyni\u00f3s\u0142 ju\u017c 230 proc., za czym w opinii prezesa stoi \u201ezaanga\u017cowanie i konsekwentna realizacja za\u0142o\u017ce\u0144, zaprezentowanej pod koniec ubieg\u0142ego roku strategii\u201d.<\/p>\n<blockquote>\n<p>&#8211; Niezmiernie cieszy nas fakt, \u017ce sp\u00f3\u0142ka jest bardzo dobrze oceniana z wielu perspektyw \u2013 klient\u00f3w, akcjonariuszy, instytucji finansuj\u0105cych oraz agencji ratingowej. Wierz\u0119, \u017ce przekroczenie tego symbolicznego poziomu b\u0119dzie impulsem do dalszego wzrostu zainteresowania sp\u00f3\u0142k\u0105, zar\u00f3wno w\u015br\u00f3d inwestor\u00f3w instytucjonalnych, jak i indywidualnych. Odbieram to r\u00f3wnie\u017c jako pozytywny trend w odniesieniu do ca\u0142ego sektora energetycznego, kt\u00f3ry jest obecnie postrzegany jako atrakcyjny obszar inwestycyjny w kontek\u015bcie dokonuj\u0105cej si\u0119 zielonej transformacji \u2013 podsumowa\u0142 prezes Lot.<\/p>\n<\/blockquote>\n<p>Tauron Polska Energia to sp\u00f3\u0142ka holdingowa kieruj\u0105ca grup\u0105 kapita\u0142ow\u0105 dzia\u0142aj\u0105c\u0105 w obszarze wytwarzania, dystrybucji i sprzeda\u017cy energii. Koncern nale\u017cy do najwi\u0119kszych firm w kraju \u2013 jest najwi\u0119kszym dystrybutorem pr\u0105du w Polsce oraz jednym z czo\u0142owych jego producent\u00f3w i sprzedawc\u00f3w. W sk\u0142ad Grupy Tauron wchodz\u0105 m.in. Tauron Wytwarzanie, Tauron Dystrybucja, Tauron Sprzeda\u017c, Tauron Obs\u0142uga Klienta, Tauron Ekoenergia oraz Tauron Ciep\u0142o. Od 2010 roku akcje Tauron Polska Energia SA notowane s\u0105 na Gie\u0142dzie Papier\u00f3w Warto\u015bciowych w Warszawie m.in. w indeksach WIG20 i WIG30. (PAP)<\/p>\n<p>kon\/ mick\/<\/p>\n<p>Podziel si\u0119<\/p>\n<p>Tematy<\/p>\n","protected":false},"excerpt":{"rendered":"2025-10-24 15:24 publikacja2025-10-24 15:24 Podziel si\u0119 Kurs akcji Tauronu na pi\u0105tkowej sesji przekroczy\u0142 10 z\u0142, to najwy\u017csza cena&hellip;\n","protected":false},"author":2,"featured_media":66668,"comment_status":"","ping_status":"","sticky":false,"template":"","format":"standard","meta":{"footnotes":""},"categories":[16],"tags":[113,112,42,38,40,39,41],"class_list":{"0":"post-66667","1":"post","2":"type-post","3":"status-publish","4":"format-standard","5":"has-post-thumbnail","7":"category-biznes","8":"tag-biznes","9":"tag-business","10":"tag-pl","11":"tag-poland","12":"tag-polish","13":"tag-polska","14":"tag-polski"},"share_on_mastodon":{"url":"https:\/\/pubeurope.com\/@pl\/115430373753851607","error":""},"_links":{"self":[{"href":"https:\/\/www.europesays.com\/pl\/wp-json\/wp\/v2\/posts\/66667","targetHints":{"allow":["GET"]}}],"collection":[{"href":"https:\/\/www.europesays.com\/pl\/wp-json\/wp\/v2\/posts"}],"about":[{"href":"https:\/\/www.europesays.com\/pl\/wp-json\/wp\/v2\/types\/post"}],"author":[{"embeddable":true,"href":"https:\/\/www.europesays.com\/pl\/wp-json\/wp\/v2\/users\/2"}],"replies":[{"embeddable":true,"href":"https:\/\/www.europesays.com\/pl\/wp-json\/wp\/v2\/comments?post=66667"}],"version-history":[{"count":0,"href":"https:\/\/www.europesays.com\/pl\/wp-json\/wp\/v2\/posts\/66667\/revisions"}],"wp:featuredmedia":[{"embeddable":true,"href":"https:\/\/www.europesays.com\/pl\/wp-json\/wp\/v2\/media\/66668"}],"wp:attachment":[{"href":"https:\/\/www.europesays.com\/pl\/wp-json\/wp\/v2\/media?parent=66667"}],"wp:term":[{"taxonomy":"category","embeddable":true,"href":"https:\/\/www.europesays.com\/pl\/wp-json\/wp\/v2\/categories?post=66667"},{"taxonomy":"post_tag","embeddable":true,"href":"https:\/\/www.europesays.com\/pl\/wp-json\/wp\/v2\/tags?post=66667"}],"curies":[{"name":"wp","href":"https:\/\/api.w.org\/{rel}","templated":true}]}}