{"id":666689,"date":"2026-09-04T09:53:13","date_gmt":"2026-09-04T09:53:13","guid":{"rendered":"https:\/\/www.europesays.com\/pl\/666689\/"},"modified":"2026-09-04T09:53:13","modified_gmt":"2026-09-04T09:53:13","slug":"drogowcy-pojawia-sie-dzis-na-kilku-ulicach-poznania-w-jednym-miejscu-trzeba-zwolnic-do-30-km-h","status":"publish","type":"post","link":"https:\/\/www.europesays.com\/pl\/666689\/","title":{"rendered":"Drogowcy pojawi\u0105 si\u0119 dzi\u015b na kilku ulicach Poznania. W jednym miejscu trzeba zwolni\u0107 do 30 km\/h"},"content":{"rendered":"<p><img decoding=\"async\" data-lazyloaded=\"1\" loading=\"lazy\" width=\"1170\" height=\"650\" src=\"https:\/\/www.europesays.com\/pl\/wp-content\/uploads\/2026\/09\/Zdjecie-ilustracyjne.-fot.-Bartosz-Jankowski-ZDM-1170x650.png\" class=\"attachment-kava-thumb-l size-kava-thumb-l wp-post-image\" alt=\"\"\/><\/p>\n<p class=\"isSelectedEnd\">Naprawy cz\u0105stkowe nawierzchni zaplanowano m.in. na ulicach Niegolewskich, \u015aciegiennego i Hetma\u0144skiej. Drogowcy b\u0119d\u0105 zajmowa\u0107 si\u0119 przede wszystkim ubytkami, kt\u00f3re mog\u0105 stanowi\u0107 zagro\u017cenie dla uczestnik\u00f3w ruchu.<\/p>\n<p class=\"isSelectedEnd\">Prace przewidziano tak\u017ce na ul. Hlonda. Tam naprawiane b\u0119d\u0105 bariery spr\u0119\u017cyste na jezdni prowadz\u0105cej w kierunku Mostu Lecha.<\/p>\n<p class=\"isSelectedEnd\">Ekipa drogowa pojawi si\u0119 r\u00f3wnie\u017c na ul. Krzywoustego. Roboty b\u0119d\u0105 prowadzone w pasie rozdzia\u0142u przed wjazdem do Poznania.<\/p>\n<p class=\"isSelectedEnd\">Na trzech innych ulicach wykorzystany zostanie patcher, czyli maszyna pozwalaj\u0105ca na szybkie wykonywanie napraw cz\u0105stkowych. Urz\u0105dzenie b\u0119dzie pracowa\u0107 na ulicach Brzechwy, Z\u0142otowskiej i Nagietkowej.<\/p>\n<p class=\"isSelectedEnd\">Technologia ta polega na wype\u0142nianiu ubytk\u00f3w i sp\u0119ka\u0144 nawierzchni przy u\u017cyciu grysu oraz emulsji. Kierowcy przeje\u017cd\u017caj\u0105cy w pobli\u017cu pracuj\u0105cej maszyny powinni ograniczy\u0107 pr\u0119dko\u015b\u0107 do 30 km\/h.<\/p>\n<p class=\"isSelectedEnd\">Roboty zaplanowano r\u00f3wnie\u017c na p\u00f3\u0142nocy miasta. W rejonie Naramowic i Moraska pracowa\u0107 b\u0119dzie r\u00f3wniarka wykorzystywana do poprawy stanu dr\u00f3g o nieutwardzonej nawierzchni.<\/p>\n<p>Zarz\u0105dcy dr\u00f3g apeluj\u0105 do kierowc\u00f3w, rowerzyst\u00f3w i pozosta\u0142ych uczestnik\u00f3w ruchu o zachowanie szczeg\u00f3lnej ostro\u017cno\u015bci w pobli\u017cu prowadzonych rob\u00f3t. W ci\u0105gu dnia organizacja ruchu w miejscach prac mo\u017ce ulega\u0107 czasowym zmianom.<\/p>\n","protected":false},"excerpt":{"rendered":"Naprawy cz\u0105stkowe nawierzchni zaplanowano m.in. na ulicach Niegolewskich, \u015aciegiennego i Hetma\u0144skiej. Drogowcy b\u0119d\u0105 zajmowa\u0107 si\u0119 przede wszystkim ubytkami,&hellip;\n","protected":false},"author":2,"featured_media":666690,"comment_status":"","ping_status":"","sticky":false,"template":"","format":"standard","meta":{"footnotes":"","_share_on_mastodon":"0"},"categories":[51609],"tags":[42,38,40,39,41,1817],"class_list":["post-666689","post","type-post","status-publish","format-standard","has-post-thumbnail","category-poznan","tag-pl","tag-poland","tag-polish","tag-polska","tag-polski","tag-poznan"],"share_on_mastodon":{"url":"https:\/\/pubeurope.com\/@pl\/117212166400617867","error":""},"_links":{"self":[{"href":"https:\/\/www.europesays.com\/pl\/wp-json\/wp\/v2\/posts\/666689","targetHints":{"allow":["GET"]}}],"collection":[{"href":"https:\/\/www.europesays.com\/pl\/wp-json\/wp\/v2\/posts"}],"about":[{"href":"https:\/\/www.europesays.com\/pl\/wp-json\/wp\/v2\/types\/post"}],"author":[{"embeddable":true,"href":"https:\/\/www.europesays.com\/pl\/wp-json\/wp\/v2\/users\/2"}],"replies":[{"embeddable":true,"href":"https:\/\/www.europesays.com\/pl\/wp-json\/wp\/v2\/comments?post=666689"}],"version-history":[{"count":0,"href":"https:\/\/www.europesays.com\/pl\/wp-json\/wp\/v2\/posts\/666689\/revisions"}],"wp:featuredmedia":[{"embeddable":true,"href":"https:\/\/www.europesays.com\/pl\/wp-json\/wp\/v2\/media\/666690"}],"wp:attachment":[{"href":"https:\/\/www.europesays.com\/pl\/wp-json\/wp\/v2\/media?parent=666689"}],"wp:term":[{"taxonomy":"category","embeddable":true,"href":"https:\/\/www.europesays.com\/pl\/wp-json\/wp\/v2\/categories?post=666689"},{"taxonomy":"post_tag","embeddable":true,"href":"https:\/\/www.europesays.com\/pl\/wp-json\/wp\/v2\/tags?post=666689"}],"curies":[{"name":"wp","href":"https:\/\/api.w.org\/{rel}","templated":true}]}}