{"id":666693,"date":"2026-09-04T09:55:13","date_gmt":"2026-09-04T09:55:13","guid":{"rendered":"https:\/\/www.europesays.com\/pl\/666693\/"},"modified":"2026-09-04T09:55:13","modified_gmt":"2026-09-04T09:55:13","slug":"wroclaw-improwizowane-poniedzialki-wracaja-na-scene","status":"publish","type":"post","link":"https:\/\/www.europesays.com\/pl\/666693\/","title":{"rendered":"Wroc\u0142aw: Improwizowane Poniedzia\u0142ki wracaj\u0105 na scen\u0119"},"content":{"rendered":"<p>&#13;<br \/>\n                                        &#13;<\/p>\n<p>Improwizowane Poniedzia\u0142ki rozpoczynaj\u0105 nowy sezon we Wroc\u0142awiu. Od 28 wrze\u015bnia 2026 roku aktorzy b\u0119d\u0105 spotyka\u0107 si\u0119 z publiczno\u015bci\u0105 w ka\u017cdy poniedzia\u0142ek o godz. 19:00 w Schodach Donik\u0105d przy Placu Solnym 13. W programie znalaz\u0142y si\u0119 m.in. improwizowany horror, krymina\u0142, telenowela, mockumentary oraz \u015bwi\u0105teczne morderstwa.<\/p>\n<p>&#13;<\/p>\n<p>Poniedzia\u0142kowe spektakle organizowane s\u0105 we Wroc\u0142awiu od 15 lat. W tym czasie zesp\u00f3\u0142 zagra\u0142 ju\u017c ponad 500 przedstawie\u0144, a \u017cadnego z nich nie poprzedza\u0142 gotowy scenariusz. Nowy sezon potrwa od wrze\u015bnia 2026 roku do czerwca 2027 roku.<\/p>\n<p>&#13;<\/p>\n<p>Scena Schod\u00f3w Donik\u0105d przy Placu Solnym 13 znajduje si\u0119 kilkadziesi\u0105t metr\u00f3w od wroc\u0142awskiego Rynku. To w\u0142a\u015bnie tutaj aktorzy b\u0119d\u0105 tworzy\u0107 kolejne historie wsp\u00f3lnie z publiczno\u015bci\u0105.<\/p>\n<p>&#13;<\/p>\n<p><a class=\"lightbox\" alt=\"Aktorzy Improwizowanych Poniedzia\u0142k\u00f3w podczas spektaklu na scenie we Wroc\u0142awiu\" href=\"https:\/\/www.europesays.com\/pl\/wp-content\/uploads\/2026\/09\/doba_pl_279206-ab70f8def7d84213e5929bf9353a7092_1280x720_onlyx.jpg\"><img loading=\"lazy\" decoding=\"async\" class=\"imgBigger\" src=\"https:\/\/www.europesays.com\/pl\/wp-content\/uploads\/2026\/09\/doba_pl_279206-ab70f8def7d84213e5929bf9353a7092_1280x720_onlyx.jpg\" width=\"800\" height=\"534\" border=\"0\"\/><\/a><\/p>\n<p>&#13;<br \/>\nSzekspir, krymina\u0142 i horror bez scenariusza&#13;<\/p>\n<p>Program sezonu 2026\/2027 obejmuje r\u00f3\u017cne formy improwizacji. Jesieni\u0105 publiczno\u015b\u0107 zobaczy m.in. \u201eSen Nocy Improwizowanej\u201d inspirowany \u015bwiatem Szekspira, impro dram\u0119 \u201eA mia\u0142o by\u0107 mi\u0142o\u201d, telenowel\u0119 \u201eLos Impros Telenovelas\u201d oraz hotelowe reality show \u201eHotel Improvise\u201d.<\/p>\n<p>&#13;<\/p>\n<p>W repertuarze znalaz\u0142 si\u0119 tak\u017ce thriller \u201eAmnezja\u201d. W pa\u017adzierniku powr\u00f3ci \u201eBlair Witch Impro\u201d \u2013 improwizowany horror prezentowany przez zesp\u00f3\u0142 tylko raz w sezonie, w okolicach Halloween.<\/p>\n<p>&#13;<\/p>\n<p>Listopad przyniesie \u201eImpro Crime Story\u201d. W tym formacie publiczno\u015b\u0107 podaje miejsce i motyw, a aktorzy tworz\u0105 na scenie improwizowane \u015bledztwo i pr\u00f3buj\u0105 odnale\u017a\u0107 sprawc\u0119.<\/p>\n<p>&#13;<\/p>\n<p>Nie zabraknie r\u00f3wnie\u017c mockumentary. W \u201eThe biuro\u201d akcja przeniesie si\u0119 do otwartej przestrzeni biurowej, gdzie bohaterowie b\u0119d\u0105 starali si\u0119 dobrze wypa\u015b\u0107 przed obserwuj\u0105c\u0105 ich kamer\u0105.<\/p>\n<p>&#13;<br \/>\nTen sam pocz\u0105tek, dwie r\u00f3\u017cne historie&#13;<\/p>\n<p>Jedn\u0105 z nowo\u015bci sezonu b\u0119d\u0105 wieczory z dwoma spektaklami. 16 listopada o godz. 19:00 i 21:00 zesp\u00f3\u0142 zaprezentuje \u201eTo tylko seks!\u201d.<\/p>\n<p>&#13;<\/p>\n<p>Oba przedstawienia rozpoczn\u0105 si\u0119 od tej samej sytuacji wyj\u015bciowej. Inspiracje zostan\u0105 jednak zebrane od dw\u00f3ch r\u00f3\u017cnych grup publiczno\u015bci. W rezultacie powstan\u0105 dwie odr\u0119bne historie.<\/p>\n<p>&#13;<\/p>\n<p>Format ma pokaza\u0107 jedn\u0105 z podstawowych cech improwizacji. Nawet przy identycznym punkcie wyj\u015bcia przedstawienie nie mo\u017ce zosta\u0107 odegrane drugi raz w taki sam spos\u00f3b.<\/p>\n<p>&#13;<\/p>\n<p><a class=\"lightbox\" alt=\"Aktorzy Improwizowanych Poniedzia\u0142k\u00f3w podczas spektaklu na scenie we Wroc\u0142awiu\" href=\"https:\/\/www.europesays.com\/pl\/wp-content\/uploads\/2026\/09\/doba_pl_279205-bd7b7f774eafa738e808563f9a3f9250_1280x720_onlyx.jpg\"><img loading=\"lazy\" decoding=\"async\" class=\"imgBigger\" src=\"https:\/\/www.europesays.com\/pl\/wp-content\/uploads\/2026\/09\/doba_pl_279205-bd7b7f774eafa738e808563f9a3f9250_1280x720_onlyx.jpg\" width=\"800\" height=\"534\" border=\"0\"\/><\/a><\/p>\n<p>&#13;<br \/>\n\u015awi\u0105teczne morderstwa i improwizowane kino gangsterskie&#13;<\/p>\n<p>Grudniowy repertuar r\u00f3wnie\u017c b\u0119dzie odbiega\u0142 od tradycyjnych \u015bwi\u0105tecznych historii. Podczas \u201eMorderczych Miko\u0142ajek\u201d publiczno\u015b\u0107 zdecyduje przed spektaklem, kto z obsady zostanie morderc\u0105.<\/p>\n<p>&#13;<\/p>\n<p>W programie znajd\u0105 si\u0119 tak\u017ce \u201eMistrzuniu Impro\u201d, czyli turniej improwizowanych pojedynk\u00f3w, oraz \u201eW tym roku by\u0142e\u015b niegrzeczny\u201d.<\/p>\n<p>&#13;<\/p>\n<p>28 grudnia, w tygodniu pomi\u0119dzy \u015bwi\u0119tami a Sylwestrem, aktorzy zaprosz\u0105 na \u201eW ryj da\u0107 mog\u0119 da\u0107\u201d \u2013 improwizowane kino gangsterskie na \u017cywo.<\/p>\n<p>&#13;<br \/>\n15 lat dzia\u0142alno\u015bci i ponad 29 tys. z\u0142 na cele charytatywne&#13;<\/p>\n<p>Improwizowane Poniedzia\u0142ki dzia\u0142aj\u0105 we Wroc\u0142awiu od 2011 roku. W ci\u0105gu 15 lat zesp\u00f3\u0142 zagra\u0142 ponad 500 spektakli.<\/p>\n<p>&#13;<\/p>\n<p>Kwiecie\u0144 b\u0119dzie miesi\u0105cem urodzin zespo\u0142u. Z tej okazji co roku przygotowywane s\u0105 specjalne wydarzenia i formaty.<\/p>\n<p>&#13;<\/p>\n<p>Z kolei maj b\u0119dzie Charytatywnym Miesi\u0105cem Impro. Od 2017 roku aktorzy graj\u0105 w tym czasie bez wynagrodzenia, a doch\u00f3d z przedstawie\u0144 przekazywany jest na wybrany cel charytatywny. Podczas dotychczasowych edycji uda\u0142o si\u0119 zebra\u0107 ponad 29 tys. z\u0142.<\/p>\n<p>&#13;<br \/>\nJak powstaje spektakl improwizowany?&#13;<\/p>\n<p>Aktorzy nie otrzymuj\u0105 scenariusza. Historia powstaje na \u017cywo, cz\u0119sto na podstawie jednego s\u0142owa, miejsca, imienia lub zawodu podanego przez publiczno\u015b\u0107.<\/p>\n<p>&#13;<\/p>\n<p>Widzowie nie musz\u0105 jednak wychodzi\u0107 na scen\u0119. W wi\u0119kszo\u015bci spektakli ich rola ogranicza si\u0119 do dostarczenia inspiracji. Dalszy rozw\u00f3j historii pozostaje zadaniem aktor\u00f3w.<\/p>\n<p>&#13;<\/p>\n<p>Z tego powodu ka\u017cde przedstawienie jest jednorazowe. Jedn\u0105 z podstawowych zasad zespo\u0142u jest za\u0142o\u017cenie: \u201eNie zagramy jej drugi raz\u201d.<\/p>\n<p>&#13;<br \/>\nDlaczego spektakle odbywaj\u0105 si\u0119 w poniedzia\u0142ki?&#13;<\/p>\n<p>Zesp\u00f3\u0142 od pocz\u0105tku dzia\u0142alno\u015bci gra w\u0142a\u015bnie w poniedzia\u0142ki. Ten dzie\u0144 tygodnia jest jednym z mniej oczywistych termin\u00f3w na wyj\u015bcie do teatru, dlatego sta\u0142 si\u0119 znakiem rozpoznawczym zespo\u0142u.<\/p>\n<p>&#13;<\/p>\n<p>Po 15 latach i ponad 500 spektaklach poniedzia\u0142kowe przedstawienia s\u0105 sta\u0142ym elementem dzia\u0142alno\u015bci Improwizowanych Poniedzia\u0142k\u00f3w.<\/p>\n<p>&#13;<\/p>\n<p>\u00a0<\/p>\n<p>&#13;<br \/>\nInformacje dla widz\u00f3w&#13;<\/p>\n<p>Improwizowane Poniedzia\u0142ki<\/p>\n<p>&#13;<\/p>\n<p>od 28 wrze\u015bnia 2026 roku, ka\u017cdy poniedzia\u0142ek<br \/>godz. 19:00, w wybrane dni r\u00f3wnie\u017c 21:00<br \/>Schody Donik\u0105d, Plac Solny 13, Wroc\u0142aw<br \/>wej\u015bcie od 18:30<br \/>spektakle trwaj\u0105 minimum 90 minut<br \/>bilety od 30 z\u0142<br \/>18+<\/p>\n<p>&#13;<\/p>\n<p>Miejsca na widowni nie s\u0105 numerowane. Bilety mo\u017cna kupi\u0107 online, a sprzeda\u017c na miejscu odbywa si\u0119 od godz. 18:30 do 19:00.<\/p>\n<p>&#13;<\/p>\n<p>Pe\u0142ny repertuar sezonu 2026\/2027 oraz informacje o biletach dost\u0119pne s\u0105 na stronie improwizowane.pl.<\/p>\n<p>                            &#13;<br \/>\n                \t\t\t                            &#13;<br \/>\n                                                        &#13;<br \/>\n\t\t\t\t\t\t\t            &#13;<br \/>\n                            &#13;<br \/>\n                            &#13;<\/p>\n","protected":false},"excerpt":{"rendered":"&#13; &#13; Improwizowane Poniedzia\u0142ki rozpoczynaj\u0105 nowy sezon we Wroc\u0142awiu. Od 28 wrze\u015bnia 2026 roku aktorzy b\u0119d\u0105 spotyka\u0107 si\u0119&hellip;\n","protected":false},"author":2,"featured_media":666694,"comment_status":"","ping_status":"","sticky":false,"template":"","format":"standard","meta":{"footnotes":"","_share_on_mastodon":"0"},"categories":[51607],"tags":[19952,51809,42,38,40,39,41,1853],"class_list":["post-666693","post","type-post","status-publish","format-standard","has-post-thumbnail","category-wroclaw","tag-db","tag-dw","tag-pl","tag-poland","tag-polish","tag-polska","tag-polski","tag-wroclaw"],"share_on_mastodon":{"url":"","error":""},"_links":{"self":[{"href":"https:\/\/www.europesays.com\/pl\/wp-json\/wp\/v2\/posts\/666693","targetHints":{"allow":["GET"]}}],"collection":[{"href":"https:\/\/www.europesays.com\/pl\/wp-json\/wp\/v2\/posts"}],"about":[{"href":"https:\/\/www.europesays.com\/pl\/wp-json\/wp\/v2\/types\/post"}],"author":[{"embeddable":true,"href":"https:\/\/www.europesays.com\/pl\/wp-json\/wp\/v2\/users\/2"}],"replies":[{"embeddable":true,"href":"https:\/\/www.europesays.com\/pl\/wp-json\/wp\/v2\/comments?post=666693"}],"version-history":[{"count":0,"href":"https:\/\/www.europesays.com\/pl\/wp-json\/wp\/v2\/posts\/666693\/revisions"}],"wp:featuredmedia":[{"embeddable":true,"href":"https:\/\/www.europesays.com\/pl\/wp-json\/wp\/v2\/media\/666694"}],"wp:attachment":[{"href":"https:\/\/www.europesays.com\/pl\/wp-json\/wp\/v2\/media?parent=666693"}],"wp:term":[{"taxonomy":"category","embeddable":true,"href":"https:\/\/www.europesays.com\/pl\/wp-json\/wp\/v2\/categories?post=666693"},{"taxonomy":"post_tag","embeddable":true,"href":"https:\/\/www.europesays.com\/pl\/wp-json\/wp\/v2\/tags?post=666693"}],"curies":[{"name":"wp","href":"https:\/\/api.w.org\/{rel}","templated":true}]}}