{"id":666699,"date":"2026-09-04T09:58:13","date_gmt":"2026-09-04T09:58:13","guid":{"rendered":"https:\/\/www.europesays.com\/pl\/666699\/"},"modified":"2026-09-04T09:58:13","modified_gmt":"2026-09-04T09:58:13","slug":"terytorialsi-wykonywali-pomiary-dla-naukowcow-z-pan-u","status":"publish","type":"post","link":"https:\/\/www.europesays.com\/pl\/666699\/","title":{"rendered":"Terytorialsi wykonywali pomiary dla naukowc\u00f3w z PAN-u"},"content":{"rendered":"<p>&#13;<br \/>\n  Wojskowa rzetelno\u015b\u0107 i dyscyplina na us\u0142ugach nauki. Przez rok \u017co\u0142nierze z sze\u015bciu brygad obrony terytorialnej wsp\u00f3\u0142pracowali z naukowcami z Instytutu Fizyki J\u0105drowej Polskiej Akademii Nauk w Krakowie. Terytorialsi w czasie wolnym od s\u0142u\u017cby wykonywali pomiary w ramach monitoringu promieniowania jonizuj\u0105cego w miejscach aktualnego pobytu, a nast\u0119pnie przekazywali dane do IFJ PAN.&#13;\n<\/p>\n<p>&#13;<br \/>\n  &#13;<br \/>\n    <img loading=\"lazy\" decoding=\"async\" style=\"display: block; margin-left: auto; margin-right: auto;\" src=\"https:\/\/www.europesays.com\/pl\/wp-content\/uploads\/2026\/09\/111285.jpeg\" alt=\"\" width=\"800\" height=\"533\"\/>&#13;<br \/>\n  &#13;\n<\/p>\n<p>Chodzi o realizowany w Polsce, Czechach i na S\u0142owacji projekt CITISTRA. W naszym kraju jego koordynatorem jest Instytut Fizyki J\u0105drowej PAN w Krakowie. W zwi\u0105zku z wojn\u0105 w Ukrainie i zwi\u0119kszonym ryzykiem naruszenia integralno\u015bci elektrowni atomowych w regionie naukowcy wdra\u017caj\u0105 i testuj\u0105 obywatelski system monitorowania promieniowania jonizuj\u0105cego, kt\u00f3ry w przysz\u0142o\u015bci m\u00f3g\u0142by uzupe\u0142nia\u0107 dane ze sta\u0142ych punkt\u00f3w pomiarowych. W ramach projektu CITISTRA w Polsce obywatelskie pomiary promieniowania jonizuj\u0105cego by\u0142y realizowane w wojew\u00f3dztwach: \u015bl\u0105skim, ma\u0142opolskim, \u015bwi\u0119tokrzyskim, podkarpackim i lubelskim. W ich przeprowadzanie zaanga\u017cowani byli m.in. stra\u017cacy, stacje sanitarno-epidemiologiczne, urz\u0119dy gmin, nadle\u015bnictwa oraz w\u0142a\u015bnie \u017co\u0142nierze wojsk obrony terytorialnej.<\/p>\n<p>Z pomoc\u0105 naukowcom przyszli terytorialsi z sze\u015bciu brygad OT: 3 Podkarpackiej, 2 Lubelskiej, 10 \u015awi\u0119tokrzyskiej, 13 \u015al\u0105skiej, 19 Nadbu\u017ca\u0144skiej oraz 20 Przemyskiej. W projekt zaanga\u017cowanych by\u0142o w sumie 97 \u017co\u0142nierzy WOT-u. To oni zajmowali si\u0119 koordynacj\u0105 projektu na poziomie Dow\u00f3dztwa WOT i brygad OT oraz w czasie wolnym od s\u0142u\u017cby przeprowadzali pomiary mocy dawki promieniowania jonizuj\u0105cego przy u\u017cyciu detektor\u00f3w CzechRad. \u2013 W naszej brygadzie poziom promieniowania jonizuj\u0105cego mierzy\u0142o dziesi\u0119ciu \u017co\u0142nierzy, w\u0142\u0105cznie ze mn\u0105. Naszym obowi\u0105zkiem by\u0142o wykonanie przynajmniej jednego pomiaru w miesi\u0105cu, trwaj\u0105cego minimum 15 minut. W praktyce dokonywali\u015bmy o wiele wi\u0119cej takich pomiar\u00f3w. Po sko\u0144czeniu badania wype\u0142niali\u015bmy ankiet\u0119, w kt\u00f3rej zapisywali\u015bmy dat\u0119, miejsce pomiaru, po\u0142o\u017cenie detektora itp., oraz przekazywali\u015bmy naukowcom plik z wynikami, wygenerowany przez urz\u0105dzenie \u2013 t\u0142umaczy m\u0142. chor. Jacek Zima, dow\u00f3dca o\u015brodka analizy ska\u017ce\u0144 3 Podkarpackiej Brygady Obrony Terytorialnej, kt\u00f3ry by\u0142 koordynatorem projektu w swoim zwi\u0105zku taktycznym.<\/p>\n<p>Jak dodaje, na szcz\u0119\u015bcie w przypadku jego pomiar\u00f3w, dokonywanych tak\u017ce w czasie d\u0142ugich podr\u00f3\u017cy, detektor ani razu nie wskaza\u0142 przekroczenia dopuszczalnego poziomu promieniowania jonizuj\u0105cego. Jak m\u00f3wi, udzia\u0142 w projekcie i wsparcie naukowc\u00f3w okaza\u0142y si\u0119 bardzo warto\u015bciowe. \u2013 W ka\u017cdej brygadzie dzia\u0142a O\u015brodek Analizy Ska\u017ce\u0144, kt\u00f3rego zadaniem jest m.in. gromadzenie i przetwarzanie danych o u\u017cyciu broni masowego ra\u017cenia (BMR), awariach przemys\u0142owych, incydentach CBRN (zagro\u017cenia chemiczne, biologiczne, radiologiczne oraz nuklearne) z podleg\u0142ych \u017ar\u00f3de\u0142 i sieci wykrywania oraz prognozowanie ska\u017ce\u0144 chemicznych, biologicznych i promieniotw\u00f3rczych. Tak wi\u0119c udzia\u0142 w tym projekcie, zwi\u0105zany m.in. z nauk\u0105 obs\u0142ugi detektor\u00f3w CzechRad, by\u0142 dla nas bardzo cennym do\u015bwiadczeniem, a nabyta wiedza pozwoli nam doskonali\u0107 system wykrywania ska\u017ce\u0144 w WOT \u2013 podkre\u015bla m\u0142. chor. Zima.<\/p>\n<p>Na koniec realizacji pomiar\u00f3w naukowcy wr\u0119czyli terytorialsom certyfikaty potwierdzaj\u0105ce udzia\u0142 w projekcie oraz wykonywanie przez nich pomiar\u00f3w. W uroczysto\u015bci, kt\u00f3ra odby\u0142a si\u0119 w siedzibie 3 Podkarpackiej Brygady OT, udzia\u0142 wzi\u0119li przedstawiciele Dow\u00f3dztwa WOT, \u017co\u0142nierze z brygad, kt\u00f3re zaanga\u017cowane by\u0142y w przedsi\u0119wzi\u0119cie, a tak\u017ce przedstawiciele Instytutu Fizyki J\u0105drowej Polskiej Akademii Nauk w Krakowie \u2013 m.in. dr hab. in\u017c. Renata Kierepko, kt\u00f3ra podzi\u0119kowa\u0142a terytorialsom za wsparcie. Na stronie internetowej projektu badacze podkre\u015blili, \u017ce nauka mo\u017ce realnie wspiera\u0107 bezpiecze\u0144stwo radiacyjne \u2013 od poziomu lokalnego po krajowy i mi\u0119dzynarodowy. \u201eCzujemy ogromn\u0105 satysfakcj\u0119 i motywacj\u0119 do kolejnych dzia\u0142a\u0144\u201d \u2013 napisali naukowcy z Instytutu Fizyki J\u0105drowej Polskiej Akademii Nauk.<\/p>\n","protected":false},"excerpt":{"rendered":"&#13; Wojskowa rzetelno\u015b\u0107 i dyscyplina na us\u0142ugach nauki. Przez rok \u017co\u0142nierze z sze\u015bciu brygad obrony terytorialnej wsp\u00f3\u0142pracowali z&hellip;\n","protected":false},"author":2,"featured_media":666700,"comment_status":"","ping_status":"","sticky":false,"template":"","format":"standard","meta":{"footnotes":"","_share_on_mastodon":"0"},"categories":[12],"tags":[129506,129507,129508,129505,129509,129504,2891,425,129503,129502,129501,8660,52570,18211,42,38,2279,40,39,50002,52571,41,129499,129500,20735,161,5041,24498,6573],"class_list":["post-666699","post","type-post","status-publish","format-standard","has-post-thumbnail","category-polska","tag-10-swietokrzyska-brygada-ot","tag-13-slaska-brygada-ot","tag-19-nadbuzanska-brygada-ot","tag-2-lubelska-brygada-ot","tag-20-przemyska-brygada-ot","tag-3-podkarpacka-brygada-ot","tag-armia","tag-bezpieczenstwo","tag-citistra","tag-instytut-fizyki-jadrowej-polskiej-akademii-nauk-w-krakowie","tag-jacek-zima","tag-ministerstwo-obrony-narodowej","tag-obrona-narodowa","tag-oficer","tag-pl","tag-poland","tag-poligon","tag-polish","tag-polska","tag-polska-zbrojna","tag-polska-zbrojna-pl","tag-polski","tag-promieniowanie-jonizujace","tag-skazenie-chemiczne","tag-wojska-obrony-terytorialnej","tag-wojsko","tag-wojsko-polskie","tag-wot","tag-zolnierz"],"share_on_mastodon":{"url":"","error":"Validation failed: Text character limit of 500 exceeded"},"_links":{"self":[{"href":"https:\/\/www.europesays.com\/pl\/wp-json\/wp\/v2\/posts\/666699","targetHints":{"allow":["GET"]}}],"collection":[{"href":"https:\/\/www.europesays.com\/pl\/wp-json\/wp\/v2\/posts"}],"about":[{"href":"https:\/\/www.europesays.com\/pl\/wp-json\/wp\/v2\/types\/post"}],"author":[{"embeddable":true,"href":"https:\/\/www.europesays.com\/pl\/wp-json\/wp\/v2\/users\/2"}],"replies":[{"embeddable":true,"href":"https:\/\/www.europesays.com\/pl\/wp-json\/wp\/v2\/comments?post=666699"}],"version-history":[{"count":0,"href":"https:\/\/www.europesays.com\/pl\/wp-json\/wp\/v2\/posts\/666699\/revisions"}],"wp:featuredmedia":[{"embeddable":true,"href":"https:\/\/www.europesays.com\/pl\/wp-json\/wp\/v2\/media\/666700"}],"wp:attachment":[{"href":"https:\/\/www.europesays.com\/pl\/wp-json\/wp\/v2\/media?parent=666699"}],"wp:term":[{"taxonomy":"category","embeddable":true,"href":"https:\/\/www.europesays.com\/pl\/wp-json\/wp\/v2\/categories?post=666699"},{"taxonomy":"post_tag","embeddable":true,"href":"https:\/\/www.europesays.com\/pl\/wp-json\/wp\/v2\/tags?post=666699"}],"curies":[{"name":"wp","href":"https:\/\/api.w.org\/{rel}","templated":true}]}}