{"id":666707,"date":"2026-09-04T10:02:14","date_gmt":"2026-09-04T10:02:14","guid":{"rendered":"https:\/\/www.europesays.com\/pl\/666707\/"},"modified":"2026-09-04T10:02:14","modified_gmt":"2026-09-04T10:02:14","slug":"w-polsce-protestowano-przeciw-temu-filmowi-juz-dzis-w-tvp","status":"publish","type":"post","link":"https:\/\/www.europesays.com\/pl\/666707\/","title":{"rendered":"W Polsce protestowano przeciw temu filmowi. Ju\u017c dzi\u015b w TVP"},"content":{"rendered":"<p>TVP poka\u017ce dzi\u015b wieczorem polski film &#8222;Bia\u0142a odwaga&#8221; Marcina Kosza\u0142ki &#8211; produkcj\u0119, kt\u00f3ra wywo\u0142ywa\u0142a emocje jeszcze zanim trafi\u0142a do kin. Obraz dotyka trudnego fragmentu historii Podhala w czasie II wojny \u015bwiatowej i od pocz\u0105tku budzi\u0142 spory.<\/p>\n<p>    <img decoding=\"async\" src=\"https:\/\/www.europesays.com\/pl\/wp-content\/uploads\/2026\/09\/Y2VmZTYwdlM3Dyxndgx7RnRXeD0wVXUQI09gdnZGawJmFWxjbFg_WzoIKDEpGHdVJBgqNS4Hd0I6QjskMFgvA3kJMycpGzhLeQg3.jpeg\" width=\"1200\" height=\"675\" loading=\"eager\" fetchpriority=\"high\" class=\"wp-media-image\" alt=\"&quot;Bia\u0142a odwaga&quot; dzi\u015b w telewizji\"\/>&#8222;Bia\u0142a odwaga&#8221; dzi\u015b w telewizji<\/p>\n<p>\u0179r\u00f3d\u0142o zdj\u0119\u0107: \u00a9 YouTube<\/p>\n<p> 9 komentarzy  Udost\u0119pnij na Facebooku    Udost\u0119pnij na X   Udost\u0119pnij na WhatsApp   Kopiuj link <\/p>\n","protected":false},"excerpt":{"rendered":"TVP poka\u017ce dzi\u015b wieczorem polski film &#8222;Bia\u0142a odwaga&#8221; Marcina Kosza\u0142ki &#8211; produkcj\u0119, kt\u00f3ra wywo\u0142ywa\u0142a emocje jeszcze zanim trafi\u0142a&hellip;\n","protected":false},"author":2,"featured_media":666708,"comment_status":"","ping_status":"","sticky":false,"template":"","format":"standard","meta":{"footnotes":"","_share_on_mastodon":"0"},"categories":[22],"tags":[122,42,38,40,39,41,123],"class_list":["post-666707","post","type-post","status-publish","format-standard","has-post-thumbnail","category-rozrywka","tag-entertainment","tag-pl","tag-poland","tag-polish","tag-polska","tag-polski","tag-rozrywka"],"share_on_mastodon":{"url":"https:\/\/pubeurope.com\/@pl\/117212202299743402","error":""},"_links":{"self":[{"href":"https:\/\/www.europesays.com\/pl\/wp-json\/wp\/v2\/posts\/666707","targetHints":{"allow":["GET"]}}],"collection":[{"href":"https:\/\/www.europesays.com\/pl\/wp-json\/wp\/v2\/posts"}],"about":[{"href":"https:\/\/www.europesays.com\/pl\/wp-json\/wp\/v2\/types\/post"}],"author":[{"embeddable":true,"href":"https:\/\/www.europesays.com\/pl\/wp-json\/wp\/v2\/users\/2"}],"replies":[{"embeddable":true,"href":"https:\/\/www.europesays.com\/pl\/wp-json\/wp\/v2\/comments?post=666707"}],"version-history":[{"count":0,"href":"https:\/\/www.europesays.com\/pl\/wp-json\/wp\/v2\/posts\/666707\/revisions"}],"wp:featuredmedia":[{"embeddable":true,"href":"https:\/\/www.europesays.com\/pl\/wp-json\/wp\/v2\/media\/666708"}],"wp:attachment":[{"href":"https:\/\/www.europesays.com\/pl\/wp-json\/wp\/v2\/media?parent=666707"}],"wp:term":[{"taxonomy":"category","embeddable":true,"href":"https:\/\/www.europesays.com\/pl\/wp-json\/wp\/v2\/categories?post=666707"},{"taxonomy":"post_tag","embeddable":true,"href":"https:\/\/www.europesays.com\/pl\/wp-json\/wp\/v2\/tags?post=666707"}],"curies":[{"name":"wp","href":"https:\/\/api.w.org\/{rel}","templated":true}]}}