{"id":666719,"date":"2026-09-04T10:08:09","date_gmt":"2026-09-04T10:08:09","guid":{"rendered":"https:\/\/www.europesays.com\/pl\/666719\/"},"modified":"2026-09-04T10:08:09","modified_gmt":"2026-09-04T10:08:09","slug":"ustawa-o-kryptowalutach-upadla-mocne-slowa-tuska-przed-decyzja-sejmu-wprost","status":"publish","type":"post","link":"https:\/\/www.europesays.com\/pl\/666719\/","title":{"rendered":"Ustawa o kryptowalutach upad\u0142a. Mocne s\u0142owa Tuska przed decyzj\u0105 Sejmu \u2013 Wprost"},"content":{"rendered":"\n<p>&#13;<br \/>\nSejm nie\u00a0zdo\u0142a\u0142 odrzuci\u0107 prezydenckiego weta do\u00a0rz\u0105dowej ustawy o\u00a0rynku kryptoaktyw\u00f3w. Wniosek nie\u00a0uzyska\u0142 wymaganej wi\u0119kszo\u015bci trzech pi\u0105tych g\u0142os\u00f3w. Oznacza to\u00a0zako\u0144czenie prac nad ustaw\u0105 w\u00a0jej obecnym kszta\u0142cie. Za\u00a0odrzuceniem weta opowiada\u0142y si\u0119 KO, PSL, Lewica, Centrum i\u00a0Razem. Jego podtrzymanie zapowiada\u0142y PiS, Konfederacja oraz\u00a0Rozw\u00f3j Plus. G\u0142os\u00f3w zwolennik\u00f3w ustawy okaza\u0142o si\u0119 za\u00a0ma\u0142o, by\u00a0prze\u0142ama\u0107 decyzj\u0119 prezydenta. Za\u00a0odrzuceniem weta zag\u0142osowa\u0142o 241 pos\u0142\u00f3w, 198 by\u0142o przeciw, a\u00a0trzech wstrzyma\u0142o si\u0119 od\u00a0g\u0142osu. Przy udziale 442 pos\u0142\u00f3w wymagana wi\u0119kszo\u015b\u0107 trzech pi\u0105tych wynosi\u0142a 266 g\u0142os\u00f3w. &#13;\n<\/p>\n<p>Tusk cytowa\u0142 \u015bwiadka Zondacrypto. \u201eUkr\u0119ci \u0142eb wszystkim tym sprawom\u201d<\/p>\n<p>&#13;<br \/>\nBezpo\u015brednio przed g\u0142osowaniem Donald Tusk wszed\u0142 na\u00a0m\u00f3wnic\u0119 sejmow\u0105 i\u00a0odczyta\u0142 fragment protoko\u0142u przes\u0142uchania kluczowego \u015bwiadka w\u00a0\u015bledztwie dotycz\u0105cym Zondacrypto. &#13;\n<\/p>\n<p> \u2013 Zbyszek zapozna\u0142 si\u0119 z\u00a0aktami. M\u00f3wi, \u017ce\u00a0gdyby wiedzia\u0142, \u017ce\u00a0taka sprawa si\u0119 toczy, to\u00a0natychmiast by\u00a0interweniowa\u0142. Obieca\u0142, \u017ce\u00a0jak wr\u00f3ci do\u00a0w\u0142adzy w\u00a0Ministerstwie Sprawiedliwo\u015bci, czego jest pewien, to\u00a0ukr\u0119ci \u0142eb wszystkim tym sprawom \u2013\u00a0cytowa\u0142 premier. <\/p>\n<p>&#13;<br \/>\nZ przytoczonych przez Tuska zezna\u0144 wynika\u0142o r\u00f3wnie\u017c, \u017ce\u00a0\u201erekompensata\u201d dla\u00a0ministra Ziobry mia\u0142a zosta\u0107 przekazana za\u00a0po\u015brednictwem fundacji za\u0142o\u017conej przez jego brata. Premier wskaza\u0142 kwot\u0119 2\u00a0mln z\u0142. Wed\u0142ug cytowanego \u015bwiadka 500 tys. z\u0142 mia\u0142o trafi\u0107 do\u00a0fundacji, a\u00a0Ziobro mia\u0142 wykorzysta\u0107 pieni\u0105dze na\u00a0w\u0142asne potrzeby. &#13;\n<\/p>\n<p>W zeznaniach pojawi\u0142o si\u0119 nazwisko Patrycji Koteckiej<\/p>\n<p>&#13;<br \/>\nTusk odczyta\u0142 r\u00f3wnie\u017c fragment, wed\u0142ug kt\u00f3rego \u201eg\u0142\u00f3wn\u0105 rol\u0119 w\u00a0tym procederze\u201d mia\u0142a odegra\u0107 Patrycja Kotecka, \u017cona Zbigniewa Ziobry. W\u00a0dalszej cz\u0119\u015bci zezna\u0144 \u015bwiadek mia\u0142 przyzna\u0107, \u017ce\u00a0zap\u0142aci\u0142 w\u00a0zamian za\u00a0obietnic\u0119 rozwi\u0105zania jego problem\u00f3w prawnych. Jak relacjonowa\u0142 premier, nieujawniona z\u00a0nazwiska \u201epublicznie znana osoba\u201d mia\u0142a obieca\u0107 za\u0142atwienie u\u0142askawienia, gdyby \u015bwiadek zosta\u0142 skazany po\u00a0obj\u0119ciu urz\u0119du prezydenta przez Karola Nawrockiego. &#13;\n<\/p>\n<p>&#13;<br \/>\nPrzytoczone przez Tuska fragmenty s\u0105 zeznaniami z\u0142o\u017conymi w\u00a0prowadzonym post\u0119powaniu. Zawarte w\u00a0nich twierdzenia podlegaj\u0105 weryfikacji przez \u015bledczych. &#13;\n<\/p>\n<p>KNF nie\u00a0otrzyma nowych uprawnie\u0144<\/p>\n<p>&#13;<br \/>\nUstawa mia\u0142a umo\u017cliwi\u0107 pe\u0142ne stosowanie w\u00a0Polsce unijnego rozporz\u0105dzenia MiCA, reguluj\u0105cego rynek kryptoaktyw\u00f3w. Komisja Nadzoru Finansowego mia\u0142a zosta\u0107 organem odpowiedzialnym za\u00a0nadzorowanie bran\u017cy. Przepisy pozwala\u0142y KNF mi\u0119dzy innymi blokowa\u0107 rachunki pieni\u0119\u017cne i\u00a0rachunki kryptoaktyw\u00f3w, wstrzymywa\u0107 podejrzane transakcje oraz\u00a0nak\u0142ada\u0107 kary na\u00a0emitent\u00f3w token\u00f3w i\u00a0po\u015brednik\u00f3w naruszaj\u0105cych prawo. &#13;\n<\/p>\n<p>&#13;<br \/>\nKomisja mia\u0142a te\u017c prowadzi\u0107 rejestr nieuczciwych domen internetowych wykorzystywanych do\u00a0dzia\u0142alno\u015bci zwi\u0105zanej z\u00a0kryptoaktywami. &#13;\n<\/p>\n<p>Polskie firmy nadal bez krajowych zezwole\u0144<\/p>\n<p>&#13;<br \/>\nBrak ustawy oznacza, \u017ce\u00a0krajowe podmioty nadal nie\u00a0b\u0119d\u0105 mog\u0142y uzyska\u0107 w\u00a0Polsce zezwole\u0144 wymaganych przez MiCA. Mo\u017cliwa pozostanie dzia\u0142alno\u015b\u0107 transgraniczna firm posiadaj\u0105cych licencj\u0119 wydan\u0105 w\u00a0innym pa\u0144stwie Unii Europejskiej. &#13;\n<\/p>\n<p>&#13;<br \/>\nRz\u0105d b\u0119dzie musia\u0142 przygotowa\u0107 kolejny projekt lub\u00a0poszuka\u0107 kompromisu z\u00a0prezydentem, je\u015bli chce stworzy\u0107 krajowe ramy nadzoru nad rynkiem kryptowalut. &#13;\n<\/p>\n<p>Rz\u0105d ostrzega\u0142 przed sankcjami finansowymi<\/p>\n<p>&#13;<br \/>\nWiceminister finans\u00f3w Jurand Drop przekonywa\u0142 podczas debaty, \u017ce\u00a0Komisja Europejska prowadzi wobec Polski post\u0119powanie zwi\u0105zane z\u00a0niewdro\u017ceniem przepis\u00f3w potrzebnych do\u00a0stosowania MiCA. Ostrzega\u0142, \u017ce\u00a0op\u00f3\u017anienia mog\u0105 zako\u0144czy\u0107 si\u0119 sankcjami finansowymi. Koalicja rz\u0105dz\u0105ca argumentowa\u0142a r\u00f3wnie\u017c, \u017ce\u00a0ustawa zwi\u0119kszy\u0142aby bezpiecze\u0144stwo klient\u00f3w i\u00a0u\u0142atwi\u0142a walk\u0119 z\u00a0nadu\u017cyciami na\u00a0rynku kryptowalut. &#13;\n<\/p>\n<p>&#13;<br \/>\nKarol Nawrocki, kt\u00f3ry 11 czerwca po\u00a0raz trzeci zawetowa\u0142 przepisy dotycz\u0105ce kryptoaktyw\u00f3w, przekonywa\u0142, \u017ce\u00a0rz\u0105dowa propozycja nadmiernie obci\u0105\u017ca bran\u017c\u0119 i\u00a0mo\u017ce wypchn\u0105\u0107 polskie firmy za\u00a0granic\u0119. Szef Kancelarii Prezydenta Zbigniew Bogucki zarzuca\u0142 rz\u0105dowi odrzucenie poprawek KPRP i\u00a0brak gotowo\u015bci do\u00a0wypracowania kompromisu. Podobne zastrze\u017cenia zg\u0142asza\u0142y PiS, Konfederacja oraz\u00a0Rozw\u00f3j Plus. &#13;\n<\/p>\n<p>&#13;<br \/>\nPo nieudanym g\u0142osowaniu weto pozostaje w\u00a0mocy. Aby\u00a0uregulowa\u0107 krajowy rynek kryptoaktyw\u00f3w, potrzebna b\u0119dzie nowa inicjatywa ustawodawcza. &#13;\n<\/p>\n<p>Tusk do\u00a0Kaczy\u0144skiego: Dzi\u015b sta\u0142e\u015b si\u0119 jednym z\u00a0nich<\/p>\n<p>&#13;<br \/>\nNa platformie X premier Donald Tusk osobi\u015bcie zwr\u00f3ci\u0142 si\u0119 do\u00a0Jaros\u0142awa Kaczy\u0144skiego. &#13;\n<\/p>\n<p>&#13;<br \/>\n\u201eJarku, kiedy\u015b gardzi\u0142e\u015b takimi lud\u017ami. Dzi\u015b sta\u0142e\u015b si\u0119 jednym z\u00a0nich\u201d. &#13;\n<\/p>\n<p>&#13;<br \/>\n   Czytaj te\u017c:<br \/><a href=\"https:\/\/www.wprost.pl\/kraj\/12432333\/afera-zondacrypto-prokuratura-bada-fundacje-wiplera.html\" rel=\"follow nofollow noopener\" data-schema=\"WPROST\" data-image=\"https:\/\/img.wprost.pl\/_thumb\/b2\/2f\/79d250bccb04f34acc6de043572d.jpeg\" target=\"_blank\">Afera Zondacrypto uderza w\u00a0Konfederacj\u0119. Czarne chmury nad Wiplerem<\/a>   Czytaj te\u017c:<br \/><a href=\"https:\/\/www.wprost.pl\/kraj\/12432597\/tusk-cytuje-fragmenty-zeznan-ws-zondacrytpo-uderza-w-ziobre-i-nawrockiego.html\" rel=\"follow nofollow noopener\" data-schema=\"WPROST\" data-image=\"https:\/\/img.wprost.pl\/_thumb\/ae\/12\/7c5d8f3934c7deb244ac56a90f75.jpeg\" target=\"_blank\">Tusk uderza w\u00a0Nawrockiego i\u00a0Ziobr\u0119. \u201eZbyszek obieca\u0142, \u017ce\u00a0ukr\u0119ci \u0142eb tym sprawom\u201d<\/a>&#13;<\/p>\n","protected":false},"excerpt":{"rendered":"&#13; Sejm nie\u00a0zdo\u0142a\u0142 odrzuci\u0107 prezydenckiego weta do\u00a0rz\u0105dowej ustawy o\u00a0rynku kryptoaktyw\u00f3w. Wniosek nie\u00a0uzyska\u0142 wymaganej wi\u0119kszo\u015bci trzech pi\u0105tych g\u0142os\u00f3w. Oznacza&hellip;\n","protected":false},"author":2,"featured_media":666720,"comment_status":"","ping_status":"","sticky":false,"template":"","format":"standard","meta":{"footnotes":"","_share_on_mastodon":"0"},"categories":[62713],"tags":[1345,690,49,77781,3835,907,423,61647,6158,8206,43315,129520,17994],"class_list":["post-666719","post","type-post","status-publish","format-standard","has-post-thumbnail","category-donald-tusk","tag-donald-tusk","tag-karol-nawrocki","tag-kraj","tag-kryptoaktywa","tag-kryptowaluty","tag-polityka","tag-sejm","tag-stanislaw-wegrowski","tag-ustawa","tag-weto","tag-wprost","tag-zbyszek","tag-zondacrypto"],"share_on_mastodon":{"url":"","error":""},"_links":{"self":[{"href":"https:\/\/www.europesays.com\/pl\/wp-json\/wp\/v2\/posts\/666719","targetHints":{"allow":["GET"]}}],"collection":[{"href":"https:\/\/www.europesays.com\/pl\/wp-json\/wp\/v2\/posts"}],"about":[{"href":"https:\/\/www.europesays.com\/pl\/wp-json\/wp\/v2\/types\/post"}],"author":[{"embeddable":true,"href":"https:\/\/www.europesays.com\/pl\/wp-json\/wp\/v2\/users\/2"}],"replies":[{"embeddable":true,"href":"https:\/\/www.europesays.com\/pl\/wp-json\/wp\/v2\/comments?post=666719"}],"version-history":[{"count":0,"href":"https:\/\/www.europesays.com\/pl\/wp-json\/wp\/v2\/posts\/666719\/revisions"}],"wp:featuredmedia":[{"embeddable":true,"href":"https:\/\/www.europesays.com\/pl\/wp-json\/wp\/v2\/media\/666720"}],"wp:attachment":[{"href":"https:\/\/www.europesays.com\/pl\/wp-json\/wp\/v2\/media?parent=666719"}],"wp:term":[{"taxonomy":"category","embeddable":true,"href":"https:\/\/www.europesays.com\/pl\/wp-json\/wp\/v2\/categories?post=666719"},{"taxonomy":"post_tag","embeddable":true,"href":"https:\/\/www.europesays.com\/pl\/wp-json\/wp\/v2\/tags?post=666719"}],"curies":[{"name":"wp","href":"https:\/\/api.w.org\/{rel}","templated":true}]}}