{"id":666753,"date":"2026-09-04T10:28:09","date_gmt":"2026-09-04T10:28:09","guid":{"rendered":"https:\/\/www.europesays.com\/pl\/666753\/"},"modified":"2026-09-04T10:28:09","modified_gmt":"2026-09-04T10:28:09","slug":"jednoznaczna-odpowiedz-polski-w-sprawie-organizacji-mundialu-z-ukraina","status":"publish","type":"post","link":"https:\/\/www.europesays.com\/pl\/666753\/","title":{"rendered":"Jednoznaczna odpowied\u017a Polski w sprawie organizacji mundialu z Ukrain\u0105"},"content":{"rendered":"<p>POLITICO ujawni\u0142o, \u017ce <a href=\"https:\/\/przegladsportowy.onet.pl\/pilka-nozna\/przelomowe-wiesci-chodzi-o-organizacje-mistrzostw-swiata-w-polsce\/txtp99y\" id=\"450b05d8-a202-4e47-a803-c26f7ea270b9\" rel=\"nofollow noopener\" target=\"_blank\">Ukrai\u0144cy chcieliby ponownie zorganizowa\u0107 wielk\u0105 pi\u0142karsk\u0105 imprez\u0119 we wsp\u00f3\u0142pracy z Polsk\u0105<\/a>. Tym razem jednak nie by\u0142yby to mistrzostwa Europy jak w 2012 r., a mistrzostwa \u015bwiata. Polska rozwa\u017ca t\u0119 mo\u017cliwo\u015b\u0107 \u2014 wynika\u0142o ze s\u0142\u00f3w rozm\u00f3wcy, kt\u00f3ry zosta\u0142 poinformowany o stanowisku polskiego rz\u0105du.Dalszy ci\u0105g artyku\u0142u pod materia\u0142em wideoNie b\u0119dzie mundialu w Polsce i Ukrainie. Ministerstwo jasno odpowiada<a href=\"https:\/\/przegladsportowy.onet.pl\/\" title=\"Strona g\u0142\u00f3wna serwisu\" aria-label=\"Strona g\u0142\u00f3wna serwisu\" data-astro-prefetch=\"tap\" class=\"ods-a-logo-main-desktop\" rel=\"nofollow noopener\" target=\"_blank\"><img src=\"https:\/\/cdn.przegladsportowy.onet.pl\/img\/Logo_desktop_Onet.svg\" class=\"ods-a-logo-main-desktop__image\" alt=\"Logo\" width=\"107\" height=\"60\" fetchpriority=\"high\" decoding=\"sync\" style=\"height:60px\"\/><\/a><\/p>\n<p class=\"ods-m-google-article__text\">Czytaj nas cz\u0119\u015bciej w Google<\/p>\n<p><a href=\"https:\/\/google.com\/preferences\/source?q=przegladsportowy.onet.pl\" target=\"_blank\" rel=\"noopener noreferrer nofollow\" aria-label=\"Dodaj w Google\" title=\"Dodaj w Google\" class=\"ods-a-button ods-a-button__primary ods-a-button__default ods-a-button-l\">Dodaj w Google<\/a><\/p>\n<p>Jak si\u0119 jednak okazuje, rz\u0105d dementuje te doniesienia. Zwr\u00f3cili\u015bmy si\u0119 z oficjalnym zapytaniem do Ministerstwa Sportu i Turystyki i otrzymali\u015bmy jednoznaczn\u0105 odpowied\u017a, z kt\u00f3rej wynika, \u017ce takie plany w tym momencie nie wchodz\u0105 w gr\u0119 i nie ma \u017cadnych rozm\u00f3w z s\u0105siadami ze Wschodu.<\/p>\n<p>&#8222;Dzie\u0144 dobry Panie Redaktorze, w nawi\u0105zaniu do rozmowy informuj\u0119, \u017ce Ministerstwo Sportu i Turystyki nie prowadzi rozm\u00f3w ze stron\u0105 ukrai\u0144sk\u0105 na temat organizacji mistrzostw \u015bwiata w pi\u0142ce no\u017cnej&#8221; \u2014 przekaza\u0142o nam w kr\u00f3tkim komunikacie ministerstwo. To w\u0142a\u015bciwie w tej chwili zamyka temat organizacji mundialu.<\/p>\n<p>Przypomnijmy s\u0142owa ministra sportu Ukrainy. \u2014 Najbli\u017cszy wolny termin mistrzostw \u015bwiata przypada gdzie\u015b w latach 40. tego wieku, dlatego ju\u017c teraz musimy planowa\u0107 z my\u015bl\u0105 o tej perspektywie. Bardzo logiczne by\u0142oby powt\u00f3rzenie tego udanego rozwi\u0105zania \u2014 m\u00f3wi\u0142 na \u0142amach POLITICO Matwij Bidny o ewentualnej organizacji M\u015a z Polsk\u0105.<\/p>\n","protected":false},"excerpt":{"rendered":"POLITICO ujawni\u0142o, \u017ce Ukrai\u0144cy chcieliby ponownie zorganizowa\u0107 wielk\u0105 pi\u0142karsk\u0105 imprez\u0119 we wsp\u00f3\u0142pracy z Polsk\u0105. Tym razem jednak nie&hellip;\n","protected":false},"author":2,"featured_media":666754,"comment_status":"","ping_status":"","sticky":false,"template":"","format":"standard","meta":{"footnotes":"","_share_on_mastodon":"0"},"categories":[24],"tags":[128177,61195,92949,73169,10867,48,46,948,42,38,40,39,41,47,127,126,415,130,128178],"class_list":["post-666753","post","type-post","status-publish","format-standard","has-post-thumbnail","category-sport","tag-adshield_tst2","tag-bottomfeed_styl","tag-ministerstwo_sportu","tag-mistrzostwa_swiata_w_pilce_noznej","tag-mundial","tag-nat_styl","tag-omp","tag-pilka_nozna","tag-pl","tag-poland","tag-polish","tag-polska","tag-polski","tag-screening_general","tag-sport","tag-sports","tag-ukraina","tag-wiadomosci_sportowe","tag-wthl_off"],"share_on_mastodon":{"url":"https:\/\/pubeurope.com\/@pl\/117212304457454388","error":""},"_links":{"self":[{"href":"https:\/\/www.europesays.com\/pl\/wp-json\/wp\/v2\/posts\/666753","targetHints":{"allow":["GET"]}}],"collection":[{"href":"https:\/\/www.europesays.com\/pl\/wp-json\/wp\/v2\/posts"}],"about":[{"href":"https:\/\/www.europesays.com\/pl\/wp-json\/wp\/v2\/types\/post"}],"author":[{"embeddable":true,"href":"https:\/\/www.europesays.com\/pl\/wp-json\/wp\/v2\/users\/2"}],"replies":[{"embeddable":true,"href":"https:\/\/www.europesays.com\/pl\/wp-json\/wp\/v2\/comments?post=666753"}],"version-history":[{"count":0,"href":"https:\/\/www.europesays.com\/pl\/wp-json\/wp\/v2\/posts\/666753\/revisions"}],"wp:featuredmedia":[{"embeddable":true,"href":"https:\/\/www.europesays.com\/pl\/wp-json\/wp\/v2\/media\/666754"}],"wp:attachment":[{"href":"https:\/\/www.europesays.com\/pl\/wp-json\/wp\/v2\/media?parent=666753"}],"wp:term":[{"taxonomy":"category","embeddable":true,"href":"https:\/\/www.europesays.com\/pl\/wp-json\/wp\/v2\/categories?post=666753"},{"taxonomy":"post_tag","embeddable":true,"href":"https:\/\/www.europesays.com\/pl\/wp-json\/wp\/v2\/tags?post=666753"}],"curies":[{"name":"wp","href":"https:\/\/api.w.org\/{rel}","templated":true}]}}