{"id":666767,"date":"2026-09-04T10:36:08","date_gmt":"2026-09-04T10:36:08","guid":{"rendered":"https:\/\/www.europesays.com\/pl\/666767\/"},"modified":"2026-09-04T10:36:08","modified_gmt":"2026-09-04T10:36:08","slug":"bogucki-uderza-w-tuska-pan-jest-kryptopremierem","status":"publish","type":"post","link":"https:\/\/www.europesays.com\/pl\/666767\/","title":{"rendered":"Bogucki uderza w Tuska. &#8222;Pan jest kryptopremierem&#8221;"},"content":{"rendered":"\n<p>&#13;<br \/>\nSejm w\u00a0pi\u0105tek <a href=\"https:\/\/dorzeczy.pl\/kraj\/938080\/trzecia-proba-odrzucenia-weta-prezydenta-sejm-zaglosowal.html\" rel=\"nofollow noopener\" target=\"_blank\">nie odrzuci\u0142 trzeciego prezydenckiego<\/a> weta w\u00a0sprawie ustawy o\u00a0rynku kryptoaktyw\u00f3w &#13;\n<\/p>\n<p>Bogucki \u017c\u0105da ujawnienia materia\u0142\u00f3w z\u00a0umorzonych \u015bledztw dot. Zondacrypto i\u00a0BitBay<\/p>\n<p>&#13;<br \/>\nZbigniew Bogucki, szef Kancelarii Prezydenta RP, powiedzia\u0142 \u2013\u00a0zwracaj\u0105c si\u0119 do\u00a0premiera Donalda Tuska \u2013\u00a0podczas debaty przed pr\u00f3ba odrzucenia weta, \u017ce\u00a0&#8222;kandydata, kt\u00f3ry nie\u00a0chcia\u0142 regulacji rynku kryptoaktyw\u00f3w, niech pan sobie przypomni jego wypowied\u017a, pan go\u00a0popiera\u0142&#8221;. &#13;\n<\/p>\n<p>&#13;<br \/>\n\u2013 Czyli rozumiem, gdyby dzisiaj Rafa\u0142 Trzaskowski by\u0142 prezydentem, to\u00a0rozumiem, \u017ce\u00a0nie by\u0142oby regulacji rynku kryptoaktyw\u00f3w \u2013\u00a0m\u00f3wi\u0142. &#13;\n<\/p>\n<p>&#13;<br \/>\nZauwa\u017cy\u0142, \u017ce\u00a0szef rz\u0105du &#8222;lubi si\u0119 powo\u0142ywa\u0107 na\u00a0\u015bledztwa&#8221;. &#13;\n<\/p>\n<p>&#13;<br \/>\n\u2013 Ja wnioskuj\u0119 \u2013\u00a0i\u00a0w imieniu prezydenta i\u00a0w\u00a0imieniu Polak\u00f3w \u2013\u00a0\u017ceby pan ujawni\u0142 umorzenia, kt\u00f3re dokona\u0142y si\u0119 w\u00a0czasie pana rz\u0105du, a\u00a0wie pan, kiedy umorzyli\u015bcie \u015bledztwa? Umorzyli\u015bcie \u015bledztwa dotycz\u0105ce Zondycrypto, BitBay&#8217;a, jedno w\u00a0kwietniu 2024 roku, czyta\u0142 pan to\u00a0umorzenie? Czyta\u0142 pan to\u00a0umorzenie, te\u017c panu to\u00a0prokuratura przedstawi\u0142a? \u2013\u00a0zapyta\u0142. &#13;\n<\/p>\n<p>&#13;<br \/>\nZbigniew Bogucki przypomnia\u0142, \u017ce\u00a0&#8222;drugie \u015bledztwo, w\u00a0lutym 2025 roku&#8221;. \u2013\u00a0Czyta\u0142 pan to\u00a0umorzenie i\u00a0te zeznania? Pyta\u0142 pan swoich ministr\u00f3w sprawiedliwo\u015bci, prokurator\u00f3w generalnych, dlaczego te\u00a0\u015bledztwa nie\u00a0by\u0142y prowadzone? \u017b\u0105dam w\u00a0imieniu prezydenta i\u00a0\u017c\u0105dam w\u00a0imieniu Polak\u00f3w ujawnienia materia\u0142\u00f3w z\u00a0tych \u015bledztw, dlaczego zosta\u0142y umorzone, jakie by\u0142y podstawy i\u00a0w\u00a0czyim interesie to\u00a0by\u0142o \u2013\u00a0doda\u0142. &#13;\n<\/p>\n<p>Bogucki uderza w\u00a0Giertycha<\/p>\n<p>&#13;<br \/>\nPrzypomnia\u0142, \u017ce\u00a0Roman Giertych, kt\u00f3ry jest obro\u0144c\u0105 prezesa Zondacryoto, &#8222;pyta\u0142 mnie o\u00a0moje powi\u0105zania z\u00a0Kralem, cz\u0142owiekiem, kt\u00f3rego nie\u00a0widzia\u0142em, nie\u00a0rozmawia\u0142em, nie\u00a0mam z\u00a0nim \u017cadnego kontaktu&#8221;. &#13;\n<\/p>\n<p>&#13;<br \/>\n\u2013 To\u00a0ja dzisiaj pytam pana, panie premierze Tusk i\u00a0pytam pana, panie mecenasie Giertych, czy\u00a0wtedy, kiedy zadawa\u0142 mi pan to\u00a0sugeruj\u0105ce, k\u0142amliwe pytanie, tylko po\u00a0to, \u017ceby zasia\u0107 w\u0105tpliwo\u015b\u0107, w\u00a0spos\u00f3b bezczelny i\u00a0taki k\u0142amliwy, czy\u00a0pan ju\u017c wtedy kontaktowa\u0142 si\u0119 z\u00a0Kralem? \u2013\u00a0pyta\u0142. &#13;\n<\/p>\n<p>&#13;<br \/>\nZwracaj\u0105c si\u0119 do\u00a0Romana Giertycha, prezydencki minister zapyta\u0142: &#8222;Czy pan wtedy ju\u017c mia\u0142 z\u00a0nim kontakt?&#8221;. &#13;\n<\/p>\n<p>&#13;<br \/>\n\u2013 Kiedy pan nawi\u0105za\u0142 kontakt z\u00a0Kralem? Dlaczego zdecydowa\u0142 si\u0119 pan \u2013\u00a0i\u00a0to pokazuje kolejny akt hipokryzji \u2013\u00a0dlaczego pan si\u0119 zdecydowa\u0142 zosta\u0107 obro\u0144c\u0105 cz\u0142owieka, o\u00a0kt\u00f3rym pana premier, Donald Tusk, m\u00f3wi, \u017ce\u00a0jest cz\u0142owiekiem ruskiej mafii? \u2013\u00a0zapyta\u0142. &#13;\n<\/p>\n<p>Bogucki do\u00a0Tuska: To\u00a0jest kryptopa\u0144stwo, a\u00a0pan jest kryptopremierem<\/p>\n<p>&#13;<br \/>\nSzef Kancelarii Prezydenta RP zauwa\u017cy\u0142, \u017ce\u00a0\u201ekolejne k\u0142amstwo, tutaj adres do\u00a0ministra \u017burka i\u00a0do tej ca\u0142ej narracji, m\u00f3wicie, \u017ce\u00a0nie ma\u00a0ustawy, nie\u00a0macie jak dzia\u0142a\u0107\u201d. &#13;\n<\/p>\n<p>&#13;<br \/>\n\u2013 Tak, to\u00a0\u015bledztwo pokazuje, \u017ce\u00a0macie jak dzia\u0142a\u0107, ale\u00a0co\u00a0robi minister \u017burek wobec pokrzywdzonych? Nie\u00a0wszczyna europejskich procedur (\u2026) tylko m\u00f3wi, \u017ce\u00a0piszcie gdzie\u015b tam na\u00a0Estoni\u0119, mo\u017ce oni wam odpowiedz\u0105 \u2013\u00a0podkre\u015bli\u0142. &#13;\n<\/p>\n<p>&#13;<br \/>\nZbigniew Bogucki zapyta\u0142: &#8222;Gdzie jest pa\u0144stwo polskie?&#8221;. &#13;\n<\/p>\n<p>&#13;<br \/>\n\u2013 To\u00a0jest kryptopa\u0144stwo, a\u00a0pan jest kryptopremierem \u2013\u00a0powiedzia\u0142, zwracaj\u0105c si\u0119 do\u00a0Donalda Tuska. &#13;\n<\/p>\n<p>&#13;<br \/>\n   Czytaj te\u017c:<br \/><a href=\"https:\/\/dorzeczy.pl\/kraj\/938038\/kosiniak-kamysz-grzmi-po-slowach-boguckiego-nigdy-dotad.html\" rel=\"follow nofollow noopener\" data-schema=\"DORZECZY\" data-image=\"https:\/\/img.dorzeczy.pl\/_thumb\/9d\/f6\/81c7505b70fde459d3e190238c2a.jpeg\" target=\"_blank\">Kosiniak-Kamysz grzmi po\u00a0s\u0142owach Boguckiego. &#8222;Nigdy dot\u0105d przedstawiciel prezydenta&#8221;<\/a>   Czytaj te\u017c:<br \/><a href=\"https:\/\/dorzeczy.pl\/kraj\/938029\/bogucki-nie-wytrzymal-ws-berka-nie-znacie-czym-jest-wstyd.html\" rel=\"follow nofollow noopener\" data-schema=\"DORZECZY\" data-image=\"https:\/\/img.dorzeczy.pl\/_thumb\/6a\/2e\/249d25c6144c68557ca3e78718ce.jpeg\" target=\"_blank\">Bogucki nie\u00a0wytrzyma\u0142 w\u00a0Sejmie. &#8222;Nie znacie, czym jest wstyd&#8221;<\/a> &#13;<\/p>\n","protected":false},"excerpt":{"rendered":"&#13; Sejm w\u00a0pi\u0105tek nie odrzuci\u0142 trzeciego prezydenckiego weta w\u00a0sprawie ustawy o\u00a0rynku kryptoaktyw\u00f3w &#13; Bogucki \u017c\u0105da ujawnienia materia\u0142\u00f3w z\u00a0umorzonych&hellip;\n","protected":false},"author":2,"featured_media":666768,"comment_status":"","ping_status":"","sticky":false,"template":"","format":"standard","meta":{"footnotes":"","_share_on_mastodon":"0"},"categories":[62713],"tags":[1345,98,49,102,101,7978,18354,17994],"class_list":["post-666767","post","type-post","status-publish","format-standard","has-post-thumbnail","category-donald-tusk","tag-donald-tusk","tag-dorzeczy","tag-kraj","tag-opinie","tag-premier","tag-roman-giertych","tag-zbigniew-bogucki","tag-zondacrypto"],"share_on_mastodon":{"url":"https:\/\/pubeurope.com\/@pl\/117212334487887547","error":""},"_links":{"self":[{"href":"https:\/\/www.europesays.com\/pl\/wp-json\/wp\/v2\/posts\/666767","targetHints":{"allow":["GET"]}}],"collection":[{"href":"https:\/\/www.europesays.com\/pl\/wp-json\/wp\/v2\/posts"}],"about":[{"href":"https:\/\/www.europesays.com\/pl\/wp-json\/wp\/v2\/types\/post"}],"author":[{"embeddable":true,"href":"https:\/\/www.europesays.com\/pl\/wp-json\/wp\/v2\/users\/2"}],"replies":[{"embeddable":true,"href":"https:\/\/www.europesays.com\/pl\/wp-json\/wp\/v2\/comments?post=666767"}],"version-history":[{"count":0,"href":"https:\/\/www.europesays.com\/pl\/wp-json\/wp\/v2\/posts\/666767\/revisions"}],"wp:featuredmedia":[{"embeddable":true,"href":"https:\/\/www.europesays.com\/pl\/wp-json\/wp\/v2\/media\/666768"}],"wp:attachment":[{"href":"https:\/\/www.europesays.com\/pl\/wp-json\/wp\/v2\/media?parent=666767"}],"wp:term":[{"taxonomy":"category","embeddable":true,"href":"https:\/\/www.europesays.com\/pl\/wp-json\/wp\/v2\/categories?post=666767"},{"taxonomy":"post_tag","embeddable":true,"href":"https:\/\/www.europesays.com\/pl\/wp-json\/wp\/v2\/tags?post=666767"}],"curies":[{"name":"wp","href":"https:\/\/api.w.org\/{rel}","templated":true}]}}