{"id":666785,"date":"2026-09-04T10:49:14","date_gmt":"2026-09-04T10:49:14","guid":{"rendered":"https:\/\/www.europesays.com\/pl\/666785\/"},"modified":"2026-09-04T10:49:14","modified_gmt":"2026-09-04T10:49:14","slug":"z-medalikami-na-bulgarskiej-radio-poznan","status":"publish","type":"post","link":"https:\/\/www.europesays.com\/pl\/666785\/","title":{"rendered":"Z &#8222;Medalikami&#8221; na Bu\u0142garskiej! &#8211; Radio Pozna\u0144"},"content":{"rendered":"<p>Z pozoru wi\u0119c Lechici powinni spodziewa\u0107 si\u0119 w miar\u0119 spokojnego boju, bo pi\u0142karze z Cz\u0119stochowy nie s\u0105 wolni od klubowych problem\u00f3w. Fatalna postawa w dogrywce meczu o awans do Ligi Konferencji z Hajdukiem Split i \u0142omot od Jagiellonii w poprzedniej kolejce sprawiaj\u0105, \u017ce dawne dzie\u0142o Marka Papszuna pod wodz\u0105 Dawida Kroczka zosta\u0142o mocno spatynowane. Prze\u0142omu nie by\u0142o te\u017c w czwartek, gdy ju\u017c nie z Kroczkiem, a pod batut\u0105 dobrze znanego kibicom Warty \u2013 Dawida Szulczka Rak\u00f3w przegra\u0142 te\u017c u siebie z G\u00f3rnikiem Zabrze. Podobno jeszcze w Poznaniu ten szkoleniowiec ma poprowadzi\u0107 dru\u017cyn\u0119, ale pod Jasn\u0105 G\u00f3r\u0105 sytuacja jest dynamiczna. M\u00f3wi si\u0119, \u017ce za trenerskim sterem w cz\u0119stochowskim klubie ma stan\u0105\u0107 kontrowersyjny Goncalo Feio.<\/p>\n<p>Tak czy owak odbudowanie tego zespo\u0142u mo\u017ce okaza\u0107 si\u0119 bardzo trudne, bo wielu z zawodnik\u00f3w jest wyra\u017anie znu\u017conych. Sporo b\u0142\u0119d\u00f3w m\u015bci si\u0119 na ambicjach Rakowa i jego w\u0142a\u015bciciela. Nie b\u0142yszczy bramkarz Trelowski, dawnego herosa nie przypomina Fran Tudor, nie spe\u0142nia nadmiernie oczekiwa\u0107 Patryk Makuch, a i W\u0142adys\u0142aw Koczerhin niezbyt dobrze odnajduje si\u0119 w wyka\u0144czaniu akcji golami. To jednak zmartwienie Cz\u0119stochowian, a pi\u0142karzom Kolejorza nie powinno przyj\u015b\u0107 do g\u0142owy wyci\u0105ganie pomocnej d\u0142oni, ale \u2013 co by\u0142oby jeszcze gorsze \u2013 zlekcewa\u017cenie pozornie pod\u0142amanego mentalnie przeciwnika.<\/p>\n<p>Po zwyci\u0119skim spotkaniu z Jagielloni\u0105 w ostatni czwartek ekipa trenera Nielsa Frederiksena jest liderem tabeli, maj\u0105c nawet w zanadrzu zaleg\u0142e spotkanie z Wis\u0142\u0105 P\u0142ock. Jest dobrze, a poza tym systematycznie powracaj\u0105 do zespo\u0142u kontuzjowani do niedawna futboli\u015bci tacy jak Ishak, Agnero czy Bengtsson. Tego obrazu nie mo\u017ce zm\u0105ci\u0107 nawet uraz Antoniego Kozubala. \u015awietne s\u0105 te\u017c wej\u015bcia rezerwowych, co najlepiej udowodni\u0142 Robert Gumny. Warto te\u017c zauwa\u017cy\u0107, \u017ce Kolejorz gra z impetem do ko\u0144ca. Potwierdzi\u0142y to gole w \u0141odzi i w starciu z Jag\u0105. Liczymy jednak na to, \u017ce w niedziel\u0119 niebiesko-biali b\u0119d\u0105 potrafili nie nara\u017ca\u0107 fan\u00f3w na nerwow\u0105 ko\u0144c\u00f3wk\u0119 spotkania i przewag\u0119 nad rywalami udokumentuj\u0105 trafieniami nieco wcze\u015bniej. Oby tak si\u0119 sta\u0142o\u2026<\/p>\n<p>Na antenie Radia Pozna\u0144 w niedziel\u0119 6 wrze\u015bnia ju\u017c od godziny 17.05 specjalne wydanie audycji &#8222;W sportowym rytmie&#8221;. W jej ramach na naszej antenie i tak\u017ce w przekazie internetowym na www.radiopoznan.fm\u00a0od 17.30 transmisja meczu 7.kolejki PKO BP Ekstraklasy Kolejorza z Rakowem Cz\u0119stochowa. Z trybuny prasowej Enea Stadionu to spotkanie skomentuj\u0105 Krzysztof Ratajczak i Wojciech Bernard. Zapraszamy i polecamy!<\/p>\n","protected":false},"excerpt":{"rendered":"Z pozoru wi\u0119c Lechici powinni spodziewa\u0107 si\u0119 w miar\u0119 spokojnego boju, bo pi\u0142karze z Cz\u0119stochowy nie s\u0105 wolni&hellip;\n","protected":false},"author":2,"featured_media":666786,"comment_status":"","ping_status":"","sticky":false,"template":"","format":"standard","meta":{"footnotes":"","_share_on_mastodon":"0"},"categories":[51609],"tags":[42,38,40,39,41,1817],"class_list":["post-666785","post","type-post","status-publish","format-standard","has-post-thumbnail","category-poznan","tag-pl","tag-poland","tag-polish","tag-polska","tag-polski","tag-poznan"],"share_on_mastodon":{"url":"https:\/\/pubeurope.com\/@pl\/117212385384761799","error":""},"_links":{"self":[{"href":"https:\/\/www.europesays.com\/pl\/wp-json\/wp\/v2\/posts\/666785","targetHints":{"allow":["GET"]}}],"collection":[{"href":"https:\/\/www.europesays.com\/pl\/wp-json\/wp\/v2\/posts"}],"about":[{"href":"https:\/\/www.europesays.com\/pl\/wp-json\/wp\/v2\/types\/post"}],"author":[{"embeddable":true,"href":"https:\/\/www.europesays.com\/pl\/wp-json\/wp\/v2\/users\/2"}],"replies":[{"embeddable":true,"href":"https:\/\/www.europesays.com\/pl\/wp-json\/wp\/v2\/comments?post=666785"}],"version-history":[{"count":0,"href":"https:\/\/www.europesays.com\/pl\/wp-json\/wp\/v2\/posts\/666785\/revisions"}],"wp:featuredmedia":[{"embeddable":true,"href":"https:\/\/www.europesays.com\/pl\/wp-json\/wp\/v2\/media\/666786"}],"wp:attachment":[{"href":"https:\/\/www.europesays.com\/pl\/wp-json\/wp\/v2\/media?parent=666785"}],"wp:term":[{"taxonomy":"category","embeddable":true,"href":"https:\/\/www.europesays.com\/pl\/wp-json\/wp\/v2\/categories?post=666785"},{"taxonomy":"post_tag","embeddable":true,"href":"https:\/\/www.europesays.com\/pl\/wp-json\/wp\/v2\/tags?post=666785"}],"curies":[{"name":"wp","href":"https:\/\/api.w.org\/{rel}","templated":true}]}}